{"id":300142,"date":"2025-08-06T10:26:11","date_gmt":"2025-08-06T10:26:11","guid":{"rendered":"https:\/\/www.europesays.com\/fr\/300142\/"},"modified":"2025-08-06T10:26:11","modified_gmt":"2025-08-06T10:26:11","slug":"a-marseille-un-appartement-de-fernand-pouillon-a-vendre-pour-moins-de-250-000-euros","status":"publish","type":"post","link":"https:\/\/www.europesays.com\/fr\/300142\/","title":{"rendered":"\u00c0 Marseille, un appartement de Fernand Pouillon \u00e0 vendre pour moins de 250 000 euros"},"content":{"rendered":"<p>Labellis\u00e9 Patrimoine du XXe si\u00e8cle, le Building Canebi\u00e8re r\u00e9alis\u00e9 en 1952 m\u00eale esth\u00e9tique classique et modernit\u00e9. Id\u00e9alement nich\u00e9 au c\u0153ur de Marseille, le Building de la Canebi\u00e8re propose des pieds-\u00e0-terre singuliers, \u00e0 quelques stations du Vieux-Port, dans le Ier arrondissement. Articul\u00e9 autour d\u2019un noyau circulaire, l\u2019immeuble abrite un ascenseur et des marches d\u00e9mesur\u00e9es pour acc\u00e9der aux appartements spacieux. \u00c9clair\u00e9 par des parties de murs en briques de verre, l\u2019immeuble est r\u00e9nov\u00e9 en 2018 pour lui rendre sa splendeur des temps r\u00e9volus.<\/p>\n<p>Un int\u00e9rieur baign\u00e9 de lumi\u00e8re gr\u00e2ce \u00e0 ses nombreuses fen\u00eatres<\/p>\n<p>Les larges baies vitr\u00e9es qui invitent la lumi\u00e8re dans l&rsquo;espace.<\/p>\n<p>\u00a9 Architecture de Collection<\/p>\n<p>Cadr\u00e9 par des cloisons en <a href=\"https:\/\/www.admagazine.fr\/article\/idees-associer-bois-blanc-cuisine\" target=\"_blank\" rel=\"noopener\">bois<\/a> naturel, l\u2019appartement de 52,36 m\u00e8tres carr\u00e9s s\u2019ouvre sur un <a href=\"https:\/\/www.admagazine.fr\/article\/guide-salon-assises-adopter\" target=\"_blank\" rel=\"noopener\">salon<\/a> inond\u00e9 de lumi\u00e8re naturelle qui transperce les larges baies vitr\u00e9es. Fra\u00eechement r\u00e9am\u00e9nag\u00e9 par un cabinet de design parisien pour optimiser l\u2019espace, le charmant havre de paix \u00ab\u00a0se structure autour d\u2019une ossature centrale en bois naturel, con\u00e7ue comme un meuble unitaire \u00e0 la fois fonctionnel et sculptural\u00a0\u00bb, pr\u00e9cise l\u2019agence immobili\u00e8re. Pens\u00e9s comme des cloisons pour d\u00e9finir les espaces int\u00e9rieurs et segmenter chaque pi\u00e8ce, les boiseries apparentes s\u2019imbriquent avec justesse dans le lieu intime et chaleureux. \u00c0 la mani\u00e8re des lofts new-yorkais, l\u2019appartement ouvert promet une spatialit\u00e9 traditionnelle, partiellement d\u00e9limit\u00e9e sans pour autant \u00eatre fragment\u00e9e. La d\u00e9ambulation se fait fluide \u00e0 travers ce petit espace marqu\u00e9 par les ann\u00e9es 1950.<\/p>\n<p>L\u2019appartement dans le Building de la Canebi\u00e8re r\u00e9alis\u00e9 par Fernand Pouillon \u00e0 Marseille, est \u00e0 vendre pour 247 500 \u20ac par l\u2019agence Architecture de Collection.<\/p>\n<p><a data-offer-url=\"https:\/\/www.architecturedecollection.fr\/produit\/appartement-contemporain-designer-building-canebiere-marseille-fernand-pouillon-architecte\/\" class=\"external-link\" data-event-click=\"{&quot;element&quot;:&quot;ExternalLink&quot;,&quot;outgoingURL&quot;:&quot;https:\/\/www.architecturedecollection.fr\/produit\/appartement-contemporain-designer-building-canebiere-marseille-fernand-pouillon-architecte\/&quot;}\" href=\"https:\/\/www.architecturedecollection.fr\/produit\/appartement-contemporain-designer-building-canebiere-marseille-fernand-pouillon-architecte\/\" rel=\"nofollow noopener\" target=\"_blank\">www.architecturedecollection.fr<\/a><\/p>\n<p>Vue de la salle \u00e0 manger et du salon dans l&rsquo;appartement sign\u00e9 Fernand Pouillon.<\/p>\n<p>\u00a9 Architecture de Collection<\/p>\n<p>Qui \u00e9tait Fernand Pouillon ?<\/p>\n<p>Fernand Pouillon est un architecte, urbaniste, \u00e9crivain et entrepreneur fran\u00e7ais n\u00e9 \u00e0 Cancon (Lot-et-Garonne) le 14 mai 1912 et mort \u00e0 Belcastel (Aveyron) le 24 juillet 1986. Il commence ses \u00e9tudes d\u2019architecture \u00e0 l\u2019\u00c9cole des Beaux-Arts de Marseille \u00e0 l&rsquo;\u00e2ge de 17 ans, puis poursuit \u00e0 Paris. Il obtient son dipl\u00f4me d\u2019architecte en 1942, bien qu\u2019il commence \u00e0 travailler dans ce domaine d\u00e8s les ann\u00e9es 1930. Fernand Pouillon se fait conna\u00eetre dans les ann\u00e9es 1940 et 1950, d\u2019abord \u00e0 Marseille o\u00f9 il r\u00e9alise plusieurs ensembles d\u2019habitations pour r\u00e9pondre \u00e0 la crise du logement d\u2019apr\u00e8s-guerre. Il est d&rsquo;ailleurs notamment c\u00e9l\u00e8bre pour ses constructions de logements sociaux esth\u00e9tiques, durables et abordables. \u00c0 Boulogne-Billancourt, Fernand Pouillon imagine le vaste ensemble de logements <a href=\"https:\/\/www.admagazine.fr\/architecture\/balade\/diaporama\/le-point-du-jour-ou-la-beaute-pour-tous\/54574\" target=\"_blank\" rel=\"noopener\">Le Point-du-Jour<\/a> \u2014 il voulait faire son manifeste pour une vie meilleure. \u00ab Plus le logement est modeste, plus l\u2019architecture doit \u00eatre monumentale \u00bb, d\u00e9clamait-il. Ainsi sortirent de terre les 25 b\u00e2timents de ce programme, qu\u2019il consid\u00e9rait comme le plus proche de son id\u00e9al : \u00ab Il y aura des jardins f\u00e9eriques pour le pi\u00e9ton tandis que les voitures se faufileront confortablement au pied des immeubles. \u00bb Ainsi qu\u2019une tour de 15 \u00e9tages, un bassin agr\u00e9ment\u00e9 d\u2019une sculpture, une fa\u00e7ade recouverte de feuille d\u2019or (aujourd\u2019hui restaur\u00e9e en aluminium dor\u00e9), de la pierre toujours, et du verre pour refl\u00e9ter le ciel.<\/p>\n","protected":false},"excerpt":{"rendered":"Labellis\u00e9 Patrimoine du XXe si\u00e8cle, le Building Canebi\u00e8re r\u00e9alis\u00e9 en 1952 m\u00eale esth\u00e9tique classique et modernit\u00e9. Id\u00e9alement nich\u00e9&hellip;\n","protected":false},"author":2,"featured_media":300143,"comment_status":"","ping_status":"","sticky":false,"template":"","format":"standard","meta":{"footnotes":""},"categories":[2814],"tags":[29857,1111,11,1777,674,44047,1011,27,1965,884,12,882,25],"class_list":{"0":"post-300142","1":"post","2":"type-post","3":"status-publish","4":"format-standard","5":"has-post-thumbnail","7":"category-marseille","8":"tag-a-vendre","9":"tag-actu","10":"tag-actualites","11":"tag-eu","12":"tag-europe","13":"tag-fernand-pouillon","14":"tag-fr","15":"tag-france","16":"tag-maisons-a-vendre","17":"tag-marseille","18":"tag-news","19":"tag-provence-alpes-cote-dazur","20":"tag-republique-francaise"},"share_on_mastodon":{"url":"https:\/\/pubeurope.com\/@fr\/114981344610629384","error":""},"_links":{"self":[{"href":"https:\/\/www.europesays.com\/fr\/wp-json\/wp\/v2\/posts\/300142","targetHints":{"allow":["GET"]}}],"collection":[{"href":"https:\/\/www.europesays.com\/fr\/wp-json\/wp\/v2\/posts"}],"about":[{"href":"https:\/\/www.europesays.com\/fr\/wp-json\/wp\/v2\/types\/post"}],"author":[{"embeddable":true,"href":"https:\/\/www.europesays.com\/fr\/wp-json\/wp\/v2\/users\/2"}],"replies":[{"embeddable":true,"href":"https:\/\/www.europesays.com\/fr\/wp-json\/wp\/v2\/comments?post=300142"}],"version-history":[{"count":0,"href":"https:\/\/www.europesays.com\/fr\/wp-json\/wp\/v2\/posts\/300142\/revisions"}],"wp:featuredmedia":[{"embeddable":true,"href":"https:\/\/www.europesays.com\/fr\/wp-json\/wp\/v2\/media\/300143"}],"wp:attachment":[{"href":"https:\/\/www.europesays.com\/fr\/wp-json\/wp\/v2\/media?parent=300142"}],"wp:term":[{"taxonomy":"category","embeddable":true,"href":"https:\/\/www.europesays.com\/fr\/wp-json\/wp\/v2\/categories?post=300142"},{"taxonomy":"post_tag","embeddable":true,"href":"https:\/\/www.europesays.com\/fr\/wp-json\/wp\/v2\/tags?post=300142"}],"curies":[{"name":"wp","href":"https:\/\/api.w.org\/{rel}","templated":true}]}}