{"id":300144,"date":"2025-08-06T10:27:11","date_gmt":"2025-08-06T10:27:11","guid":{"rendered":"https:\/\/www.europesays.com\/fr\/300144\/"},"modified":"2025-08-06T10:27:11","modified_gmt":"2025-08-06T10:27:11","slug":"cette-boucherie-du-8e-ecope-dune-fermeture-administrative","status":"publish","type":"post","link":"https:\/\/www.europesays.com\/fr\/300144\/","title":{"rendered":"cette boucherie du 8e \u00e9cope d\u2019une fermeture administrative"},"content":{"rendered":"<p>La liste d\u2019infractions sanitaires reproch\u00e9es \u00e0 la Bouche Rit, boucherie du 8e  arrondissement de Lyon est longue. On en compte seize, du d\u00e9faut de nettoyage des locaux au risque de contamination chimique, en passant par l\u2019absence d\u2019analyse, de dispositifs pour se laver les mains, ou de contr\u00f4le des marchandises.<\/p>\n<p>Il s\u2019agit du deuxi\u00e8me<a href=\"https:\/\/www.leprogres.fr\/faits-divers-justice\/2024\/04\/26\/fermetures-de-commerces-de-bouche-ce-qu-on-voit-sur-lyon-est-une-catastrophe\" target=\"_blank\" rel=\"noopener\"> contr\u00f4le d\u2019hygi\u00e8ne r\u00e9alis\u00e9 par les agents de la DDPP<\/a> (Direction d\u00e9partementale de la protection des populations) entre les murs de cette boucherie situ\u00e9e au 132, avenue Paul-Santy : elle a donc \u00e9t\u00e9 somm\u00e9e par la pr\u00e9fecture de fermer ses portes temporairement.<\/p>\n<p>  31 mesures \u00e0 prendre pour pouvoir rouvrir<\/p>\n<p>Un ensemble de manquements qui constitue une \u00ab menace pour la sant\u00e9 des consommateurs en raison de la probabilit\u00e9 importante de contamination (microbiologique, chimique, physique) et des risques d\u2019intoxication qui en r\u00e9sultent. \u00bb L\u2019\u00e9tablissement devra appliquer 31 mesures correctives, \u00e9num\u00e9r\u00e9es par l\u2019arr\u00eat\u00e9 pr\u00e9fectoral du 5 ao\u00fbt.<\/p>\n<p>Contact\u00e9 par Le Progr\u00e8s, le commer\u00e7ant \u00e9tait injoignable.<\/p>\n","protected":false},"excerpt":{"rendered":"La liste d\u2019infractions sanitaires reproch\u00e9es \u00e0 la Bouche Rit, boucherie du 8e arrondissement de Lyon est longue. On&hellip;\n","protected":false},"author":2,"featured_media":300145,"comment_status":"","ping_status":"","sticky":false,"template":"","format":"standard","meta":{"footnotes":""},"categories":[1889],"tags":[1111,11,2430,4406,33,2757,1777,674,274,1011,27,2428,9744,9743,12,25,2429],"class_list":{"0":"post-300144","1":"post","2":"type-post","3":"status-publish","4":"format-standard","5":"has-post-thumbnail","7":"category-lyon","8":"tag-actu","9":"tag-actualites","10":"tag-auvergne-rhone-alpes","11":"tag-commerce-et-services","12":"tag-economie","13":"tag-edition-lyon-villeurbanne","14":"tag-eu","15":"tag-europe","16":"tag-faits-divers-justice","17":"tag-fr","18":"tag-france","19":"tag-lyon","20":"tag-lyon-8e","21":"tag-lyon-8e-arrondissement","22":"tag-news","23":"tag-republique-francaise","24":"tag-rhone"},"share_on_mastodon":{"url":"https:\/\/pubeurope.com\/@fr\/114981348540388694","error":""},"_links":{"self":[{"href":"https:\/\/www.europesays.com\/fr\/wp-json\/wp\/v2\/posts\/300144","targetHints":{"allow":["GET"]}}],"collection":[{"href":"https:\/\/www.europesays.com\/fr\/wp-json\/wp\/v2\/posts"}],"about":[{"href":"https:\/\/www.europesays.com\/fr\/wp-json\/wp\/v2\/types\/post"}],"author":[{"embeddable":true,"href":"https:\/\/www.europesays.com\/fr\/wp-json\/wp\/v2\/users\/2"}],"replies":[{"embeddable":true,"href":"https:\/\/www.europesays.com\/fr\/wp-json\/wp\/v2\/comments?post=300144"}],"version-history":[{"count":0,"href":"https:\/\/www.europesays.com\/fr\/wp-json\/wp\/v2\/posts\/300144\/revisions"}],"wp:featuredmedia":[{"embeddable":true,"href":"https:\/\/www.europesays.com\/fr\/wp-json\/wp\/v2\/media\/300145"}],"wp:attachment":[{"href":"https:\/\/www.europesays.com\/fr\/wp-json\/wp\/v2\/media?parent=300144"}],"wp:term":[{"taxonomy":"category","embeddable":true,"href":"https:\/\/www.europesays.com\/fr\/wp-json\/wp\/v2\/categories?post=300144"},{"taxonomy":"post_tag","embeddable":true,"href":"https:\/\/www.europesays.com\/fr\/wp-json\/wp\/v2\/tags?post=300144"}],"curies":[{"name":"wp","href":"https:\/\/api.w.org\/{rel}","templated":true}]}}