{"id":300146,"date":"2025-08-06T10:28:10","date_gmt":"2025-08-06T10:28:10","guid":{"rendered":"https:\/\/www.europesays.com\/fr\/300146\/"},"modified":"2025-08-06T10:28:10","modified_gmt":"2025-08-06T10:28:10","slug":"quelles-sont-les-previsions-de-circulation-depuis-lyon-vers-le-sud","status":"publish","type":"post","link":"https:\/\/www.europesays.com\/fr\/300146\/","title":{"rendered":"Quelles sont les pr\u00e9visions de circulation depuis Lyon vers le sud\u00a0?"},"content":{"rendered":"<p>Les routes seront encore charg\u00e9es pour ce deuxi\u00e8me week-end de chass\u00e9-crois\u00e9 d\u2019ao\u00fbt. Dans le sens des d\u00e9parts, la circulation sera dense dans la vall\u00e9e du Rh\u00f4ne d\u00e8s ce jeudi en fin de matin\u00e9e, selon Vinci Autoroutes.<\/p>\n<p>Mais c\u2019est samedi 9\u00a0ao\u00fbt qui sera la journ\u00e9e la plus charg\u00e9e, class\u00e9e rouge par Bison Fut\u00e9. Il est en effet recommand\u00e9 de ne pas emprunter l\u2019autoroute du soleil\u00a0de Lyon \u00e0 Orange de 6 heures \u00e0 17 heures et d\u2019Orange \u00e0 Marseille entre 15 heures et 17 heures. L\u2019A6 est quant \u00e0 elle \u00e0 \u00e9viter entre 6 heures et midi.<\/p>\n<p>Vendredi 8\u00a0ao\u00fbt, dimanche 10\u00a0ao\u00fbt et lundi 11\u00a0ao\u00fbt, la circulation est class\u00e9e verte dans le sens des d\u00e9parts, m\u00eame si certains pics de trafic sont attendus sur l\u2019autoroute du soleil.<\/p>\n<p>  Circulation dense dans le sens des retours<\/p>\n<p>Pour rentrer dans le d\u00e9partement, la situation sera \u00e9galement difficile d\u00e8s jeudi en milieu de journ\u00e9e. Vendredi, Bison Fut\u00e9 recommande d\u2019\u00e9viter l\u2019A7 entre 13 heures et 19 heures.<\/p>\n<p>Samedi, la majorit\u00e9 du pays est class\u00e9e orange dans le sens des retours. Le quart sud-ouest quant \u00e0 lui class\u00e9 rouge. Dans notre r\u00e9gion, il est d\u00e9conseill\u00e9 d\u2019emprunter l\u2019autoroute du soleil de 6 heures \u00e0 17 heures.<\/p>\n<p>La circulation est class\u00e9e verte dans le sens des retours dimanche, m\u00eame si Bison Fut\u00e9 recommande d\u2019\u00e9viter l\u2019A7 de 11 heures \u00e0 16 heures entre Orange et Lyon. Enfin, si la journ\u00e9e de lundi est class\u00e9e verte par Bison Fut\u00e9, Vinci Autoroutes pr\u00e9voit un trafic dense en direction de Lyon, entre 10 heures et 18 heures.<\/p>\n<p>  Attention au retour des fortes chaleurs<\/p>\n<p>Ce week-end marque \u00e9galement le retour des fortes chaleurs dans le d\u00e9partement. Ce samedi, 36 degr\u00e9s sont attendus au sud de Lyon.<\/p>\n<p>Plusieurs bons gestes sont donc \u00e0 adopter sur la route\u00a0:<\/p>\n<p>\u25ba La chaleur favorise les pannes li\u00e9es \u00e0 la surchauffe du moteur. Pensez \u00e0 bien v\u00e9rifier votre v\u00e9hicule avant le grand d\u00e9part.<\/p>\n<p>\u25ba Hydratez-vous r\u00e9guli\u00e8rement avec de l\u2019eau, sans attendre d\u2019avoir soif. \u00c9vitez sodas et autres boissons sucr\u00e9es. \u25ba Utilisez la climatisation de votre v\u00e9hicule. S\u2019il n\u2019en est pas \u00e9quip\u00e9, ouvrez les fen\u00eatres pour ventiler l\u2019habitacle. Rafra\u00eechissez-vous r\u00e9guli\u00e8rement avec un brumisateur.<\/p>\n<p>\u25ba Multipliez les pauses, en stationnant si possible \u00e0 l\u2019ombre afin d\u2018\u00e9viter une hausse de la temp\u00e9rature dans le v\u00e9hicule. Ne restez pas expos\u00e9 au soleil pendant la pause, profitez-en pour vous d\u00e9gourdir les jambes ou faire une sieste \u00e0 l\u2019ombre\u2026<\/p>\n<p>\u25ba Les fortes chaleurs multiplient les incendies\u00a0: il est rappel\u00e9 de redoubler de vigilance et de ne pas jeter les m\u00e9gots de cigarette par terre.<\/p>\n","protected":false},"excerpt":{"rendered":"Les routes seront encore charg\u00e9es pour ce deuxi\u00e8me week-end de chass\u00e9-crois\u00e9 d\u2019ao\u00fbt. Dans le sens des d\u00e9parts, la&hellip;\n","protected":false},"author":2,"featured_media":300147,"comment_status":"","ping_status":"","sticky":false,"template":"","format":"standard","meta":{"footnotes":""},"categories":[1889],"tags":[1111,11,2430,3542,3152,2757,3153,3154,3155,3156,1777,674,107,1011,27,2428,2756,12,25,2429,1097,2803],"class_list":{"0":"post-300146","1":"post","2":"type-post","3":"status-publish","4":"format-standard","5":"has-post-thumbnail","7":"category-lyon","8":"tag-actu","9":"tag-actualites","10":"tag-auvergne-rhone-alpes","11":"tag-circulation","12":"tag-edition-est-lyonnais","13":"tag-edition-lyon-villeurbanne","14":"tag-edition-ouest-lyonnais","15":"tag-edition-sud-lyonnais","16":"tag-edition-tarare","17":"tag-edition-villefranche","18":"tag-eu","19":"tag-europe","20":"tag-fil-info","21":"tag-fr","22":"tag-france","23":"tag-lyon","24":"tag-lyon-bassin","25":"tag-news","26":"tag-republique-francaise","27":"tag-rhone","28":"tag-trafic","29":"tag-transport"},"share_on_mastodon":{"url":"https:\/\/pubeurope.com\/@fr\/114981352429167273","error":""},"_links":{"self":[{"href":"https:\/\/www.europesays.com\/fr\/wp-json\/wp\/v2\/posts\/300146","targetHints":{"allow":["GET"]}}],"collection":[{"href":"https:\/\/www.europesays.com\/fr\/wp-json\/wp\/v2\/posts"}],"about":[{"href":"https:\/\/www.europesays.com\/fr\/wp-json\/wp\/v2\/types\/post"}],"author":[{"embeddable":true,"href":"https:\/\/www.europesays.com\/fr\/wp-json\/wp\/v2\/users\/2"}],"replies":[{"embeddable":true,"href":"https:\/\/www.europesays.com\/fr\/wp-json\/wp\/v2\/comments?post=300146"}],"version-history":[{"count":0,"href":"https:\/\/www.europesays.com\/fr\/wp-json\/wp\/v2\/posts\/300146\/revisions"}],"wp:featuredmedia":[{"embeddable":true,"href":"https:\/\/www.europesays.com\/fr\/wp-json\/wp\/v2\/media\/300147"}],"wp:attachment":[{"href":"https:\/\/www.europesays.com\/fr\/wp-json\/wp\/v2\/media?parent=300146"}],"wp:term":[{"taxonomy":"category","embeddable":true,"href":"https:\/\/www.europesays.com\/fr\/wp-json\/wp\/v2\/categories?post=300146"},{"taxonomy":"post_tag","embeddable":true,"href":"https:\/\/www.europesays.com\/fr\/wp-json\/wp\/v2\/tags?post=300146"}],"curies":[{"name":"wp","href":"https:\/\/api.w.org\/{rel}","templated":true}]}}