{"id":300150,"date":"2025-08-06T10:31:10","date_gmt":"2025-08-06T10:31:10","guid":{"rendered":"https:\/\/www.europesays.com\/fr\/300150\/"},"modified":"2025-08-06T10:31:10","modified_gmt":"2025-08-06T10:31:10","slug":"200-personnes-sans-abri-ont-dormi-devant-la-mairie","status":"publish","type":"post","link":"https:\/\/www.europesays.com\/fr\/300150\/","title":{"rendered":"200 personnes sans abri ont dormi devant la Mairie"},"content":{"rendered":"<p>            Par<br \/>\n        <strong><br \/>\n            <a href=\"https:\/\/actu.fr\/auteur\/sarah-coulet\" title=\"Consulter tous les articles de Sarah Coulet\" rel=\"nofollow noopener\" target=\"_blank\">Sarah Coulet<\/a><br \/>\n        <\/strong><\/p>\n<p>        Publi\u00e9 le<\/p>\n<p>            6 ao\u00fbt 2025 \u00e0 11h47        <\/p>\n<p>Ils ont pass\u00e9 la nuit dehors. Ce mercredi 6\u00a0ao\u00fbt 2025, quelque deux cents personnes <a href=\"https:\/\/actu.fr\/tag\/migrants\" rel=\"nofollow noopener\" target=\"_blank\">migrantes<\/a> sans abri, dont de nombreux jeunes enfants, \u00e9taient toujours install\u00e9es devant <a href=\"https:\/\/actu.fr\/tag\/mairie-de-paris\" rel=\"nofollow noopener\" target=\"_blank\">l\u2019H\u00f4tel de Ville de Paris<\/a>, apr\u00e8s avoir <strong>dormi sur place<\/strong>, faute d\u2019accueil en h\u00e9bergement d\u2019urgence, dans le cadre d\u2019une mobilisation initi\u00e9e par l\u2019association Utopia 56.<\/p>\n<p>Des nuits dans la rue ou le bus social<\/p>\n<p class=\" wall-content\">Enroul\u00e9s dans des couvertures et sacs de couchage \u00e0 m\u00eame le sol, les migrants, dont certains sont en situation r\u00e9guli\u00e8re en France, ont exprim\u00e9 leur col\u00e8re en criant \u00ab\u2009On veut un logement\u2009! <strong>Z\u00e9ro enfant dans la rue\u2009!<\/strong>\u2009\u00bb, a constat\u00e9 une journaliste de l\u2019AFP.<\/p>\n<p class=\" wall-content\">Fatuma Ali, <strong>r\u00e9fugi\u00e9e somalienne<\/strong> raconte avoir pass\u00e9 la nuit avec ses trois enfants \u00e2g\u00e9s de deux \u00e0 sept ans devant la Mairie de Paris. Arriv\u00e9e en 2018 en France, elle \u00e9tait log\u00e9e par les services sociaux dans une maison, mais il y a cinq mois on l\u2019a fait sortir par manque de place. Depuis la jeune femme, traits tir\u00e9s, dit qu\u2019elle ne trouve pas de logement et dort dans la rue ou le bus social.<\/p>\n<p class=\" wall-content\">\n<p class=\" wall-content\">Le groupe rassembl\u00e9 sur place \u00e0 l\u2019initiative de l\u2019association de d\u00e9fense des migrants <strong>Utopia 56<\/strong>, comprend principalement des femmes seules avec enfants et des p\u00e8res, mais pas d\u2019hommes seuls ni de mineurs isol\u00e9s.<\/p>\n<p class=\" wall-content\">\u00ab\u2009On reste tant qu\u2019il n\u2019y a pas de propositions de logements\u2009\u00bb, a indiqu\u00e9 \u00e0 l\u2019AFP Yan Manzi, d\u00e9l\u00e9gu\u00e9 g\u00e9n\u00e9ral de l\u2019association qui tient, chaque soir, tout au long de l\u2019ann\u00e9e, une <strong>permanence sur le parvis<\/strong> de la mairie de Paris pour tenter de trouver un h\u00e9bergement d\u2019urgence aux plus pr\u00e9caires, refoul\u00e9s des habituelles structures d\u2019accueil.<\/p>\n<p>Juillet et ao\u00fbt, des mois \u00ab\u2009particuli\u00e8rement tendus\u2009\u00bb<\/p>\n<p class=\" wall-content\">L\u2019\u00e9t\u00e9, la situation \u00ab\u2009est particuli\u00e8rement tendue\u2009\u00bb, d\u00e9nonce le collectif, en avan\u00e7ant plusieurs raisons\u2009: services publics au ralenti, b\u00e9n\u00e9voles associatifs en <strong>vacances<\/strong>, \u00e9coles et <strong>gymnases ferm\u00e9s<\/strong> et ne pouvant donc plus \u00eatre utilis\u00e9s en ultime recours.<\/p>\n<p class=\" wall-content\">La Ville de Paris a assur\u00e9 \u00e0 l\u2019AFP continuer d\u2019ouvrir \u00ab\u2009\u00e9t\u00e9 comme hiver, des centres pour mettre \u00e0 l\u2019abri des personnes en famille\u2009\u00bb. \u00ab\u2009Au total plus de <strong>1\u2009000\u00a0personnes<\/strong> relevant d\u2019une prise en charge par l\u2019\u00c9tat sont actuellement mises \u00e0 l\u2019abri dans des lieux municipaux transform\u00e9s ou des gymnases, en plus de la prise en charge de plus de 3\u2009000\u00a0personnes en famille\u2009\u00bb, a soulign\u00e9 la mairie, en demandant \u00ab\u2009la prise en charge de ces personnes par l\u2019\u00c9tat\u2009\u00bb.<\/p>\n<p class=\" wall-content\">La pr\u00e9fecture d\u2019\u00cele-de-France \u00e9galement charg\u00e9e de l\u2019accueil, assure qu\u2019il \u00ab\u00a0n\u2019y a <strong>pas de fermeture de places d\u2019h\u00e9bergement<\/strong> li\u00e9e \u00e0 la p\u00e9riode estivale.<\/p>\n<p class=\" wall-content\">Avec AFP.<\/p>\n<p class=\" wall-content\">Suivez toute l\u2019actualit\u00e9 de vos villes et m\u00e9dias favoris en vous inscrivant \u00e0 <a href=\"https:\/\/moncompte.actu.fr\" title=\"D\u00e9couvez Mon Actu\" rel=\"nofollow noopener\" data-trk=\"{&quot;cta&quot;:{&quot;action&quot;:&quot;https:\\\/\\\/moncompte.actu.fr&quot;,&quot;category&quot;:&quot;mon compte&quot;,&quot;from&quot;:&quot;article footer&quot;,&quot;name&quot;:&quot;Mon actu&quot;,&quot;type&quot;:&quot;cta&quot;}}\" target=\"_blank\">Mon Actu<\/a>.<\/p>\n<ul class=\"ac-article-tag wall-content\">\n<li><a href=\"https:\/\/actu.fr\/tag\/mairie-de-paris\" data-trk=\"{&quot;cta&quot;:{&quot;action&quot;:&quot;Mairie de Paris&quot;,&quot;category&quot;:&quot;tag&quot;,&quot;from&quot;:&quot;article footer&quot;,&quot;name&quot;:&quot;Mairie de Paris&quot;,&quot;type&quot;:&quot;cta&quot;}}\" rel=\"nofollow noopener\" target=\"_blank\">#Mairie de Paris<\/a><\/li>\n<li><a href=\"https:\/\/actu.fr\/tag\/migrants\" data-trk=\"{&quot;cta&quot;:{&quot;action&quot;:&quot;Migrants&quot;,&quot;category&quot;:&quot;tag&quot;,&quot;from&quot;:&quot;article footer&quot;,&quot;name&quot;:&quot;Migrants&quot;,&quot;type&quot;:&quot;cta&quot;}}\" rel=\"nofollow noopener\" target=\"_blank\">#Migrants<\/a><\/li>\n<\/ul>\n","protected":false},"excerpt":{"rendered":"Par Sarah Coulet Publi\u00e9 le 6 ao\u00fbt 2025 \u00e0 11h47 Ils ont pass\u00e9 la nuit dehors. Ce mercredi&hellip;\n","protected":false},"author":2,"featured_media":127421,"comment_status":"","ping_status":"","sticky":false,"template":"","format":"standard","meta":{"footnotes":""},"categories":[1888],"tags":[1111,1928,11,1927,1777,674,1011,27,2381,1251,12,1926,626,1925,25,104],"class_list":{"0":"post-300150","1":"post","2":"type-post","3":"status-publish","4":"format-standard","5":"has-post-thumbnail","7":"category-paris","8":"tag-actu","9":"tag-actu-paris","10":"tag-actualites","11":"tag-actualites-paris","12":"tag-eu","13":"tag-europe","14":"tag-fr","15":"tag-france","16":"tag-mairie-de-paris","17":"tag-migrants","18":"tag-news","19":"tag-news-paris","20":"tag-paris","21":"tag-paris-news","22":"tag-republique-francaise","23":"tag-societe"},"share_on_mastodon":{"url":"https:\/\/pubeurope.com\/@fr\/114981364299812687","error":""},"_links":{"self":[{"href":"https:\/\/www.europesays.com\/fr\/wp-json\/wp\/v2\/posts\/300150","targetHints":{"allow":["GET"]}}],"collection":[{"href":"https:\/\/www.europesays.com\/fr\/wp-json\/wp\/v2\/posts"}],"about":[{"href":"https:\/\/www.europesays.com\/fr\/wp-json\/wp\/v2\/types\/post"}],"author":[{"embeddable":true,"href":"https:\/\/www.europesays.com\/fr\/wp-json\/wp\/v2\/users\/2"}],"replies":[{"embeddable":true,"href":"https:\/\/www.europesays.com\/fr\/wp-json\/wp\/v2\/comments?post=300150"}],"version-history":[{"count":0,"href":"https:\/\/www.europesays.com\/fr\/wp-json\/wp\/v2\/posts\/300150\/revisions"}],"wp:featuredmedia":[{"embeddable":true,"href":"https:\/\/www.europesays.com\/fr\/wp-json\/wp\/v2\/media\/127421"}],"wp:attachment":[{"href":"https:\/\/www.europesays.com\/fr\/wp-json\/wp\/v2\/media?parent=300150"}],"wp:term":[{"taxonomy":"category","embeddable":true,"href":"https:\/\/www.europesays.com\/fr\/wp-json\/wp\/v2\/categories?post=300150"},{"taxonomy":"post_tag","embeddable":true,"href":"https:\/\/www.europesays.com\/fr\/wp-json\/wp\/v2\/tags?post=300150"}],"curies":[{"name":"wp","href":"https:\/\/api.w.org\/{rel}","templated":true}]}}