{"id":300151,"date":"2025-08-06T10:32:19","date_gmt":"2025-08-06T10:32:19","guid":{"rendered":"https:\/\/www.europesays.com\/fr\/300151\/"},"modified":"2025-08-06T10:32:19","modified_gmt":"2025-08-06T10:32:19","slug":"concert-sandra-nkake-trio-elles-a-paris-2025","status":"publish","type":"post","link":"https:\/\/www.europesays.com\/fr\/300151\/","title":{"rendered":"Concert Sandra Nkak\u00e9 Trio &#8211; Elles \u00e0 Paris 2025"},"content":{"rendered":"<p class=\"intro\">Sandra Nkak\u00e9 Trio &#8211; Elles en concert \u00e0 Paris (Le Hangar Ivry-sur-Seine), le 28 novembre 2025. Toutes les informations pratiques (tarifs, billetterie, plan de salle) pour ce concert sont \u00e0 retrouver sur cette page. R\u00e9servez d\u00e8s maintenant vos places pour assister \u00e0 ce <a href=\"https:\/\/www.jds.fr\/paris\/agenda\/musique-et-concerts-96_B\" rel=\"nofollow noopener\" target=\"_blank\">concert \u00e0 Paris<\/a>\u00a0!<\/p>\n<p><img decoding=\"async\" loading=\"lazy\" src=\"https:\/\/www.europesays.com\/fr\/wp-content\/uploads\/2025\/08\/sandra-nkak--trio-tickets_425568_3476288_222x222.jpg\" alt=\"Sandra Nkak\u00e9 Trio - Elles\" class=\"border\"\/><\/p>\n<p>Le concert de Sandra Nkak\u00e9 \u00e0 Paris (Ivry-sur-Seine) en 2025<\/p>\n<p>Sandra Nkak\u00e9 en concert \u00e0 Ivry-sur-Seine (Le Hangar) vendredi 28 Novembre 2025 \u00e0 20h.<\/p>\n<p>Sandra Nkak\u00e9 offre une exp\u00e9rience musicale envo\u00fbtante lors de ses concerts, captivant le public avec sa voix puissante et son charisme sur sc\u00e8ne. Alliant jazz, soul et influences africaines, ses performances sont un v\u00e9ritable voyage sonore qui transporte les spectateurs dans un univers riche en \u00e9motions et en \u00e9nergie. Connue pour sa pr\u00e9sence sc\u00e9nique intense, Sandra communique avec son audience, cr\u00e9ant une atmosph\u00e8re intimiste et authentique. Chaque concert est une c\u00e9l\u00e9bration de la diversit\u00e9 musicale, o\u00f9 les m\u00e9lodies envo\u00fbtantes et les rythmes entra\u00eenants fusionnent pour offrir un moment inoubliable. Les amateurs de musique en qu\u00eate d&rsquo;une prestation artistique unique seront ravis par l&rsquo;aura et le talent ind\u00e9niable de Sandra Nkak\u00e9.<\/p>\n<p class=\"mise_en_avant\">Sandra Nkak\u00e9 est r\u00e9guli\u00e8rement en tourn\u00e9e dans toute la France\u00a0: retrouvez les <a href=\"https:\/\/www.jds.fr\/artistes\/sandra-nkake-1925_N\" class=\"tde-underline\" rel=\"nofollow noopener\" target=\"_blank\">dates des prochains concerts de Sandra Nkak\u00e9<\/a> pr\u00e8s de chez vous.<\/p>\n<p>Billetterie pour le concert de Sandra Nkak\u00e9 \u00e0 Ivry-sur-Seine<\/p>\n<p><a class=\"btn btn-lg shadow-lg btn-primary rounded-pill fnac_link\" data-fnac=\"in_article\" href=\"https:\/\/www.awin1.com\/pclick.php?p=42002736396&amp;a=634278&amp;m=12494&amp;clickref=in_article-A-desktop\" target=\"_blank\" rel=\"nofollow noopener\"> Acheter des billets<\/a><\/p>\n<p>Les places pour le <strong>prochain concert de Sandra Nkak\u00e9 \u00e0 Ivry-sur-Seine<\/strong> sont en vente sur la billetterie en ligne.<br \/>R\u00e9servez vos billets d\u00e8s maintenant pour vivre un moment de musique intense avec Sandra Nkak\u00e9 sur sc\u00e8ne\u00a0!<\/p>\n<p>Sandra Nkak\u00e9 Trio &#8211; Elles<\/p>\n<p>Pr\u00e9sent\u00e9 par TREMPLIN-HANGAR IVRY\/SEINE<\/p>\n<p>R\u00e9compens\u00e9e aux Victoires du Jazz 2024, Sandra Nkak\u00e9 pr\u00e9sente <strong>[ELLES]<\/strong>, un concert intimiste et puissant port\u00e9 par un trio acoustique avec Ji Dru (fl\u00fbte) et Paul Colomb (violoncelle).<\/p>\n<p>Un voyage musical au c\u0153ur de textes \u00e9crits par des femmes, revisit\u00e9s avec \u00e9motion, souffle et engagement.<\/p>\n<p>Un moment rare avec une voix majeure de la sc\u00e8ne soul\/jazz fran\u00e7aise.<\/p>\n<p class=\"font-size-30 fw-bold lh-1 mt-0 mb-4\">Je trouve les meilleures sorties dans ma ville<\/p>\n","protected":false},"excerpt":{"rendered":"Sandra Nkak\u00e9 Trio &#8211; Elles en concert \u00e0 Paris (Le Hangar Ivry-sur-Seine), le 28 novembre 2025. Toutes les&hellip;\n","protected":false},"author":2,"featured_media":300152,"comment_status":"","ping_status":"","sticky":false,"template":"","format":"standard","meta":{"footnotes":""},"categories":[1888],"tags":[1111,1928,11,1927,1777,674,1011,27,12,1926,626,1925,25],"class_list":{"0":"post-300151","1":"post","2":"type-post","3":"status-publish","4":"format-standard","5":"has-post-thumbnail","7":"category-paris","8":"tag-actu","9":"tag-actu-paris","10":"tag-actualites","11":"tag-actualites-paris","12":"tag-eu","13":"tag-europe","14":"tag-fr","15":"tag-france","16":"tag-news","17":"tag-news-paris","18":"tag-paris","19":"tag-paris-news","20":"tag-republique-francaise"},"share_on_mastodon":{"url":"https:\/\/pubeurope.com\/@fr\/114981368206063017","error":""},"_links":{"self":[{"href":"https:\/\/www.europesays.com\/fr\/wp-json\/wp\/v2\/posts\/300151","targetHints":{"allow":["GET"]}}],"collection":[{"href":"https:\/\/www.europesays.com\/fr\/wp-json\/wp\/v2\/posts"}],"about":[{"href":"https:\/\/www.europesays.com\/fr\/wp-json\/wp\/v2\/types\/post"}],"author":[{"embeddable":true,"href":"https:\/\/www.europesays.com\/fr\/wp-json\/wp\/v2\/users\/2"}],"replies":[{"embeddable":true,"href":"https:\/\/www.europesays.com\/fr\/wp-json\/wp\/v2\/comments?post=300151"}],"version-history":[{"count":0,"href":"https:\/\/www.europesays.com\/fr\/wp-json\/wp\/v2\/posts\/300151\/revisions"}],"wp:featuredmedia":[{"embeddable":true,"href":"https:\/\/www.europesays.com\/fr\/wp-json\/wp\/v2\/media\/300152"}],"wp:attachment":[{"href":"https:\/\/www.europesays.com\/fr\/wp-json\/wp\/v2\/media?parent=300151"}],"wp:term":[{"taxonomy":"category","embeddable":true,"href":"https:\/\/www.europesays.com\/fr\/wp-json\/wp\/v2\/categories?post=300151"},{"taxonomy":"post_tag","embeddable":true,"href":"https:\/\/www.europesays.com\/fr\/wp-json\/wp\/v2\/tags?post=300151"}],"curies":[{"name":"wp","href":"https:\/\/api.w.org\/{rel}","templated":true}]}}