{"id":300161,"date":"2025-08-06T10:37:18","date_gmt":"2025-08-06T10:37:18","guid":{"rendered":"https:\/\/www.europesays.com\/fr\/300161\/"},"modified":"2025-08-06T10:37:18","modified_gmt":"2025-08-06T10:37:18","slug":"le-couple-clinton-assigne-a-comparaitre-devant-le-congres-americain","status":"publish","type":"post","link":"https:\/\/www.europesays.com\/fr\/300161\/","title":{"rendered":"le couple Clinton assign\u00e9 \u00e0 compara\u00eetre devant le Congr\u00e8s am\u00e9ricain"},"content":{"rendered":"\n<p>L\u2019ancien pr\u00e9sident am\u00e9ricain Bill Clinton et son \u00e9pouse, Hillary, \u201cfont partie des personnalit\u00e9s de premier plan\u201d \u00e0 avoir re\u00e7u mardi une assignation \u00e0 compara\u00eetre devant le Congr\u00e8s am\u00e9ricain, \u00e0 la demande de la puissante commission parlementaire de supervision, qui enqu\u00eate sur le d\u00e9funt d\u00e9linquant sexuel Jeffrey Epstein, <a class=\"ithalc\" data-ithal=\"lien_externe\" data-ithalc=\"[nav_article]\" target=\"_blank\" href=\"https:\/\/www.bbc.com\/news\/articles\/c79l38vl3lwo\" rel=\"nofollow noopener\">rapporte la <strong>BBC<\/strong><\/a><strong>.<\/strong><\/p>\n<p>\u201cAu cours des 200\u00a0derni\u00e8res ann\u00e9es, seuls quatre autres anciens pr\u00e9sidents ont re\u00e7u des assignations \u00e0 compara\u00eetre de la part de commissions du Congr\u00e8s, et seulement deux ont t\u00e9moign\u00e9\u201d, observe le diffuseur britannique.<\/p>\n<p>Hillary Clinton est convoqu\u00e9e le 9\u00a0octobre prochain, son \u00e9poux cinq jours plus tard. Mais \u201cles assignations \u00e0 compara\u00eetre constituent souvent le point de d\u00e9part de n\u00e9gociations\u201d au Congr\u00e8s et \u201csont parfois repouss\u00e9es\u201d ou \u201ccontest\u00e9es\u201d, au gr\u00e9 des al\u00e9as \u201cpolitiques et juridiques\u201d autour des enqu\u00eates, <a class=\"ithalc\" data-ithal=\"lien_externe\" data-ithalc=\"[nav_article]\" target=\"_blank\" href=\"https:\/\/www.cnn.com\/2025\/08\/05\/politics\/subpoenas-doj-epstein-files-clintons-barr-mueller-garland-congress\" rel=\"nofollow noopener\">souligne <strong>CNN<\/strong><\/a><strong>.<\/strong><\/p>\n<p>                    Voyages avec Epstein       <\/p>\n<p>La commission transpartisane, \u00e0 majorit\u00e9 r\u00e9publicaine, a \u201ccibl\u00e9\u201d le couple Clinton pour \u201cson association av\u00e9r\u00e9e\u201d avec M.\u00a0Epstein, explique la cha\u00eene am\u00e9ricaine\u00a0: \u201cDe votre propre aveu, vous avez voyag\u00e9 \u00e0 bord de l\u2019avion priv\u00e9 de Jeffrey Epstein \u00e0 quatre reprises en\u00a02002 et\u00a02003\u201d, affirme ainsi la lettre adress\u00e9e \u00e0 Bill Clinton par James Comer, le chef de la commission.<\/p>\n<p>\u201cVous auriez \u00e9galement \u00e9t\u00e9 proche de [l\u2019ancienne compagne et complice de M.\u00a0Epstein, Ghislaine] Maxwell, et auriez assist\u00e9 \u00e0 un d\u00eener intime avec elle en\u00a02014, trois ans apr\u00e8s des informations publiques sur son implication dans les abus sexuels sur mineurs commis par M.\u00a0Epstein\u201d, ajoute en outre le courrier.<\/p>\n<p>Quant \u00e0 Hillary Clinton, elle est convoqu\u00e9e pour fournir aux parlementaires des explications sur \u201cl\u2019embauche du neveu de Maxwell pour sa campagne de\u00a02008\u201d, pr\u00e9cise la cha\u00eene.<\/p>\n<p>               Pression sur l\u2019administration Trump       <\/p>\n<p>Outre les Clinton, la commission a convoqu\u00e9 six ex-ministres de la Justice, deux anciens chefs du FBI, et \u2013\u00a0en tant que personne morale\u00a0\u2013 l\u2019actuel minist\u00e8re de la Justice, somm\u00e9 de remettre les \u201cdossiers Epstein complets, non expurg\u00e9s [\u2026] au plus tard le 19\u00a0ao\u00fbt\u00a02025\u201d, <a class=\"ithalc\" data-ithal=\"lien_externe\" data-ithalc=\"[nav_article]\" target=\"_blank\" href=\"https:\/\/www.nbcnews.com\/politics\/congress\/house-committee-subpoenas-clintons-several-top-former-doj-officials-te-rcna223127\" rel=\"nofollow noopener\">rapporte <strong>NBC News<\/strong><\/a><strong>.<\/strong><\/p>\n<p>\u201cSi le minist\u00e8re de la Justice ne respectait pas ce d\u00e9lai, cela pourrait d\u00e9clencher un affrontement tr\u00e8s m\u00e9diatis\u00e9 entre l\u2019administration Trump et le Congr\u00e8s sur une question qui divise profond\u00e9ment les r\u00e9publicains\u201d, <a class=\"ithalc\" data-ithal=\"lien_externe\" data-ithalc=\"[nav_article]\" target=\"_blank\" href=\"https:\/\/www.nytimes.com\/2025\/08\/05\/briefing\/house-subpoena-epstein-tennessee-execution.html\" rel=\"nofollow noopener\">analyse <strong>The New York Times<\/strong><\/a><strong>.<\/strong><\/p>\n<p>\u201cAu total, Comer a \u00e9mis onze assignations \u00e0 compara\u00eetre pour obtenir des documents et des t\u00e9moignages couvrant deux d\u00e9cennies d\u2019enqu\u00eates ant\u00e9rieures sur Epstein\u201d, <a class=\"ithalc\" data-ithal=\"lien_externe\" data-ithalc=\"[nav_article]\" target=\"_blank\" href=\"https:\/\/www.washingtonpost.com\/politics\/2025\/08\/05\/epstein-files-house-subpoena\/\" rel=\"nofollow noopener\">r\u00e9sume <strong>The Washington Post<\/strong><\/a><strong>.<\/strong> \u201cSes exigences ne font qu\u2019accro\u00eetre la pression sur l\u2019administration Trump, qui se d\u00e9bat pour contenir les r\u00e9actions n\u00e9gatives suscit\u00e9es par son refus de publier des documents li\u00e9s \u00e0 ces enqu\u00eates ant\u00e9rieures\u201d, ajoute le titre.<\/p>\n<p>               Promesses de campagne non tenues       <\/p>\n<p>\u201cDonald Trump tente actuellement de limiter les cons\u00e9quences de sa d\u00e9cision de ne pas publier les dossiers gouvernementaux sur Epstein, en d\u00e9pit de ses promesses r\u00e9p\u00e9t\u00e9es pendant sa campagne\u201d, <a class=\"ithalc\" data-ithal=\"lien_externe\" data-ithalc=\"[nav_article]\" target=\"_blank\" href=\"https:\/\/www.nationalreview.com\/news\/house-oversight-committee-subpoenas-bill-hillary-clinton-in-epstein-probe\/\" rel=\"nofollow noopener\">confirme la <strong>National Review<\/strong><\/a><strong>.<\/strong><\/p>\n<p>Le magazine conservateur rappelle que\u00a0le minist\u00e8re de la Justice avait publi\u00e9 le mois dernier une note assurant qu\u2019un examen syst\u00e9matique avait r\u00e9v\u00e9l\u00e9 l\u2019absence de \u201cliste de clients\u201d incriminante. \u201cAucune preuve cr\u00e9dible n\u2019a \u00e9t\u00e9 trouv\u00e9e qu\u2019Epstein ait fait chanter des personnalit\u00e9s importantes dans le cadre de ses activit\u00e9s. Nous n\u2019avons pas d\u00e9couvert d\u2019\u00e9l\u00e9ments permettant d\u2019ouvrir une enqu\u00eate contre des tiers non inculp\u00e9s\u201d, avait affirm\u00e9 le minist\u00e8re.<\/p>\n<p>Quoi qu\u2019il arrive in fine, la simple d\u00e9cision de la commission d\u2019envoyer ces assignations \u201cintensifie l\u2019examen transpartisan de la gestion de l\u2019affaire Epstein par le minist\u00e8re de la Justice et signale un regain d\u2019int\u00e9r\u00eat pour d\u2019\u00e9ventuels liens avec des personnalit\u00e9s de haut rang\u201d, <a class=\"ithalc\" data-ithal=\"lien_externe\" data-ithalc=\"[nav_article]\" target=\"_blank\" href=\"https:\/\/www.newsweek.com\/epstein-files-subpoena-clintons-trump-doj-investigation-live-updates-2109155\" rel=\"nofollow noopener\">juge <strong>Newsweek<\/strong><\/a><strong>.<\/strong><\/p>\n","protected":false},"excerpt":{"rendered":"L\u2019ancien pr\u00e9sident am\u00e9ricain Bill Clinton et son \u00e9pouse, Hillary, \u201cfont partie des personnalit\u00e9s de premier plan\u201d \u00e0 avoir&hellip;\n","protected":false},"author":2,"featured_media":300162,"comment_status":"","ping_status":"","sticky":false,"template":"","format":"standard","meta":{"footnotes":""},"categories":[1589],"tags":[11,3822,73,1866,44048,28790,303,12,316,770,1864,1865,1863,308],"class_list":{"0":"post-300161","1":"post","2":"type-post","3":"status-publish","4":"format-standard","5":"has-post-thumbnail","7":"category-etats-unis","8":"tag-actualites","9":"tag-amu00e9riques","10":"tag-etats-unis","11":"tag-etats-unis-damerique","12":"tag-hillary-clinton","13":"tag-jeffrey-epstein","14":"tag-justice","15":"tag-news","16":"tag-politique","17":"tag-u00e9tats-unis","18":"tag-united-states","19":"tag-united-states-of-america","20":"tag-us","21":"tag-usa"},"share_on_mastodon":{"url":"https:\/\/pubeurope.com\/@fr\/114981387826939734","error":""},"_links":{"self":[{"href":"https:\/\/www.europesays.com\/fr\/wp-json\/wp\/v2\/posts\/300161","targetHints":{"allow":["GET"]}}],"collection":[{"href":"https:\/\/www.europesays.com\/fr\/wp-json\/wp\/v2\/posts"}],"about":[{"href":"https:\/\/www.europesays.com\/fr\/wp-json\/wp\/v2\/types\/post"}],"author":[{"embeddable":true,"href":"https:\/\/www.europesays.com\/fr\/wp-json\/wp\/v2\/users\/2"}],"replies":[{"embeddable":true,"href":"https:\/\/www.europesays.com\/fr\/wp-json\/wp\/v2\/comments?post=300161"}],"version-history":[{"count":0,"href":"https:\/\/www.europesays.com\/fr\/wp-json\/wp\/v2\/posts\/300161\/revisions"}],"wp:featuredmedia":[{"embeddable":true,"href":"https:\/\/www.europesays.com\/fr\/wp-json\/wp\/v2\/media\/300162"}],"wp:attachment":[{"href":"https:\/\/www.europesays.com\/fr\/wp-json\/wp\/v2\/media?parent=300161"}],"wp:term":[{"taxonomy":"category","embeddable":true,"href":"https:\/\/www.europesays.com\/fr\/wp-json\/wp\/v2\/categories?post=300161"},{"taxonomy":"post_tag","embeddable":true,"href":"https:\/\/www.europesays.com\/fr\/wp-json\/wp\/v2\/tags?post=300161"}],"curies":[{"name":"wp","href":"https:\/\/api.w.org\/{rel}","templated":true}]}}