{"id":300165,"date":"2025-08-06T10:39:10","date_gmt":"2025-08-06T10:39:10","guid":{"rendered":"https:\/\/www.europesays.com\/fr\/300165\/"},"modified":"2025-08-06T10:39:10","modified_gmt":"2025-08-06T10:39:10","slug":"dusseldorf-renonce-a-recruter-un-international-israelien-qui-avait-appele-a-rayer-gaza-de-la-carte","status":"publish","type":"post","link":"https:\/\/www.europesays.com\/fr\/300165\/","title":{"rendered":"D\u00fcsseldorf renonce \u00e0 recruter un international isra\u00e9lien qui avait appel\u00e9 \u00ab\u00a0\u00e0 rayer Gaza de la carte\u00a0\u00bb"},"content":{"rendered":"<p>Le Fortuna D\u00fcsseldorf, club de 2e division allemande, a renonc\u00e9 mardi \u00e0 recruter l\u2019international isra\u00e9lien Shon Weissman, alors que l\u2019attaquant a affich\u00e9 son soutien \u00e0 <a href=\"https:\/\/www.20minutes.fr\/monde\/israel\/\" target=\"_blank\" class=\"color-ultramarine c-link\" rel=\"noopener\">la guerre \u00e0 Gaza<\/a>, \u00e0 la suite des attaques du 7\u00a0octobre 2023. \u00ab\u00a0Nous avons \u00e9tudi\u00e9 le profil de Shon Weissman, mais avons finalement d\u00e9cid\u00e9 de ne pas le recruter\u00a0\u00bb, a indiqu\u00e9 le Fortuna D\u00fcsseldorf dans un message post\u00e9 sur ses r\u00e9seaux sociaux.<\/p>\n<p>Le tablo\u00efd allemand <a href=\"https:\/\/www.bild.de\/sport\/fussball\/fortuna-duesseldorf-diese-folgen-hat-die-posse-um-shon-weissman-689251695bfd36554e9e842a\" rel=\"nofollow noopener\" target=\"_blank\" class=\"color-ultramarine c-link\">Bild<\/a> avait indiqu\u00e9 lundi que Weissman, \u00e2g\u00e9 de 29 ans, \u00e9tait sur le point de rejoindre le Fortuna D\u00fcsseldorf, et avait pass\u00e9 sa visite m\u00e9dicale. Probl\u00e8me, le club s\u2019est rendu compte (un peu tard) que l\u2019attaquant international isra\u00e9lien (33 capes) avait appel\u00e9 en octobre\u00a02023 \u00ab\u00a0\u00e0 rayer Gaza de la carte\u00a0\u00bb et \u00e0 \u00ab\u00a0larguer 200 tonnes de bombes\u00a0\u00bb sur le territoire palestinien.<\/p>\n<blockquote class=\"twitter-tweet\" align=\"center\" data-lang=\"fr_FR\">\n<p lang=\"fr\" dir=\"ltr\">\ud83c\uddf5\ud83c\uddf8 Apr\u00e8s des rumeurs liant l&rsquo;attaquant isra\u00e9lien Shon Weissman au Fortuna, le club annule finalement sa venue en raison de ses positions pro-g\u00e9nocide et de la r\u00e9action des ultras. Une d\u00e9cision \u00e0 saluer, rare dans le football allemand <a href=\"https:\/\/twitter.com\/hashtag\/Mercato?src=hash&amp;ref_src=twsrc%5Etfw\" target=\"_blank\" rel=\"noopener\">#Mercato<\/a> <a href=\"https:\/\/twitter.com\/hashtag\/F95?src=hash&amp;ref_src=twsrc%5Etfw\" target=\"_blank\" rel=\"noopener\">#F95<\/a> <a href=\"https:\/\/t.co\/76DTFNRxY7\">https:\/\/t.co\/76DTFNRxY7<\/a><\/p>\n<p>\u2014 Fortuna D\u00fcsseldorf France \ud83c\uddeb\ud83c\uddf7 (@F95France) <a href=\"https:\/\/twitter.com\/F95France\/status\/1952783205704044708?ref_src=twsrc%5Etfw\" target=\"_blank\" rel=\"noopener\">August 5, 2025<\/a><\/p><\/blockquote>\n<p class=\"mb-xxl@xs color-ultramarine font-weight-semi-bold@xs font-source-serif-pro heading-s@xs\">L\u2019acc\u00e8s \u00e0 ce contenu a \u00e9t\u00e9 bloqu\u00e9 afin de respecter votre choix de consentement<\/p>\n<p class=\"mb-m@xs text-l@xs\">En cliquant sur\u00ab J\u2019accepte \u00bb, vous acceptez le d\u00e9p\u00f4t de cookies par des services externes et aurez ainsi acc\u00e8s aux contenus de nos partenaires.<\/p>\n<p class=\"mb-xl@xs text-s@xs\">Plus d\u2019informations sur la page<a href=\"https:\/\/www.20minutes.fr\/gestion-cookies\" class=\"mx-xxs@xs color-ultramarine\" target=\"_blank\" rel=\"noopener\">Politique de gestion des cookies<\/a><\/p>\n<p>J\u2019accepte\u00ab\u00a0Cela me peine\u00a0\u00bb, r\u00e9agit Weissman<\/p>\n<p>Weissman a rapidement supprim\u00e9 ses messages. Il a expliqu\u00e9 plus tard avoir fait une erreur et r\u00e9agi sous le coup de l\u2019\u00e9motion, mais les rumeurs de son arriv\u00e9e imminente au Fortuna ont provoqu\u00e9 l\u2019ire des supporters de D\u00fcsseldorf. Le club n\u2019a pas pr\u00e9cis\u00e9 si son revirement \u00e9tait li\u00e9 au m\u00e9contentement de ses fans. \u00ab\u00a0Bien que j\u2019accepte toutes les critiques, cela me peine que le contexte complet n\u2019ait pas \u00e9t\u00e9 pris en compte\u00a0\u00bb, a estim\u00e9 Weissman sur son compte Instagram, mardi apr\u00e8s-midi.<\/p>\n<\/p>\n<p>La guerre dans la bande de Gaza a \u00e9t\u00e9 d\u00e9clench\u00e9e par une attaque sans pr\u00e9c\u00e9dent men\u00e9e par le <a href=\"https:\/\/www.20minutes.fr\/monde\/hamas\/\" target=\"_blank\" class=\"color-ultramarine c-link\" rel=\"noopener\">Hamas<\/a> en Isra\u00ebl le 7\u00a0octobre 2023, tuant 1.219 personnes du c\u00f4t\u00e9 isra\u00e9lien, en majorit\u00e9 des civils, selon un d\u00e9compte de l\u2019AFP r\u00e9alis\u00e9 \u00e0 partir de donn\u00e9es officielles. De plus, 251 personnes avaient \u00e9t\u00e9 enlev\u00e9es ce jour-l\u00e0, et 49 restent otages \u00e0 Gaza, dont 27 ont \u00e9t\u00e9 d\u00e9clar\u00e9es mortes par l\u2019arm\u00e9e. L\u2019offensive isra\u00e9lienne en riposte a fait plus de 60.000 morts \u00e0 Gaza, en majorit\u00e9 des civils, selon des donn\u00e9es du minist\u00e8re de la Sant\u00e9 du Hamas, jug\u00e9es fiables par l\u2019ONU.<\/p>\n<p><script async src=\"https:\/\/platform.twitter.com\/widgets.js\" charset=\"utf-8\"><\/script><\/p>\n","protected":false},"excerpt":{"rendered":"Le Fortuna D\u00fcsseldorf, club de 2e division allemande, a renonc\u00e9 mardi \u00e0 recruter l\u2019international isra\u00e9lien Shon Weissman, alors&hellip;\n","protected":false},"author":2,"featured_media":300166,"comment_status":"","ping_status":"","sticky":false,"template":"","format":"standard","meta":{"footnotes":""},"categories":[1587],"tags":[11,672,69,1804,3259,1805,1803,1777,674,63,665,1801,664,12,1802,517],"class_list":{"0":"post-300165","1":"post","2":"type-post","3":"status-publish","4":"format-standard","5":"has-post-thumbnail","7":"category-allemagne","8":"tag-actualites","9":"tag-allemagne","10":"tag-bundesliga","11":"tag-bundesrepublik-deutschland","12":"tag-conflit-israelo-palestinien","13":"tag-de","14":"tag-deutschland","15":"tag-eu","16":"tag-europe","17":"tag-football","18":"tag-gaza","19":"tag-germany","20":"tag-israel","21":"tag-news","22":"tag-republique-federale-dallemagne","23":"tag-sport"},"share_on_mastodon":{"url":"https:\/\/pubeurope.com\/@fr\/114981395694217925","error":""},"_links":{"self":[{"href":"https:\/\/www.europesays.com\/fr\/wp-json\/wp\/v2\/posts\/300165","targetHints":{"allow":["GET"]}}],"collection":[{"href":"https:\/\/www.europesays.com\/fr\/wp-json\/wp\/v2\/posts"}],"about":[{"href":"https:\/\/www.europesays.com\/fr\/wp-json\/wp\/v2\/types\/post"}],"author":[{"embeddable":true,"href":"https:\/\/www.europesays.com\/fr\/wp-json\/wp\/v2\/users\/2"}],"replies":[{"embeddable":true,"href":"https:\/\/www.europesays.com\/fr\/wp-json\/wp\/v2\/comments?post=300165"}],"version-history":[{"count":0,"href":"https:\/\/www.europesays.com\/fr\/wp-json\/wp\/v2\/posts\/300165\/revisions"}],"wp:featuredmedia":[{"embeddable":true,"href":"https:\/\/www.europesays.com\/fr\/wp-json\/wp\/v2\/media\/300166"}],"wp:attachment":[{"href":"https:\/\/www.europesays.com\/fr\/wp-json\/wp\/v2\/media?parent=300165"}],"wp:term":[{"taxonomy":"category","embeddable":true,"href":"https:\/\/www.europesays.com\/fr\/wp-json\/wp\/v2\/categories?post=300165"},{"taxonomy":"post_tag","embeddable":true,"href":"https:\/\/www.europesays.com\/fr\/wp-json\/wp\/v2\/tags?post=300165"}],"curies":[{"name":"wp","href":"https:\/\/api.w.org\/{rel}","templated":true}]}}