{"id":300169,"date":"2025-08-06T10:41:11","date_gmt":"2025-08-06T10:41:11","guid":{"rendered":"https:\/\/www.europesays.com\/fr\/300169\/"},"modified":"2025-08-06T10:41:11","modified_gmt":"2025-08-06T10:41:11","slug":"allemagne-nos-derniers-articles-et-actualites","status":"publish","type":"post","link":"https:\/\/www.europesays.com\/fr\/300169\/","title":{"rendered":"Allemagne : nos derniers articles et actualit\u00e9s"},"content":{"rendered":"<p>                        Trois morts et une quarantaine de bless\u00e9s\u2026 Ce que l\u2019on sait sur les potentielles causes du d\u00e9raillement de train en Allemagne<\/p>\n<p class=\"chapo\">Un train r\u00e9gional a d\u00e9raill\u00e9 dimanche 27\u00a0juillet dans la soir\u00e9e, dans une zone bois\u00e9e du sud-ouest de l\u2019Allemagne, pr\u00e8s de Riedlingen. Trois personnes sont mortes, dont le conducteur du train ainsi qu\u2019un membre du personnel et au moins 41 personnes ont \u00e9t\u00e9 bless\u00e9s, selon la police f\u00e9d\u00e9rale. Une enqu\u00eate a \u00e9t\u00e9 ouverte pour d\u00e9terminer les causes de cet accident mortel.<\/p>\n<p class=\"u-inline article-card__published-date t-label-small c-purple\">Publi\u00e9 le 28 juillet 2025<\/p>\n","protected":false},"excerpt":{"rendered":"Trois morts et une quarantaine de bless\u00e9s\u2026 Ce que l\u2019on sait sur les potentielles causes du d\u00e9raillement de&hellip;\n","protected":false},"author":2,"featured_media":300170,"comment_status":"","ping_status":"","sticky":false,"template":"","format":"standard","meta":{"footnotes":""},"categories":[1586],"tags":[11,1777,674,1779,1011,27,12,25,1778,364],"class_list":{"0":"post-300169","1":"post","2":"type-post","3":"status-publish","4":"format-standard","5":"has-post-thumbnail","7":"category-europe","8":"tag-actualites","9":"tag-eu","10":"tag-europe","11":"tag-european-union","12":"tag-fr","13":"tag-france","14":"tag-news","15":"tag-republique-francaise","16":"tag-ue","17":"tag-union-europeenne"},"share_on_mastodon":{"url":"https:\/\/pubeurope.com\/@fr\/114981403536358683","error":""},"_links":{"self":[{"href":"https:\/\/www.europesays.com\/fr\/wp-json\/wp\/v2\/posts\/300169","targetHints":{"allow":["GET"]}}],"collection":[{"href":"https:\/\/www.europesays.com\/fr\/wp-json\/wp\/v2\/posts"}],"about":[{"href":"https:\/\/www.europesays.com\/fr\/wp-json\/wp\/v2\/types\/post"}],"author":[{"embeddable":true,"href":"https:\/\/www.europesays.com\/fr\/wp-json\/wp\/v2\/users\/2"}],"replies":[{"embeddable":true,"href":"https:\/\/www.europesays.com\/fr\/wp-json\/wp\/v2\/comments?post=300169"}],"version-history":[{"count":0,"href":"https:\/\/www.europesays.com\/fr\/wp-json\/wp\/v2\/posts\/300169\/revisions"}],"wp:featuredmedia":[{"embeddable":true,"href":"https:\/\/www.europesays.com\/fr\/wp-json\/wp\/v2\/media\/300170"}],"wp:attachment":[{"href":"https:\/\/www.europesays.com\/fr\/wp-json\/wp\/v2\/media?parent=300169"}],"wp:term":[{"taxonomy":"category","embeddable":true,"href":"https:\/\/www.europesays.com\/fr\/wp-json\/wp\/v2\/categories?post=300169"},{"taxonomy":"post_tag","embeddable":true,"href":"https:\/\/www.europesays.com\/fr\/wp-json\/wp\/v2\/tags?post=300169"}],"curies":[{"name":"wp","href":"https:\/\/api.w.org\/{rel}","templated":true}]}}