{"id":300173,"date":"2025-08-06T10:43:12","date_gmt":"2025-08-06T10:43:12","guid":{"rendered":"https:\/\/www.europesays.com\/fr\/300173\/"},"modified":"2025-08-06T10:43:12","modified_gmt":"2025-08-06T10:43:12","slug":"info-rtl-corps-mutile-pres-damiens-le-mis-en-cause-a-reconnu-les-faits","status":"publish","type":"post","link":"https:\/\/www.europesays.com\/fr\/300173\/","title":{"rendered":"INFO RTL &#8211; Corps mutil\u00e9 pr\u00e8s d&rsquo;Amiens : le mis en cause a reconnu les faits"},"content":{"rendered":"<p class=\"article-p mdl\">La police judiciaire d&rsquo;Amiens \u00e9tait remont\u00e9e jusqu&rsquo;\u00e0 ce jeune homme de 27 ans, qui vit dans le m\u00eame quartier que la victime de 32 ans, gr\u00e2ce \u00e0 un t\u00e9l\u00e9phone portable sur la sc\u00e8ne de crime.\u00a0<a class=\"link\" href=\"https:\/\/www.rtl.fr\/actu\/justice-faits-divers\/les-infos-de-6h-corps-mutile-pres-d-amiens-la-garde-a-vue-du-suspect-du-meurtre-a-ete-prolongee-7900528355\" title=\"Les infos de 6h - Corps mutil\u00e9 pr\u00e8s d&#039;Amiens : la garde \u00e0 vue du suspect du meurtre a \u00e9t\u00e9 prolong\u00e9e\" target=\"_blank\" rel=\"noopener\">Plac\u00e9 en garde \u00e0 vue<\/a>\u00a0mardi matin, le suspect avait refus\u00e9 de parler dans l&rsquo;attente de son avocat.\u00a0<\/p>\n<p class=\"article-p mdl\">C&rsquo;est dans la soir\u00e9e qu&rsquo;il a commenc\u00e9 \u00e0 r\u00e9pondre aux questions des enqu\u00eateurs. Il a reconnu les faits, indique le parquet d&rsquo;Amiens \u00e0 RTL ce mercredi matin, et pr\u00e9cise ne pas conna\u00eetre la victime. <strong>Les investigations se poursuivent pour d\u00e9terminer le mobile de\u00a0<a class=\"link\" href=\"https:\/\/www.rtl.fr\/actu\/justice-faits-divers\/somme-profil-de-la-victime-autopsie-suspect-ce-que-l-on-sait-apres-la-decouverte-du-corps-egorge-7900528192\" title=\"Somme : profil de la victime, autopsie, suspect... Ce que l\u2019on sait apr\u00e8s la d\u00e9couverte du corps \u00e9gorg\u00e9\" target=\"_blank\" rel=\"noopener\">ce crime sordide<\/a>.<\/strong> \u00c0 la fin de sa garde \u00e0 vue, le jeune homme sera pr\u00e9sent\u00e9 \u00e0 un juge d&rsquo;instruction en vue d&rsquo;une mise en examen.<\/p>\n<p class=\"article-p mdl\">Lundi 4 ao\u00fbt, le cadavre \u00e9gorg\u00e9 et \u00e9visc\u00e9r\u00e9 de l&rsquo;homme de 32 ans\u00a0avait \u00e9t\u00e9 retrouv\u00e9 par un promeneur sur le terrain de sport de Pont-de-Metz, pr\u00e8s d&rsquo;Amiens.\u00a0<a class=\"link\" href=\"https:\/\/www.rtl.fr\/actu\/justice-faits-divers\/les-infos-de-6h-corps-mutile-pres-d-amiens-la-garde-a-vue-du-suspect-du-meurtre-a-ete-prolongee-7900528355\" title=\"Les infos de 6h - Corps mutil\u00e9 pr\u00e8s d&#039;Amiens : la garde \u00e0 vue du suspect du meurtre a \u00e9t\u00e9 prolong\u00e9e\" target=\"_blank\" rel=\"noopener\">Le corps portait \u00ab\u00a0plusieurs plaies commises \u00e0 l&rsquo;arme blanche\u00a0\u00bb<\/a>\u00a0et \u00ab\u00a0l&rsquo;autopsie, r\u00e9alis\u00e9e mardi, a confirm\u00e9 que <strong>le d\u00e9c\u00e8s \u00e9tait cons\u00e9cutif \u00e0 plusieurs coups port\u00e9s au niveau du c\u0153ur<\/strong> et du bas du visage et a confirm\u00e9 l&rsquo;existence d&rsquo;une plaie b\u00e9ante au niveau du ventre\u00a0\u00bb, a indiqu\u00e9 le parquet.\u00a0<\/p>\n<p>    La r\u00e9daction vous recommande<\/p>\n<p class=\"s-newsletter__title\">\n                L\u2019actualit\u00e9 par la r\u00e9daction de RTL dans votre bo\u00eete mail.\n            <\/p>\n<p class=\"s-newsletter__subtitle\">\n                Gr\u00e2ce \u00e0 votre compte RTL abonnez-vous \u00e0 la newsletter RTL info pour suivre toute l&rsquo;actualit\u00e9 au quotidien\n            <\/p>\n<p>\n                                    Lire la suite\n                                <\/p>\n","protected":false},"excerpt":{"rendered":"La police judiciaire d&rsquo;Amiens \u00e9tait remont\u00e9e jusqu&rsquo;\u00e0 ce jeune homme de 27 ans, qui vit dans le m\u00eame&hellip;\n","protected":false},"author":2,"featured_media":114440,"comment_status":"","ping_status":"","sticky":false,"template":"","format":"standard","meta":{"footnotes":""},"categories":[2],"tags":[11,898,118,107,1011,27,11534,12,25,1941],"class_list":{"0":"post-300173","1":"post","2":"type-post","3":"status-publish","4":"format-standard","5":"has-post-thumbnail","7":"category-actualites","8":"tag-actualites","9":"tag-alerte","10":"tag-faits-divers","11":"tag-fil-info","12":"tag-fr","13":"tag-france","14":"tag-info-rtl","15":"tag-news","16":"tag-republique-francaise","17":"tag-somme"},"share_on_mastodon":{"url":"https:\/\/pubeurope.com\/@fr\/114981411602803128","error":""},"_links":{"self":[{"href":"https:\/\/www.europesays.com\/fr\/wp-json\/wp\/v2\/posts\/300173","targetHints":{"allow":["GET"]}}],"collection":[{"href":"https:\/\/www.europesays.com\/fr\/wp-json\/wp\/v2\/posts"}],"about":[{"href":"https:\/\/www.europesays.com\/fr\/wp-json\/wp\/v2\/types\/post"}],"author":[{"embeddable":true,"href":"https:\/\/www.europesays.com\/fr\/wp-json\/wp\/v2\/users\/2"}],"replies":[{"embeddable":true,"href":"https:\/\/www.europesays.com\/fr\/wp-json\/wp\/v2\/comments?post=300173"}],"version-history":[{"count":0,"href":"https:\/\/www.europesays.com\/fr\/wp-json\/wp\/v2\/posts\/300173\/revisions"}],"wp:featuredmedia":[{"embeddable":true,"href":"https:\/\/www.europesays.com\/fr\/wp-json\/wp\/v2\/media\/114440"}],"wp:attachment":[{"href":"https:\/\/www.europesays.com\/fr\/wp-json\/wp\/v2\/media?parent=300173"}],"wp:term":[{"taxonomy":"category","embeddable":true,"href":"https:\/\/www.europesays.com\/fr\/wp-json\/wp\/v2\/categories?post=300173"},{"taxonomy":"post_tag","embeddable":true,"href":"https:\/\/www.europesays.com\/fr\/wp-json\/wp\/v2\/tags?post=300173"}],"curies":[{"name":"wp","href":"https:\/\/api.w.org\/{rel}","templated":true}]}}