{"id":300174,"date":"2025-08-06T10:44:15","date_gmt":"2025-08-06T10:44:15","guid":{"rendered":"https:\/\/www.europesays.com\/fr\/300174\/"},"modified":"2025-08-06T10:44:15","modified_gmt":"2025-08-06T10:44:15","slug":"carhaix-accueillera-les-championnats-de-france-de-cross-country-en-2026","status":"publish","type":"post","link":"https:\/\/www.europesays.com\/fr\/300174\/","title":{"rendered":"Carhaix accueillera les Championnats de France de cross-country en 2026"},"content":{"rendered":"<p style=\"text-align: justify;\"><strong>C\u2019est officiel : Trois ans seulement apr\u00e8s avoir accueilli les Championnats de France de cross-country, Carhaix va de nouveau r\u00e9unir les meilleurs sp\u00e9cialistes des labours sous les fen\u00eatres du ch\u00e2teau de <a style=\"color: #000000;\" href=\"https:\/\/www.athle.fr\/index.aspx\" target=\"_blank\" rel=\"noopener\">Kerampuilh<\/a> en mars 2026.<\/strong><\/p>\n<p style=\"text-align: justify;\">Les passionn\u00e9s d\u2019athl\u00e9tisme seront enchant\u00e9s par cette nouvelle. Il y avait fort \u00e0 parier qu\u2019il ne s\u2019\u00e9coulerait pas une nouvelle fois 23 ans ans avant que l\u2019\u00e9lite du cross fran\u00e7ais ne revienne dans le Finist\u00e8re. Apr\u00e8s la r\u00e9ussite des Championnats de France, les 11 et 12 mars 2023, la plaine de Kerampuilh, site du Festival des Vieilles Charrues tous les \u00e9t\u00e9s, va r\u00e9sonner des foul\u00e9es des meilleurs crossmen de l\u2019Hexagone en 2026. Ce sera la quatri\u00e8me fois apr\u00e8s les \u00e9ditions 1996, 2000 et 2023, qui ont \u00e9t\u00e9 un triomphe \u00e0 tous les \u00e9tages, que la ville bretonne va organiser la grande messe nationale des labours.<\/p>\n<p style=\"text-align: justify;\">Un France de cross-country \u00e0 Carhaix est aussi l\u2019assurance d\u2019un <a style=\"color: #000000;\" href=\"https:\/\/stadion-actu.fr\/stadion-a-reconnu-le-parcours-des-championnats-de-france-de-cross-country-a-carhaix\/\" target=\"_blank\" rel=\"noopener\">parcours<\/a> exigeant et tortueux, \u00e0 des ann\u00e9es lumi\u00e8res des hippodromes plats et tr\u00e8s souvent roulants. En termes de difficult\u00e9, le trac\u00e9 carhaisien va mettre une fois de plus la barre tr\u00e8s haute avec un circuit casse-pattes qui ne laissera aucun r\u00e9pit aux athl\u00e8tes, avec en perspective des glissades et des virages techniques. Support de s\u00e9lection de l\u2019Euro de cross (seniors hommes et espoirs hommes en 2023, seniors femmes, espoirs femmes et relais mixte en 2024), le Festival du cross en Bretagne pr\u00e9vu fin novembre n\u2019aura pas lieu. Carhaix et le site de Kerampuilh font un pas de plus en avant pour devenir la capitale du cross fran\u00e7ais.<\/p>\n<p>\u00a0<\/p>\n<blockquote class=\"instagram-media\" style=\"background: #FFF; border: 0; border-radius: 3px; box-shadow: 0 0 1px 0 rgba(0,0,0,0.5),0 1px 10px 0 rgba(0,0,0,0.15); margin: 1px; max-width: 540px; min-width: 326px; padding: 0; width: calc(100% - 2px);\" data-instgrm-captioned=\"\" data-instgrm-permalink=\"https:\/\/www.instagram.com\/reel\/Cpx65N9ImCq\/?utm_source=ig_embed&amp;utm_campaign=loading\" data-instgrm-version=\"14\">\n<\/blockquote>\n<p>\u00a0<\/p>\n<blockquote>\n<p>(Re)d\u00e9couvrez notre r\u00e9cit des Championnats de France de cross-country 2023 \u00e0 Carhaix, en <a style=\"color: #5791c4;\" href=\"https:\/\/stadion-actu.fr\/championnats-de-france-de-cross-country-jimmy-gressier-et-manon-trapp-roi-et-reine-des-labours-a-carhaix\/\" target=\"_blank\" rel=\"noopener\"><strong>cliquant ici<\/strong><\/a>.<\/p>\n<\/blockquote>\n<p style=\"text-align: left;\">Cr\u00e9dit photo : STADION<\/p>\n<p>\t\t\t<script async src=\"\/\/www.instagram.com\/embed.js\"><\/script><\/p>\n","protected":false},"excerpt":{"rendered":"C\u2019est officiel : Trois ans seulement apr\u00e8s avoir accueilli les Championnats de France de cross-country, Carhaix va de&hellip;\n","protected":false},"author":2,"featured_media":300175,"comment_status":"","ping_status":"","sticky":false,"template":"","format":"standard","meta":{"footnotes":""},"categories":[4],"tags":[5734,11,40264,44049,44050,1011,27,12,25],"class_list":{"0":"post-300174","1":"post","2":"type-post","3":"status-publish","4":"format-standard","5":"has-post-thumbnail","7":"category-france","8":"tag-5734","9":"tag-actualites","10":"tag-carhaix","11":"tag-championnats-de-france-de-cross-country","12":"tag-cross-country","13":"tag-fr","14":"tag-france","15":"tag-news","16":"tag-republique-francaise"},"share_on_mastodon":{"url":"https:\/\/pubeurope.com\/@fr\/114981415641550474","error":""},"_links":{"self":[{"href":"https:\/\/www.europesays.com\/fr\/wp-json\/wp\/v2\/posts\/300174","targetHints":{"allow":["GET"]}}],"collection":[{"href":"https:\/\/www.europesays.com\/fr\/wp-json\/wp\/v2\/posts"}],"about":[{"href":"https:\/\/www.europesays.com\/fr\/wp-json\/wp\/v2\/types\/post"}],"author":[{"embeddable":true,"href":"https:\/\/www.europesays.com\/fr\/wp-json\/wp\/v2\/users\/2"}],"replies":[{"embeddable":true,"href":"https:\/\/www.europesays.com\/fr\/wp-json\/wp\/v2\/comments?post=300174"}],"version-history":[{"count":0,"href":"https:\/\/www.europesays.com\/fr\/wp-json\/wp\/v2\/posts\/300174\/revisions"}],"wp:featuredmedia":[{"embeddable":true,"href":"https:\/\/www.europesays.com\/fr\/wp-json\/wp\/v2\/media\/300175"}],"wp:attachment":[{"href":"https:\/\/www.europesays.com\/fr\/wp-json\/wp\/v2\/media?parent=300174"}],"wp:term":[{"taxonomy":"category","embeddable":true,"href":"https:\/\/www.europesays.com\/fr\/wp-json\/wp\/v2\/categories?post=300174"},{"taxonomy":"post_tag","embeddable":true,"href":"https:\/\/www.europesays.com\/fr\/wp-json\/wp\/v2\/tags?post=300174"}],"curies":[{"name":"wp","href":"https:\/\/api.w.org\/{rel}","templated":true}]}}