{"id":300176,"date":"2025-08-06T10:45:19","date_gmt":"2025-08-06T10:45:19","guid":{"rendered":"https:\/\/www.europesays.com\/fr\/300176\/"},"modified":"2025-08-06T10:45:19","modified_gmt":"2025-08-06T10:45:19","slug":"valse-des-caddies-qui-est-le-5e-caddie-utilise-par-collin-morikawa-cette-saison","status":"publish","type":"post","link":"https:\/\/www.europesays.com\/fr\/300176\/","title":{"rendered":"Valse des caddies : qui est le 5e caddie utilis\u00e9 par Collin Morikawa cette saison ?"},"content":{"rendered":"<p>\t\t\t\t\t\t<img width=\"770\" height=\"556\" src=\"https:\/\/www.europesays.com\/fr\/wp-content\/uploads\/2025\/08\/collin-morikawa-770x556.jpg\" class=\"img-responsive wp-post-image\" alt=\"Collin Morikawa Andy Lyons\/Getty Images\/AFP\" decoding=\"async\" fetchpriority=\"high\"  \/>\t\t\t\t\t<\/p>\n<p>\t\t\t\t\t\t Partager cet article <\/p>\n<p class=\"screen-reader-text juiz_sps_maybe_hidden_text\">Partager la publication \u00ab\u00a0Valse des caddies : qui est le 5e caddie utilis\u00e9 par Collin Morikawa cette saison ?\u00a0\u00bb<\/p>\n<p><strong>Collin Morikawa va se pr\u00e9senter au d\u00e9part de la premi\u00e8re lev\u00e9e des Playoffs de la FedEx Cup \u00e0 Memphis cette semaine avec son cinqui\u00e8me caddie diff\u00e9rent de la saison. L\u2019Am\u00e9ricain, 6e joueur mondial, n\u2019a toujours pas trouv\u00e9 chaussure \u00e0 son pied depuis qu\u2019il s\u2019est s\u00e9par\u00e9 de J.J. Jakovac en avril.<\/strong><\/p>\n<p>\t\t\t\t\t<a id=\"174987\" href=\"https:\/\/www.sudfrancegolf.com\/fr\/\" target=\"_blank\" rel=\"sponsorised noopener\"><img decoding=\"async\" src=\"data:image\/svg+xml,%3Csvg%20xmlns=\" http:=\"\" class=\"img-responsive\" alt=\"\" data-lazy-src=\"https:\/\/www.europesays.com\/fr\/wp-content\/uploads\/2025\/06\/giesudfrancegolf-e02-egolf-pass-2025-v2-1170x275-1.gif\"\/><\/a><\/p>\n<p><strong>Joe<\/strong> <strong>Greiner<\/strong>, <strong>KK<\/strong> <strong>Limbhasut<\/strong>, <strong>Billy Foster<\/strong> et maintenant <strong>Mark Urbanek.<\/strong><\/p>\n<p>Depuis <a href=\"https:\/\/www.golfplanete.com\/actualites\/golf-pga-tour-pour-le-6e-signature-event-collin-morikawa-prend-une-decision-radicale\/\" target=\"_blank\" rel=\"noopener\">sa s\u00e9paration avec son caddie<\/a> de longue date <strong>J.J. Jakovac<\/strong>, <strong>Collin Morikawa<\/strong> enchaine les relations de courtes dur\u00e9es sans que ses r\u00e9sultats s\u2019am\u00e9liorent.\u00a0<\/p>\n<p>Apr\u00e8s sa <a href=\"https:\/\/www.golfplanete.com\/actualites\/aldrich-potgieter-sort-vainqueur-dun-play-off-a-trois-a-detroit-week-end-a-oublier-pour-perez-et-rozner\/\" target=\"_blank\" rel=\"noopener\">8e place \u00e0 D\u00e9troit dans le Rocket Classic<\/a>, son premier top 10 depuis le <strong>Players<\/strong> en mars, le Californien a enchain\u00e9 deux cuts manqu\u00e9s, au <strong>Genesis Scottish Open<\/strong> et \u00e0<a href=\"https:\/\/www.golfplanete.com\/categorie\/actualites\/majeurs-grands-rendez-vous\/the-open\/\" target=\"_blank\" rel=\"noopener\"> The Open<\/a> du c\u00f4t\u00e9 de <strong>Portrush<\/strong> avec l\u2019exp\u00e9riment\u00e9 Foster.<\/p>\n<p>\t\t\t\t\t<a id=\"181417\" href=\"https:\/\/cabotbordeaux.com\/fr\/booking\/training-golf\" target=\"_blank\" rel=\"sponsorised noopener\"><img decoding=\"async\" src=\"data:image\/svg+xml,%3Csvg%20xmlns=\" http:=\"\" class=\"img-responsive\" alt=\"\" data-lazy-src=\"https:\/\/www.europesays.com\/fr\/wp-content\/uploads\/2025\/08\/cabot-e04-stage-septembre-1170x275-1.gif\"\/><\/a><br \/>\nChaises musicales<\/p>\n<p>C\u2019est donc vers l\u2019ex-caddie de <strong>Tony<\/strong> <strong>Finau<\/strong>, que Morikawa (19e de la <strong>FedEx Cup<\/strong>) s\u2019est tourn\u00e9 cette semaine pour l\u2019\u00e9pauler sur le parcours du <strong>TPC Southwind<\/strong> dans le <strong>FedEx St. Jude Championship<\/strong>, le premier tournoi des Playoffs.<\/p>\n<p>Urbanek et Finau \u00e9taient encore ensemble \u00e0 The Open le mois dernier mais viennent de se s\u00e9parer apr\u00e8s pr\u00e8s de 5 ans de collaboration. \u00c0 Memphis, Finau s\u2019est adjoint les services de <strong>Tim Tucker<\/strong>, l\u2019ancien caddie de <strong>Bryson DeChambeau<\/strong>, notamment lors de sa victoire dans l\u2019<strong>U.S. Open<\/strong> en 2020 et qui a fait une pige pour son ancien boss \u00e0 l\u2019occasion de <a href=\"https:\/\/www.golfplanete.com\/actualites\/liv-golf-uk-joaquin-niemann-resiste-a-bubba-watson-et-triomphe-a-nouveau-legion-xiii-simpose\/\" target=\"_blank\" rel=\"noopener\">l\u2019\u00e9tape du circuit saoudien au Royaume-Uni fin juillet.<\/a><\/p>\n<p>\t\t\t\t\t<a id=\"181434\" href=\"https:\/\/www.omegaeuropeanmasters.com\/fr\/tickets\/tickets\" target=\"_blank\" rel=\"sponsorised noopener\"><img fetchpriority=\"high\" decoding=\"async\" src=\"https:\/\/www.europesays.com\/fr\/wp-content\/uploads\/2025\/08\/omegamasters-e02-billetterie-om25-1170x275-1.jpg\" class=\"img-responsive\" alt=\"\"\/><\/a><br \/>\nUn choix \u00e0 faire pour esp\u00e9rer faire partie de l\u2019\u00e9quipe am\u00e9ricaine de Ryder Cup<\/p>\n<p>Sans caddie fixe \u00e0 un peu plus d\u2019un mois de la <strong>Ryder Cup<\/strong>, difficile d\u2019imaginer Morikawa appel\u00e9 par <strong>Keegan Bradley<\/strong>. Actuellement <a href=\"https:\/\/www.rydercup.com\/us-rankings\" target=\"_blank\" rel=\"noopener\">8e de la liste des points<\/a> o\u00f9 seuls les 6 premiers sont qualifi\u00e9s automatiquement, le double vainqueur de Majeur (<strong>PGA Championship 2020<\/strong> et <strong>The Open 2021<\/strong>) risque de faire les frais de son inconstance.<\/p>\n<p>\u00a0<\/p>\n<p>\u00a0<\/p>\n<p>\u00a9Andy Lyons\/Getty Images\/AFP<\/p>\n","protected":false},"excerpt":{"rendered":"Partager cet article Partager la publication \u00ab\u00a0Valse des caddies : qui est le 5e caddie utilis\u00e9 par Collin&hellip;\n","protected":false},"author":2,"featured_media":300177,"comment_status":"","ping_status":"","sticky":false,"template":"","format":"standard","meta":{"footnotes":""},"categories":[1418],"tags":[1011,27,1472,60],"class_list":{"0":"post-300176","1":"post","2":"type-post","3":"status-publish","4":"format-standard","5":"has-post-thumbnail","7":"category-golf","8":"tag-fr","9":"tag-france","10":"tag-golf","11":"tag-sports"},"share_on_mastodon":{"url":"https:\/\/pubeurope.com\/@fr\/114981419336425031","error":""},"_links":{"self":[{"href":"https:\/\/www.europesays.com\/fr\/wp-json\/wp\/v2\/posts\/300176","targetHints":{"allow":["GET"]}}],"collection":[{"href":"https:\/\/www.europesays.com\/fr\/wp-json\/wp\/v2\/posts"}],"about":[{"href":"https:\/\/www.europesays.com\/fr\/wp-json\/wp\/v2\/types\/post"}],"author":[{"embeddable":true,"href":"https:\/\/www.europesays.com\/fr\/wp-json\/wp\/v2\/users\/2"}],"replies":[{"embeddable":true,"href":"https:\/\/www.europesays.com\/fr\/wp-json\/wp\/v2\/comments?post=300176"}],"version-history":[{"count":0,"href":"https:\/\/www.europesays.com\/fr\/wp-json\/wp\/v2\/posts\/300176\/revisions"}],"wp:featuredmedia":[{"embeddable":true,"href":"https:\/\/www.europesays.com\/fr\/wp-json\/wp\/v2\/media\/300177"}],"wp:attachment":[{"href":"https:\/\/www.europesays.com\/fr\/wp-json\/wp\/v2\/media?parent=300176"}],"wp:term":[{"taxonomy":"category","embeddable":true,"href":"https:\/\/www.europesays.com\/fr\/wp-json\/wp\/v2\/categories?post=300176"},{"taxonomy":"post_tag","embeddable":true,"href":"https:\/\/www.europesays.com\/fr\/wp-json\/wp\/v2\/tags?post=300176"}],"curies":[{"name":"wp","href":"https:\/\/api.w.org\/{rel}","templated":true}]}}