{"id":300180,"date":"2025-08-06T10:48:11","date_gmt":"2025-08-06T10:48:11","guid":{"rendered":"https:\/\/www.europesays.com\/fr\/300180\/"},"modified":"2025-08-06T10:48:11","modified_gmt":"2025-08-06T10:48:11","slug":"victoria-mboko-elena-rybakina-wta-1000-open-du-canada-demi-finales-jeudi-07-aout-2025-lequipe","status":"publish","type":"post","link":"https:\/\/www.europesays.com\/fr\/300180\/","title":{"rendered":"Victoria Mboko &#8211; Elena Rybakina, WTA 1000, Open du Canada, Demi-finales, Jeudi 07 ao\u00fbt 2025 &#8211; L&#039;\u00c9quipe"},"content":{"rendered":"<ol>\n<li><a href=\"https:\/\/news.google.com\/rss\/articles\/CBMiywFBVV95cUxNYkFSQWhERW1FdVU4OHNVblYxZTljX3prbmNwTDhXX0E2b2JWdGFQbXdoSHhsbW5uOGtXcVV0ZjlTRmgzYW1NSnA1NThXNjhEcURmTHhsdXRHMmhwdV9VSmlCYXFCTEZXcDVOZEduRjZPc1AzX0V6bXlOWDBMa3Z3REdqcXpmc2c5azROV0p6NGE4X2N1cWt5cUIxMWdiYTdSSWlfb01UbXdfUm9md2FNbnFqOWVXa1dLNEY1S0dqd1lEYnNTVWRfZ29aOA?oc=5\" target=\"_blank\" rel=\"nofollow noopener\">Victoria Mboko &#8211; Elena Rybakina, WTA 1000, Open du Canada, Demi-finales, Jeudi 07 ao\u00fbt 2025<\/a>&nbsp;&nbsp;L&rsquo;\u00c9quipe<\/li>\n<li><a href=\"https:\/\/news.google.com\/rss\/articles\/CBMi2AFBVV95cUxQMG9hTnJDdllqbktwdnVTRTRMMDhGdkdDeVVnMTEtMng3QUpMd29mUU85bWx2Rm42elV6Snk5RHNSeVJGbW9LT1VyQ0Z6N0FBMUJQZUw2ZGd4UHF2b1ZKZmh3NkhJRm5MY1ZSQldfdS1TMDVIZW5oaXBfNjZHZ0pwRk1sdlNtaFBReXYtdEMtVzE4clM3R1VKSGtBQlJKLU9rVDRpaFR1TjQ0WmVZc2NfOVJGY2xrWVVEOU5ENnRwWmg0SWVWVlBleFpKRHFSbGVSVHRySUNMc2s?oc=5\" target=\"_blank\" rel=\"nofollow noopener\">Montr\u00e9al &#8211; Rybakina profite de l&rsquo;abandon de Kostyuk pour filer dans le dernier carr\u00e9<\/a>&nbsp;&nbsp;Orange Actualit\u00e9s | Sports<\/li>\n<li><a href=\"https:\/\/news.google.com\/rss\/articles\/CBMi2gFBVV95cUxOM3l2MFFZOC1GUU5TajVPTXVWNUJ0bDhxY2lydEVldllrTnJIaF9CWmJMWHhTWGFHV21sX2RsZkFfcGxUbmFOVEdVTHBiT1pUdEZoQWg2VTVMOU5zU1JzSHAxbUZRT2tRN1JLZDhsUDc0QnpmWXdiZ2drX0JhSFh4YndvWVVkbklFS1ZhckVPNDhlNjBBbTFKQ1VTVXZTeUJHNXFsMUFnb1c5VGNJMjJxZkY1R0Z5T3ZQejRwREpPT3pOZlZTTV9sT0FTTm5XTGxDTVV5Tm0yWjJtUQ?oc=5\" target=\"_blank\" rel=\"nofollow noopener\">Omnium Banque Nationale : L&rsquo;heure est \u00e0 la revanche pour Victoria Mboko contre Elena Rybakina (WTA)<\/a>&nbsp;&nbsp;RDS<\/li>\n<li><a href=\"https:\/\/news.google.com\/rss\/articles\/CBMi1AFBVV95cUxNbE1mekRJUjFFM19iMDlSanNTMFhDeWo1LWRBXzVPcUh5R1JpZy1sdTFHNmdQcXVLMktqcXNreEhUZmEyYldpTWlFdlE5R3BxZkJCY2JkT2FYRkpaWjB3Njl1RjdmbU9KQUhEYU9HOGJiMFB5VlZKSjlTWVo5NkpaVGpQQkd6c2t1Vk02TGdlWTV1eWFRa1lJQllPTXZIVjdBZWhLV2cwdEdPSU41b0d3SDBaTnhvekd5VVR0TFlVUUlBZk9oT0FBSUJkdjhTeGExbTNHMQ?oc=5\" target=\"_blank\" rel=\"nofollow noopener\">WTA &#8211; Montr\u00e9al &gt; Rybakina, qui va affronter la p\u00e9pite Mboko : \u00ab Je vais juste essayer de me concentrer sur moi-m\u00eame<\/a>&nbsp;&nbsp;We Love Tennis<\/li>\n<li><a href=\"https:\/\/news.google.com\/rss\/articles\/CBMilwFBVV95cUxObnRvbWhSLVBNUmlHbzZIVkNIYUI3WWhWaDJUMmdQZmxaMEpqdDJFaWJRREEwLVltMHZXYm9SQ2YzTFp4dmVmcWJtQzBzN1FtUmJGUVlBb1hULWpDMG51aXBVS1F0Z1drb2FQMnA3aTE4bmJiampEczJlSDQ1MXNtOUlUWGYzS2xoaHE0OVhld2ctTVUweHZR?oc=5\" target=\"_blank\" rel=\"nofollow noopener\">WTA 1000 Montr\u00e9al : Tout savoir sur les demi-finales<\/a>&nbsp;&nbsp;Univers Tennis<\/li>\n<\/ol>\n","protected":false},"excerpt":{"rendered":"Victoria Mboko &#8211; Elena Rybakina, WTA 1000, Open du Canada, Demi-finales, Jeudi 07 ao\u00fbt 2025&nbsp;&nbsp;L&rsquo;\u00c9quipe Montr\u00e9al &#8211; Rybakina&hellip;\n","protected":false},"author":2,"featured_media":1983,"comment_status":"","ping_status":"","sticky":false,"template":"","format":"standard","meta":{"footnotes":""},"categories":[1415],"tags":[1011,27,60,1467],"class_list":{"0":"post-300180","1":"post","2":"type-post","3":"status-publish","4":"format-standard","5":"has-post-thumbnail","7":"category-tennis","8":"tag-fr","9":"tag-france","10":"tag-sports","11":"tag-tennis"},"share_on_mastodon":{"url":"https:\/\/pubeurope.com\/@fr\/114981431137951658","error":""},"_links":{"self":[{"href":"https:\/\/www.europesays.com\/fr\/wp-json\/wp\/v2\/posts\/300180","targetHints":{"allow":["GET"]}}],"collection":[{"href":"https:\/\/www.europesays.com\/fr\/wp-json\/wp\/v2\/posts"}],"about":[{"href":"https:\/\/www.europesays.com\/fr\/wp-json\/wp\/v2\/types\/post"}],"author":[{"embeddable":true,"href":"https:\/\/www.europesays.com\/fr\/wp-json\/wp\/v2\/users\/2"}],"replies":[{"embeddable":true,"href":"https:\/\/www.europesays.com\/fr\/wp-json\/wp\/v2\/comments?post=300180"}],"version-history":[{"count":0,"href":"https:\/\/www.europesays.com\/fr\/wp-json\/wp\/v2\/posts\/300180\/revisions"}],"wp:featuredmedia":[{"embeddable":true,"href":"https:\/\/www.europesays.com\/fr\/wp-json\/wp\/v2\/media\/1983"}],"wp:attachment":[{"href":"https:\/\/www.europesays.com\/fr\/wp-json\/wp\/v2\/media?parent=300180"}],"wp:term":[{"taxonomy":"category","embeddable":true,"href":"https:\/\/www.europesays.com\/fr\/wp-json\/wp\/v2\/categories?post=300180"},{"taxonomy":"post_tag","embeddable":true,"href":"https:\/\/www.europesays.com\/fr\/wp-json\/wp\/v2\/tags?post=300180"}],"curies":[{"name":"wp","href":"https:\/\/api.w.org\/{rel}","templated":true}]}}