{"id":300181,"date":"2025-08-06T10:49:11","date_gmt":"2025-08-06T10:49:11","guid":{"rendered":"https:\/\/www.europesays.com\/fr\/300181\/"},"modified":"2025-08-06T10:49:11","modified_gmt":"2025-08-06T10:49:11","slug":"basket-lastroballe-de-villeurbanne-pourrait-accueillir-un-tournoi-de-qualification-au-mondial-feminin","status":"publish","type":"post","link":"https:\/\/www.europesays.com\/fr\/300181\/","title":{"rendered":"Basket. L\u2019Astroballe de Villeurbanne pourrait accueillir un tournoi de qualification au mondial f\u00e9minin"},"content":{"rendered":"<p>L\u2019Astroballe va-t-elle recevoir des futures \u00e9quipes participantes \u00e0 la Coupe du monde f\u00e9minine de basket \u00e0 Berlin en Allemagne du 4 au 13\u00a0septembre 2026\u00a0? La\u00a0F\u00e9d\u00e9ration fran\u00e7aise de basket-ball (FFBB) a port\u00e9 la candidature de la salle de Villeurbanne devant la FIBA, mardi 5\u00a0ao\u00fbt, pour accueillir l\u2019un des tournois de qualification qui se d\u00e9roulera du 11 au 17\u00a0mars 2026 et notamment les matches de l\u2019\u00e9quipe de France.<\/p>\n<p>La FFBB estime avoir l\u2019exp\u00e9rience pour un \u00e9v\u00e8nement de cette envergure, apr\u00e8s les organisations des \u00ab\u00a0TQO (Tournoi de Qualification Olympique) \u00e0 Nantes en 2016 et Bourges en 2020, ou encore lors du premier tour de l\u2019Euro f\u00e9minin \u00e0 Strasbourg en 2021\u00a0\u00bb. Et <a href=\"https:\/\/www.leprogres.fr\/economie\/2025\/04\/15\/renovation-de-l-astroballe-un-projet-a-60-m-pour-accueillir-du-basket-et-des-spectacles\" target=\"_blank\" rel=\"noopener\">mise sur l\u2019Astroballe et ses 5500 places<\/a> , une \u00ab\u00a0salle reconnue du basket fran\u00e7ais\u00a0\u00bb.<\/p>\n<p>  Un \u00ab\u00a0savoir-faire reconnu en la mati\u00e8re\u00a0\u00bb<\/p>\n<p>\u00ab\u00a0Nous \u00e9changeons avec la FIBA depuis plusieurs mois afin d\u2019organiser \u00e0 nouveau des \u00e9v\u00e9nements internationaux majeurs en France. Notre savoir-faire est reconnu en la mati\u00e8re, tout comme notre capacit\u00e9 \u00e0 mobiliser le public et \u00e0 en faire des f\u00eates populaires. Il \u00e9tait donc tout \u00e0 fait logique pour la FFBB de se positionner pour accueillir un Tournoi de Qualification \u00e0 la Coupe du Monde f\u00e9minine 2026 en mars prochain\u00a0\u00bb, a justifi\u00e9 <a href=\"https:\/\/www.leprogres.fr\/sport\/2024\/12\/19\/president-de-la-ffbb-j-p-hunckler-veut-voir-le-scabb-et-roanne-dans-l-elite\" target=\"_blank\" rel=\"noopener\">Jean-Pierre Hunckler<\/a> , patron de la FFBB.<\/p>\n<p>  5 \u00e9quipes d\u00e9j\u00e0 qualifi\u00e9es, 11 places \u00e0 prendre<\/p>\n<p>Seize \u00e9quipes participeront \u00e0 la Coupe du Monde 2026 \u00e0 Berlin (Allemagne). Cinq \u00e9quipes sont directement qualifi\u00e9es pour la comp\u00e9tition (mais participeront tout de m\u00eame aux tournois de qualification en mars prochain)\u00a0: l\u2019Allemagne (pays h\u00f4te), la Belgique (champion d\u2019Europe 2025), les \u00c9tats-Unis (champion des Am\u00e9riques 2025), l\u2019Australie (champion d\u2019Asie 2025), et le Nigeria (champion d\u2019Afrique 2025).<\/p>\n<p>Les onze autres \u00e9quipes, dont l\u2019\u00c9quipe de France f\u00e9minine, devront se qualifier par le biais des tournois de qualification \u00e0 la Coupe du Monde de mars\u00a02026.<\/p>\n","protected":false},"excerpt":{"rendered":"L\u2019Astroballe va-t-elle recevoir des futures \u00e9quipes participantes \u00e0 la Coupe du monde f\u00e9minine de basket \u00e0 Berlin en&hellip;\n","protected":false},"author":2,"featured_media":300182,"comment_status":"","ping_status":"","sticky":false,"template":"","format":"standard","meta":{"footnotes":""},"categories":[1414],"tags":[36719,44051,1465,1791,1464,2757,107,1011,27,2428,2756,517,60],"class_list":{"0":"post-300181","1":"post","2":"type-post","3":"status-publish","4":"format-standard","5":"has-post-thumbnail","7":"category-basket","8":"tag-asvel-asvel-lyon-villeurbanne-basket","9":"tag-asvel-feminin","10":"tag-basket","11":"tag-basket-ball","12":"tag-basketball","13":"tag-edition-lyon-villeurbanne","14":"tag-fil-info","15":"tag-fr","16":"tag-france","17":"tag-lyon","18":"tag-lyon-bassin","19":"tag-sport","20":"tag-sports"},"share_on_mastodon":{"url":"https:\/\/pubeurope.com\/@fr\/114981435120428974","error":""},"_links":{"self":[{"href":"https:\/\/www.europesays.com\/fr\/wp-json\/wp\/v2\/posts\/300181","targetHints":{"allow":["GET"]}}],"collection":[{"href":"https:\/\/www.europesays.com\/fr\/wp-json\/wp\/v2\/posts"}],"about":[{"href":"https:\/\/www.europesays.com\/fr\/wp-json\/wp\/v2\/types\/post"}],"author":[{"embeddable":true,"href":"https:\/\/www.europesays.com\/fr\/wp-json\/wp\/v2\/users\/2"}],"replies":[{"embeddable":true,"href":"https:\/\/www.europesays.com\/fr\/wp-json\/wp\/v2\/comments?post=300181"}],"version-history":[{"count":0,"href":"https:\/\/www.europesays.com\/fr\/wp-json\/wp\/v2\/posts\/300181\/revisions"}],"wp:featuredmedia":[{"embeddable":true,"href":"https:\/\/www.europesays.com\/fr\/wp-json\/wp\/v2\/media\/300182"}],"wp:attachment":[{"href":"https:\/\/www.europesays.com\/fr\/wp-json\/wp\/v2\/media?parent=300181"}],"wp:term":[{"taxonomy":"category","embeddable":true,"href":"https:\/\/www.europesays.com\/fr\/wp-json\/wp\/v2\/categories?post=300181"},{"taxonomy":"post_tag","embeddable":true,"href":"https:\/\/www.europesays.com\/fr\/wp-json\/wp\/v2\/tags?post=300181"}],"curies":[{"name":"wp","href":"https:\/\/api.w.org\/{rel}","templated":true}]}}