{"id":300183,"date":"2025-08-06T10:50:16","date_gmt":"2025-08-06T10:50:16","guid":{"rendered":"https:\/\/www.europesays.com\/fr\/300183\/"},"modified":"2025-08-06T10:50:16","modified_gmt":"2025-08-06T10:50:16","slug":"bastianini-voit-le-bout-du-tunnel-jai-traverse-des-mois-difficiles","status":"publish","type":"post","link":"https:\/\/www.europesays.com\/fr\/300183\/","title":{"rendered":"Bastianini voit le bout du tunnel\u00a0:\u00a0\u00ab\u00a0J&rsquo;ai travers\u00e9 des mois difficiles\u00a0\u00bb"},"content":{"rendered":"<p>On a parfois pu se demander jusqu&rsquo;o\u00f9 irait la descente d&rsquo;<a href=\"https:\/\/fr.motorsport.com\/driver\/enea-bastianini\/109398\/\" target=\"_blank\" rel=\"noopener nofollow\">Enea Bastianini<\/a>. Tr\u00e8s en souffrance depuis qu&rsquo;il a int\u00e9gr\u00e9 le groupe KTM, l&rsquo;Italien n&rsquo;a pas r\u00e9ussi \u00e0 suivre le rythme de ses coll\u00e8gues, balay\u00e9 notamment par la r\u00e9ussite vite obtenue par son voisin de garage, un <a href=\"https:\/\/fr.motorsport.com\/driver\/maverick-vinales\/96553\/\" target=\"_blank\" rel=\"noopener nofollow\">Maverick Vi\u00f1ales<\/a> qui, comme lui, ne connaissait rien \u00e0 la RC16 avant cette ann\u00e9e.<\/p>\n<p>Jamais qualifi\u00e9 plus haut que 16e, jamais dans les points en sprint et seulement quatre fois dans le top 10 en course principale : ce n&rsquo;est un secret pour personne que les performances de Bastianini ont \u00e9t\u00e9 inf\u00e9rieures \u00e0 ses attentes durant cette premi\u00e8re moiti\u00e9 du championnat, lui\u00a0que l&rsquo;on a connu vainqueur \u00e0 sept reprises ces derni\u00e8res saisons.<\/p>\n<p>\u00ab\u00a0On a vu tout de suite que \u00e7a n&rsquo;\u00e9tait pas \u00e0 la hauteur de ce que je fais habituellement, que c&rsquo;\u00e9tait une moto avec laquelle j&rsquo;allais avoir plus de mal. Je cherche \u00e0 \u00e9tudier [les autres] pour r\u00e9ussir \u00e0 faire quelque chose, y compris en course\u00a0\u00bb, expliquait le natif de Rimini avant de se lancer dans le week-end de Brno.<\/p>\n<p>Il sortait tout juste de l&rsquo;h\u00f4pital, car aux difficult\u00e9s en piste s&rsquo;est ajout\u00e9e <a href=\"https:\/\/fr.motorsport.com\/motogp\/news\/bastianini-retour-affaibli-crise-appendicite\/10742826\/\" target=\"_self\" rel=\"noopener nofollow\">une intoxication bact\u00e9rienne qui l&rsquo;a mis KO<\/a> et l&rsquo;a oblig\u00e9 \u00e0 manquer un Grand Prix. Difficile donc de croire qu&rsquo;il allait pouvoir redresser la barre avant la pause. Et pourtant, \u00e0 peine quelques jours plus tard, Bastianini est parti en vacances avec le sourire, cette visite en R\u00e9publique tch\u00e8que ayant soudain\u00a0marqu\u00e9 un vrai tournant.<\/p>\n<p>Lire aussi :<\/p>\n<p>\u00ab\u00a0J&rsquo;ai moi aussi parfois per\u00e7u la lumi\u00e8re, r\u00e9ussi en tout cas \u00e0 \u00eatre plus efficace que d&rsquo;autres pilotes KTM, mais on n&rsquo;a pas encore d\u00e9fini la voie que je voudrais suivre. Je crois que \u00e7a va venir avec le travail, avec les nouveaut\u00e9s qui vont arriver\u00a0\u00bb, soulignait-il encore avant d&rsquo;attaquer le Grand Prix tch\u00e8que.<\/p>\n<p>Tout n&rsquo;\u00e9tait pas totalement noir en effet dans son bilan \u00e0 ce stade. Ces \u00e9claircies, il en a b\u00e9n\u00e9fici\u00e9 dans les semaines qui ont pr\u00e9c\u00e9d\u00e9 la pause, au Mugello ou encore \u00e0 Assen notamment. Mais s&rsquo;il arrivait parfois \u00e0 terminer ses week-ends avec des sensations en progr\u00e8s, il subissait lourdement son manque de sensations en pneus neufs, et donc ses faibles qualifications, ainsi qu&rsquo;une inconstance marqu\u00e9e.<\/p>\n<p>Sur ce point, le week-end de Brno a v\u00e9ritablement balay\u00e9 le pass\u00e9.\u00a0Ce Grand Prix a permis \u00e0 Bastianini de retrouver le sourire et il l&rsquo;a plac\u00e9 dans une belle dynamique avant la pause, avec des performances solides de bout en bout du week-end. Une meilleure adh\u00e9rence a contribu\u00e9 \u00e0 hausser le niveau des quatre KTM, cependant le bond du pilote Tech3 a \u00e9t\u00e9 tout bonnement spectaculaire.<\/p>\n<p>   <img decoding=\"async\" draggable=\"false\" src=\"https:\/\/www.europesays.com\/fr\/wp-content\/uploads\/2025\/08\/1754477414_336_enea-bastianini-red-bull-ktm-t.jpg\" alt=\"Une m\u00e9daille synonyme de d\u00e9livrance pour Enea Bastianini.\" width=\"1200\" height=\"800\" loading=\"lazy\"\/> <\/p>\n<p class=\"title\">Une m\u00e9daille synonyme de d\u00e9livrance pour Enea Bastianini.<\/p>\n<p class=\"photographer\">Photo de: Gold and Goose Photography \/ LAT Images \/ via Getty Images<\/p>\n<p>Ses performances \u00e0 Brno (une qualification directe en Q2, la troisi\u00e8me place du sprint et la quatri\u00e8me de la course avant sa chute) ont \u00e9t\u00e9 tellement sup\u00e9rieures \u00e0 sa moyenne de l&rsquo;ann\u00e9e que cela paraissait m\u00eame un peu dur \u00e0 croire apr\u00e8s les grosses difficult\u00e9s des derniers mois.<\/p>\n<p>\u00ab\u00a0J&rsquo;ai toujours pens\u00e9 que quand j&rsquo;arriverais \u00e0 faire quelque chose de plus, le step serait important, et \u00e7a a \u00e9t\u00e9 le cas\u00a0\u00bb, a-t-il cependant fait remarquer. \u00ab\u00a0Parce que quand on manque de confiance, on perd non pas un ou deux dixi\u00e8mes, mais plut\u00f4t sept ou huit. Et quand on a un bon feeling, tout \u00e7a change, on peut progresser. C&rsquo;est ma chance de pouvoir \u00e0 pr\u00e9sent revenir et prendre du plaisir.\u00a0\u00bb<\/p>\n<p>\u00ab\u00a0J&rsquo;ai travers\u00e9 des mois difficiles, je ne le nie pas, mais j&rsquo;ai toujours gard\u00e9 conscience de mon potentiel. Quand les choses sont au point, j&rsquo;arrive \u00e0 m&rsquo;exprimer, la journ\u00e9e [de samedi \u00e0 Brno] a \u00e9t\u00e9 de celles-l\u00e0. Dans ce genre de situation, les gens que l&rsquo;on a autour de soi comptent beaucoup et j&rsquo;ai une belle famille qui m&rsquo;entoure. Je tiens \u00e0 la remercier, ils m&rsquo;ont toujours soutenu.\u00a0\u00bb<\/p>\n<blockquote>\n<p>Je n&rsquo;ai pas encore tout sous contr\u00f4le, c&rsquo;est certain, mais le jour viendra o\u00f9 ce sera le cas.<\/p>\n<\/blockquote>\n<p>\u00ab\u00a0Cette ann\u00e9e a \u00e9t\u00e9 tr\u00e8s difficile jusqu&rsquo;ici, mais \u00e7a a \u00e9t\u00e9 plus facile [\u00e0 Brno], on \u00e9tait tout le temps aux avant-postes. Le d\u00e9part continue \u00e0 nous limiter un peu. En partant plus haut, tout est plus simple, \u00e9videmment\u00a0\u00bb, faisait tout de m\u00eame remarquer Bastianini en quittant Brno, o\u00f9 il s&rsquo;\u00e9lan\u00e7ait 11e et a \u00ab\u00a0pay\u00e9 cher\u00a0\u00bb une erreur dans le septi\u00e8me tour, le privant de la quatri\u00e8me place qu&rsquo;il occupait alors.\u00a0<\/p>\n<p>\u00ab\u00a0Il faut qu&rsquo;on travaille dans cette direction\u00a0\u00bb,\u00a0insistait le pilote Tech3 en quittant la R\u00e9publique tch\u00e8que, conscient qu&rsquo;il tient maintenant une voie \u00e0 explorer. \u00ab\u00a0Je crois que la direction prise est la bonne. Je n&rsquo;ai pas encore tout sous contr\u00f4le, c&rsquo;est certain, mais le jour viendra o\u00f9 ce sera le cas.\u00a0\u00bb<\/p>\n<p>   <img decoding=\"async\" draggable=\"false\" src=\"https:\/\/www.europesays.com\/fr\/wp-content\/uploads\/2025\/08\/1754477416_855_enea-bastianini-red-bull-ktm-t.jpg\" alt=\"Enea Bastianini a-t-il pass\u00e9 un cap durablement ?\" width=\"1200\" height=\"800\" loading=\"lazy\"\/> <\/p>\n<p class=\"title\">Enea Bastianini a-t-il pass\u00e9 un cap durablement ?<\/p>\n<p class=\"photographer\">Photo de: Gold and Goose Photography \/ LAT Images \/ via Getty Images<\/p>\n<p>Il serait, certes, tr\u00e8s pr\u00e9matur\u00e9 d&rsquo;estimer que la domination Ducati s&rsquo;effrite, mais ce dernier Grand Prix avant la pause a en tout cas montr\u00e9 une autre hi\u00e9rarchie, avec une plus grande mixit\u00e9 de marques aux avant-postes. \u00ab\u00a0Le fait qu&rsquo;on n&rsquo;ait pas couru sur cette piste depuis longtemps a \u00e9t\u00e9 un d\u00e9savantage pour eux. On \u00e9tait tous plus proches. La v\u00e9rit\u00e9, c&rsquo;est qu&rsquo;aujourd&rsquo;hui aussi, les Ducati \u00e9taient assez rapides\u00a0\u00bb, faisait remarquer Bastianini. \u00ab\u00a0Mais il est clair qu&rsquo;on essaye de pousser fort pour combler notre retard. Je crois que, petit \u00e0 petit, on y arrivera.\u00a0\u00bb<\/p>\n<p>Maintenant que KTM est en capacit\u00e9 de produire certaines \u00e9volutions sur-mesure pour ses pilotes, l&rsquo;Italien attend impatiemment une pi\u00e8ce bien pr\u00e9cise, qu&rsquo;il a demand\u00e9e avant l&rsquo;\u00e9t\u00e9 et qu&rsquo;il devrait recevoir \u00e0 la reprise, en Autriche.\u00a0\u00ab\u00a0J&rsquo;ai cette exigence de recevoir une nouvelle selle parce que je suis s\u00fbr que \u00e7a va m&rsquo;apporter un gros b\u00e9n\u00e9fice. Pour le moment, je ne peux pas prendre la position que je voudrais quand je suis \u00e0 la corde et j&rsquo;ai vraiment du mal \u00e0 rester agripp\u00e9 \u00e0 la moto, alors \u00e7a va m&rsquo;aider.\u00a0\u00bb<\/p>\n<p>\u00c0 cela s&rsquo;ajoutent <a href=\"https:\/\/fr.motorsport.com\/motogp\/news\/ktm-repris-cours-normal-prevoir-avenir\/10741299\/\" target=\"_self\" rel=\"noopener nofollow\">les bonnes nouvelles en provenance de KTM<\/a>, dont le nouveau PDG a \u00e9t\u00e9 vu \u00e0 Brno. \u00ab\u00a0Dans le box, il a motiv\u00e9 tout le monde et c&rsquo;\u00e9tait bien\u00a0\u00bb,\u00a0a observ\u00e9 le pilote Tech3. \u00ab\u00a0Il est bourr\u00e9 d&rsquo;\u00e9nergie, \u00e7a se voit, alors je suis content qu&rsquo;il soit pass\u00e9 \u00e0 la t\u00eate de KTM. Je l&rsquo;ai vu pour la premi\u00e8re fois ce week-end alors je ne le connais pas bien mais il m&rsquo;a fait une bonne premi\u00e8re impression.\u00a0\u00bb<\/p>\n<p>Lire aussi :<\/p>\n<p>Dans cet article<\/p>\n<p>Soyez le premier inform\u00e9 et souscrivez aux alertes mails pour recevoir les infos en temps r\u00e9el<\/p>\n<p>    S&rsquo;abonner aux alertes de news<\/p>\n","protected":false},"excerpt":{"rendered":"On a parfois pu se demander jusqu&rsquo;o\u00f9 irait la descente d&rsquo;Enea Bastianini. Tr\u00e8s en souffrance depuis qu&rsquo;il a&hellip;\n","protected":false},"author":2,"featured_media":300184,"comment_status":"","ping_status":"","sticky":false,"template":"","format":"standard","meta":{"footnotes":""},"categories":[1413],"tags":[3377,1011,27,1457,1456,1458,60,3374],"class_list":{"0":"post-300183","1":"post","2":"type-post","3":"status-publish","4":"format-standard","5":"has-post-thumbnail","7":"category-moto","8":"tag-enea-bastianini","9":"tag-fr","10":"tag-france","11":"tag-moto","12":"tag-motocycle","13":"tag-motogp","14":"tag-sports","15":"tag-tech-3"},"share_on_mastodon":{"url":"https:\/\/pubeurope.com\/@fr\/114981439071163740","error":""},"_links":{"self":[{"href":"https:\/\/www.europesays.com\/fr\/wp-json\/wp\/v2\/posts\/300183","targetHints":{"allow":["GET"]}}],"collection":[{"href":"https:\/\/www.europesays.com\/fr\/wp-json\/wp\/v2\/posts"}],"about":[{"href":"https:\/\/www.europesays.com\/fr\/wp-json\/wp\/v2\/types\/post"}],"author":[{"embeddable":true,"href":"https:\/\/www.europesays.com\/fr\/wp-json\/wp\/v2\/users\/2"}],"replies":[{"embeddable":true,"href":"https:\/\/www.europesays.com\/fr\/wp-json\/wp\/v2\/comments?post=300183"}],"version-history":[{"count":0,"href":"https:\/\/www.europesays.com\/fr\/wp-json\/wp\/v2\/posts\/300183\/revisions"}],"wp:featuredmedia":[{"embeddable":true,"href":"https:\/\/www.europesays.com\/fr\/wp-json\/wp\/v2\/media\/300184"}],"wp:attachment":[{"href":"https:\/\/www.europesays.com\/fr\/wp-json\/wp\/v2\/media?parent=300183"}],"wp:term":[{"taxonomy":"category","embeddable":true,"href":"https:\/\/www.europesays.com\/fr\/wp-json\/wp\/v2\/categories?post=300183"},{"taxonomy":"post_tag","embeddable":true,"href":"https:\/\/www.europesays.com\/fr\/wp-json\/wp\/v2\/tags?post=300183"}],"curies":[{"name":"wp","href":"https:\/\/api.w.org\/{rel}","templated":true}]}}