{"id":30019,"date":"2025-04-16T21:31:16","date_gmt":"2025-04-16T21:31:16","guid":{"rendered":"https:\/\/www.europesays.com\/fr\/30019\/"},"modified":"2025-04-16T21:31:16","modified_gmt":"2025-04-16T21:31:16","slug":"lille3000-fiesta-grande-fete-douverture-a-lille-le-samedi-26-avril-2025","status":"publish","type":"post","link":"https:\/\/www.europesays.com\/fr\/30019\/","title":{"rendered":"[lille3000 \u2013 Fiesta] Grande F\u00eate d\u2019Ouverture \u00e0 Lille le samedi 26 avril 2025"},"content":{"rendered":"<p style=\"text-align: justify;\"><strong>Fiesta <\/strong>se tiendra du <strong>26 avril au 09 novembre 2025. <\/strong>Cette nouvelle \u00e9dition propos\u00e9e par <strong>lille3000<\/strong> aura pour th\u00e8me : la <strong>F\u00eate !<\/strong><\/p>\n<p style=\"text-align: justify;\">Cette <strong>nouvelle \u00e9dition<\/strong> est <strong>l\u2019occasion de proposer de nouveaux modes de rassemblements,<\/strong> qui permettent <strong>d\u2019\u00e9chapper \u00e0 l\u2019individualisation de la soci\u00e9t\u00e9. Parades, f\u00eates, banquets, bals <\/strong>ou encore <strong>carnavals<\/strong> sont <strong>c\u00e9l\u00e9br\u00e9s.<\/strong><\/p>\n<p style=\"text-align: justify;\"><strong>M\u00e9tamorphoses dans l\u2019espace public<\/strong>, <strong>expositions, spectacles, th\u00e9\u00e2tre, danse, concerts, \u00e9v\u00e9nements in\u00e9dits, projets participatifs, rencontres litt\u00e9raires, d\u00e9bats<\/strong> et<strong> cin\u00e9ma,<\/strong> composent un <strong>programme tr\u00e8s vari\u00e9, <\/strong>permettant \u00e0 chacun des<strong> visiteurs, petits<\/strong> et <strong>grands, <\/strong>de <strong>partager des \u00e9motions, \u00eatre spectateur<\/strong> ou <strong>prendre part activement aux projets.<\/strong><\/p>\n<p><img loading=\"lazy\" decoding=\"async\" width=\"819\" height=\"1024\" src=\"https:\/\/www.europesays.com\/fr\/wp-content\/uploads\/2025\/04\/lille3000_fiesta_parade_02-819x1024.jpg\" alt=\"\" class=\"wp-image-83967\" style=\"aspect-ratio:0.7998046875;width:450px\"  \/><\/p>\n<p style=\"text-align: justify;\">La F\u00eate d\u2019Ouverture du 26 avril 2025<br \/>Comme pour chacune de ses <strong>grandes \u00e9ditions depuis 2006, lille3000<\/strong> lancera <strong>Fiesta <\/strong>avec <strong>une f\u00eate d\u2019ouverture \u00e0 Lille,<\/strong> avec en point d\u2019orgue <strong>une grande parade <\/strong>qui traversera le <strong>centre-ville.<\/strong><\/p>\n<p style=\"text-align: justify;\">Cette <strong>f\u00eate <\/strong>sera une <strong>nouvelle fois participative,<\/strong> <strong>invitant les habitants du territoire \u00e0 y prendre part,<\/strong> et se <strong>pr\u00e9parera plusieurs mois en amont<\/strong> dans les<strong> quartiers <\/strong>et les <strong>communes.<\/strong><\/p>\n<p style=\"text-align: justify;\">La <strong>grande parade<\/strong> d\u00e9bute aux alentours de <strong>19h30,<\/strong> le <strong>public <\/strong>peut alors <strong>suivre le parcours de cet imposant cort\u00e8ge<\/strong> compos\u00e9 de <strong>chars, musiciens, danseurs, compagnies de spectacle vivant, g\u00e9ants\u2026<\/strong> avant de se diriger vers <strong>l\u2019esplanade <\/strong>pour un <strong>final pyrotechnique.<\/strong><\/p>\n<p style=\"text-align: justify;\"><strong>Avec notamment :<\/strong> Art Point M, Green Line Marching Band, Time Circus, Capanga, Cie Picto Facto, Them\u00f4nias, Diane Marissal et J\u00e9r\u00e9mie Leblanc-Barbedienne, Les Amis des G\u00e9ants de Lille, Sheng\u00fcl \u00d6zdemi alias Shen \u00d6zdemir, Oyamba, Cie Stelzen, Pilar Albarrac\u00edn, Cie Port\u00e9 par le vent, Art-Track, Cie du Tire-Laine, le Flow, Batu\u2019Quanta, Transe Express, Groupe F et les Orchestres d\u2019harmonie de Lille-Centre, Lille-Fives, Sainghin-en-Weppes, Chapelle d\u2019Armenti\u00e8re, Cambrai, La Gorgue et \u00c9pehy.<\/p>\n<p><strong>Animations sur la place du Th\u00e9\u00e2tre \u00e0 partir de 13h : <br \/>\u2013 13h \u00e0 18h :<\/strong> stand maquillage avec Art Point M<\/p>\n<p><strong>\u2013 16h \u00e0 17h :<\/strong> Conservatoire de Lille<\/p>\n<p><strong>\u2013 17h \u00e0 18h :<\/strong> Batu\u2019Quanta<\/p>\n<p><strong>\u2013 21h10 \u00e0 21h45 :<\/strong> Dj Pass<\/p>\n<p style=\"text-align: justify;\"><strong>\u2013 21h45 \u00e0 23h :<\/strong> Dj Koco aka Sghimokita avec le Flow <br \/>Sp\u00e9cialis\u00e9 dans les mix strictement de 45 tours, il navigue entre hip-hop, soul, funk et musiques latines et africaines. Humble, aimant s\u2019amuser, magicien des platines, dot\u00e9 d\u2019un niveau ind\u00e9niable de comp\u00e9tence, d\u2019un go\u00fbt supr\u00eame et d\u2019un pur sens du spectacle, DJ Koco s\u2019est hiss\u00e9 au sommet du jeu, en tant que DJ.<\/p>\n<p style=\"text-align: justify;\"><strong>\u2013 23h \u00e0 minuit : <\/strong>SIMS x MAY DIN avec le Flow <br \/>En live, Sims &amp; May Din retranscrivent l\u2019histoire du Hip-Hop dans des sets avec des s\u00e9lections r\u00e9solument Hip-Hop, US &amp; FR, Old School, New School faisant d\u2019eux les DJ\u2019s Hip-Hop pr\u00e9\u00e9minent de la sc\u00e8ne rap et djing actuelle !<\/p>\n<p><img loading=\"lazy\" decoding=\"async\" width=\"1024\" height=\"530\" src=\"https:\/\/www.europesays.com\/fr\/wp-content\/uploads\/2025\/04\/lille3000_fiesta_parade_03-1024x530.png\" alt=\"\" class=\"wp-image-83969\"  \/><\/p>\n<p><strong>Zoom sur les Chars<\/strong><\/p>\n<p style=\"text-align: justify;\"><strong>Char Them\u00f4nias : Drag show (Br\u00e9sil)<\/strong> <br \/>Them\u00f4nias (financ\u00e9 par le commissariat br\u00e9silien de la Saison France-Br\u00e9sil) est un groupe culturel du Bel\u00e9m do Par\u00e1 qui d\u00e9veloppe des formes entre les carnavals, les expressions de l\u2019Amazonie, la danse de Carimb\u00f3. <\/p>\n<p style=\"text-align: justify;\">Et retrouvez Them\u00f4nias au Th\u00e9\u00e2tre du Nord \u00e0 Lille le mardi 29 avril 2025 \u00e0 20h (tarif : 5\u20ac)<\/p>\n<p><img decoding=\"async\" loading=\"lazy\" width=\"1024\" height=\"683\" src=\"https:\/\/www.europesays.com\/fr\/wp-content\/uploads\/2025\/04\/art_parade_05-1024x683.jpg\" alt=\"\" class=\"wp-image-62762\" style=\"aspect-ratio:1.499267935578331;width:450px;height:auto\"  \/><\/p>\n<p style=\"text-align: justify;\"><strong>Chars Art Point M : char L\u00e9opard, char Flower et char Or <\/strong><br \/>Fond\u00e9e par l\u2019artiste Fanny Bouyagui, Art Point M est une association roubaisienne qui revendique une culture urbaine d\u00e9cal\u00e9e, issue des courants majeurs underground des 90ies et du mixage des cultures. D\u00e8s sa naissance en 1991, Art Point M r\u00e9investit des espaces industriels abandonn\u00e9s, et collabore depuis de nombreuses ann\u00e9es avec lille3000 notamment autour de la conception artistique des parades.<\/p>\n<p>Plus de 200 personnes, s\u00e9lectionn\u00e9es via un casting, suivront ces chars.<\/p>\n<p style=\"text-align: justify;\"><strong>Char du Tire-Laine : musique<\/strong> <br \/>La Compagnie lilloise du Tire-Laine est un collectif de musiciens implant\u00e9 \u00e0 Lille (Moulins) o\u00f9 elle a ouvert son \u00e9cole de musique, connue pour ses nombreuses cr\u00e9ations d\u2019influences Tziganes et Klezmer et ses brassages de cultures populaires. Habitu\u00e9 des saisons lille3000, la Compagnie du Tire-Laine d\u00e9ambulera sur un char aux couleurs dor\u00e9es imagin\u00e9 par Art Point M.<\/p>\n<p><img decoding=\"async\" loading=\"lazy\" width=\"1024\" height=\"683\" src=\"https:\/\/www.europesays.com\/fr\/wp-content\/uploads\/2025\/04\/art_parade_39-1024x683.jpg\" alt=\"\" class=\"wp-image-62833\" style=\"aspect-ratio:1.499267935578331;width:450px;height:auto\"  \/><\/p>\n<p style=\"text-align: justify;\"><strong>Char Art-Track : musique &amp; danse (Hip-Hop \/ Disco-Soul \/ Cara\u00efbes \/ Afrique)<\/strong><br \/>Art-Track est une coop\u00e9rative de projets artistiques et culturels qui s\u2019inscrit dans le champ de l\u2019\u00e9conomie sociale et solidaire. \u00c0 l\u2019initiative du danseur-chor\u00e9graphe Romuald Brizolier et du directeur de production Azdine Souali, elle rassemble un noyau dur d\u2019activistes des cultures urbaines de tous horizons, des artistes confirm\u00e9s ou \u00e9mergents, issus de la danse et de la musique qui souhaitent mettre en commun leur savoir-faire, leur talent, et leur exp\u00e9rience. Sa direction artistique, comme son fonctionnement collaboratif, s\u2019inscrivent dans une dynamique de r\u00e9flexion et d\u2019exp\u00e9rimentation permanentes \u00e0 la recherche de nouvelles pistes d\u2019expression au croisement des disciplines.<\/p>\n<p style=\"text-align: justify;\">Engag\u00e9e au quotidien aupr\u00e8s des artistes issus de la culture Hip-Hop, Art-Track est un op\u00e9rateur structurant qui s\u2019attache \u00e0 soutenir la pluralit\u00e9 et l\u2019originalit\u00e9 des esth\u00e9tiques de l\u2019un des plus grands mouvements culturels contemporains en r\u00e9unissant les activit\u00e9s de producteur, de diffuseur et d\u2019organisateur d\u2019\u00e9v\u00e9nements. Pour ce faire, Art-Track a cr\u00e9\u00e9 un outil novateur pour la production de cr\u00e9ations artistiques, la structuration des porteurs de projets et le renouvellement des modes de collaboration au sein du secteur culturel. Les projets sont ainsi divers dans leurs propositions : spectacles, \u00e9v\u00e9nements, performances, workshops et masterclasses, ou encore conf\u00e9rences, mais gardent comme fil rouge la rencontre et l\u2019\u00e9change. Cet \u00e9tat d\u2019esprit culmine chaque ann\u00e9e en novembre avec le Festival HIP HOP GAMES qui vise \u00e0 raccourcir les distances entre les artistes et le public.<\/p>\n<p><strong>Zoom sur les Batucadas<\/strong><\/p>\n<p><strong>Oyamba, Batu\u2019Quanta<\/strong> &amp; <strong>Capanga <\/strong>seront pr\u00e9sents dans la<strong> parade !<\/strong><\/p>\n<\/p>\n<p><strong>Zoom sur Pilar Albarrac\u00edn : groupe de 200 personnes<\/strong><\/p>\n<p style=\"text-align: justify;\">Pilar Albarrac\u00edn (n\u00e9e \u00e0 S\u00e9ville en 1968) d\u00e9tourne les arch\u00e9types de la robe s\u00e9villane.<\/p>\n<p style=\"text-align: justify;\">Dans son travail pluridisciplinaire (vid\u00e9o, performance, installation, photographie, artisanat), elle allie engagement social \u00e0 esth\u00e9tique formelle. La d\u00e9nonciation des in\u00e9galit\u00e9s, des pr\u00e9jug\u00e9s cohabite avec l\u2019humour et la couleur.<\/p>\n<p style=\"text-align: justify;\">Dans la rue, En la Piel del Otro prendra vie au cours de la parade, une performance qui r\u00e9sonnera profond\u00e9ment avec Techo de Ofrendas pr\u00e9sent\u00e9e dans la Salle Conclave du Palais Rihour. L\u2019installation, compos\u00e9e de centaines de robes de flamenca suspendues, inclura celles port\u00e9es\u00a0pendant la parade.<\/p>\n<p><img decoding=\"async\" loading=\"lazy\" width=\"660\" height=\"371\" src=\"https:\/\/www.europesays.com\/fr\/wp-content\/uploads\/2025\/04\/lille3000_fiesta_01.jpg\" alt=\"\" class=\"wp-image-80958\" style=\"aspect-ratio:1.778975741239892;object-fit:cover;width:450px\"  \/><\/p>\n<p><strong>Zoom sur les Musiques Fiesta<\/strong><\/p>\n<p style=\"text-align: justify;\"><strong>Harmonies de Lille-Centre, Lille-Fives, d\u2019\u00c9pehy, Cambrai, La Chapelle d\u2019Armenti\u00e8res, Sainghin-en-Weppes &amp; La Gorgue<\/strong><\/p>\n<p style=\"text-align: justify;\">Leur pr\u00e9sence s\u2019inscrit dans le cadre des commandes pass\u00e9es par lille3000 \u00e0 deux compositeurs : Julien Joubert et Simon Fache.<\/p>\n<p><img decoding=\"async\" loading=\"lazy\" width=\"1024\" height=\"683\" src=\"https:\/\/www.europesays.com\/fr\/wp-content\/uploads\/2025\/04\/art_parade_23-1024x683.jpg\" alt=\"\" class=\"wp-image-62790\" style=\"aspect-ratio:1.499267935578331;object-fit:cover;width:450px\"  \/><\/p>\n<p style=\"text-align: justify;\">D\u00e9sirant mettre en valeur la richesse des pratiques musicales de notre r\u00e9gion et de continuer le travail collaboratif d\u00e9j\u00e0 men\u00e9 lors des pr\u00e9c\u00e9dentes \u00e9ditions, lille3000 commande, la cr\u00e9ation d\u2019un conte musical au compositeur Julien Joubert. Il s\u2019adresse aux \u00e9tablissements d\u2019enseignement artistique, aux orchestres d\u2019harmonie de pratique en amateur, ch\u0153urs et \u00e9tablissements scolaires du premier et second degr\u00e9. lille3000 a \u00e9galement pass\u00e9 commande au compositeur Simon Fache d\u2019un r\u00e9pertoire pour orchestre d\u2019harmonie, comprenant une \u0153uvre de concert et un ensemble de pi\u00e8ces musicales.<\/p>\n<p><strong>Zoom sur les Porte-Etendards<\/strong><\/p>\n<p style=\"text-align: justify;\">Drapeaux de Diane Marissal &amp; J\u00e9r\u00e9mie Leblanc-Barbedienne, r\u00e9alis\u00e9s par les habitants des quartiers lillois, Lomme et Hellemmes<\/p>\n<p style=\"text-align: justify;\">Ce projet participatif est l\u2019occasion pour les forces vives de quartiers, conseillers de quartiers et habitants de r\u00e9aliser deux drapeaux repr\u00e9sentatifs de chaque quartier lillois, ainsi que de Lomme et Hellemmes. Diane Marissal et J\u00e9r\u00e9mie Leblanc-Barbedienne sont les deux artistes lillois qui vont encadrer la cr\u00e9ation de ces drapeaux, au travers de leur univers color\u00e9 et conceptuel.<\/p>\n<p style=\"text-align: justify;\">Ces drapeaux seront les porte-\u00e9tendards modernes et reconnaissables des quartiers, \u00e0 d\u00e9couvrir dans tous les \u00e9v\u00e9nements de Fiesta, et notamment lors de la parade d\u2019ouverture.<\/p>\n<p style=\"text-align: justify;\">Retrouvez le duo d\u2019artistes dans une exposition \u00e0 l\u2019Artoth\u00e8que L\u2019inventaire \u00e0 Hellemmes du 17 juin au 29 juillet 2025.<\/p>\n<p><img decoding=\"async\" loading=\"lazy\" width=\"660\" height=\"371\" src=\"https:\/\/www.europesays.com\/fr\/wp-content\/uploads\/2025\/04\/lille3000_fiesta_01.jpg\" alt=\"\" class=\"wp-image-80958\" style=\"aspect-ratio:1.778975741239892;width:450px;height:auto\"  \/><\/p>\n<p><strong>Zoom sur la Compagnie Transe Express \u2013 Accrobates \u2013 ADN<\/strong><\/p>\n<p class=\"has-text-align-center\"><strong>D\u00e8s 20h15 \u2013 Grand\u2019Place de Lille<\/strong><\/p>\n<p style=\"text-align: justify;\">Sp\u00e9cialiste de formats a\u00e9riens, Transe Express \u00e9merveille le monde avec ses cr\u00e9ations a\u00e9riennes monumentales.<\/p>\n<p style=\"text-align: justify;\">M\u00ealant jeu en proximit\u00e9 du public et machinerie, ses spectacles mettent en sc\u00e8ne la rue \u00e0 la verticale. <\/p>\n<p style=\"text-align: justify;\">Cet op\u00e9ra \u00e9lectro-hip-hop ADN raconte l\u2019\u00e9pop\u00e9e d\u2019un groupe d\u2019humains confront\u00e9 \u00e0 un parcours initiatique o\u00f9 d\u00e9fis<\/p>\n<\/p>\n<p><strong>Zoom sur le Groupe F \u2013 Feu d\u2019Artifice<\/strong><\/p>\n<p class=\"has-text-align-center\"><strong>Vers 22h30 \u2013 Esplanade du Champ de Mars<\/strong><\/p>\n<p style=\"text-align: justify;\">Visible depuis le quai de Wault, le square du Ramponneau, le square Daubenton et l\u2019Esplanade du Champ de Mars, tir\u00e9 depuis les douves de la Citadelle.<\/p>\n<p>Dance Floor en r\u00e9ponse au feu d\u2019artifice sur le parking militaire\/ parking Sud de l\u2019Esplanade.<\/p>\n<p><img decoding=\"async\" loading=\"lazy\" width=\"1024\" height=\"683\" src=\"https:\/\/www.europesays.com\/fr\/wp-content\/uploads\/2025\/04\/art_parade_45-1024x683.jpg\" alt=\"\" class=\"wp-image-62839\" style=\"aspect-ratio:1.499267935578331;width:450px;height:auto\"  \/><\/p>\n<p><strong>Et aussi\u2026<\/strong><\/p>\n<p style=\"text-align: justify;\"><strong>Green Line Marching Band \u2013 Fanfare<\/strong> <br \/>N\u00e9 en 2019 au plus pr\u00e8s de la ligne verte du Voyage \u00e0 Nantes et de sa variation festive, La Nuit du Van, Green Line Marching Band est depuis la fanfare attitr\u00e9e de cet \u00e9v\u00e8nement marathon et populaire.<\/p>\n<p style=\"text-align: justify;\">Mais attention, ici, le terme fanfare n\u2019est pas \u00e0 entendre dans son sens traditionnel. Cela aurait \u00e9t\u00e9 trop facile. Non, Green Line Marching Band, groupe mobile et enti\u00e8rement autonome techniquement, d\u00e9poussi\u00e8re le genre. Tout en malice et en puissance sonore.<\/p>\n<p style=\"text-align: justify;\">Articul\u00e9 autour du cinq majeur guitare-basse-batterie-clavier-chant, The Green Line Marching Band est un<br \/>superband constitu\u00e9 du meilleur de la sc\u00e8ne rock nantaise d\u2019aujourd\u2019hui. D\u00e8s que le tocsin de la f\u00eate \u00e0 l\u2019air libre sonne, les membres de Von Pariahs, French Cowboy, BL2OM, Blond Neil Young ou encore Albinos Congos serrent les rangs et ne forment plus qu\u2019un.<\/p>\n<p style=\"text-align: justify;\">Au fil d\u2019une d\u00e9ambulation au long cours, le r\u00e9giment \u00e9lectrique et costum\u00e9 ainsi form\u00e9 s\u2019amuse \u00e0 reprendre des standards connus \u2013 Heroes de David Bowie, Hey Ya d\u2019Outkast, Bitter Sweet Symphony de The Verve\u2026 \u2013 ou non \u2013 The Cars et leur Just What I needed \u2013 de la plan\u00e8te pop. L\u2019important pour le public n\u2019est pas de conna\u00eetre ou reconna\u00eetre tel ou tel tube, mais bel et bien de marcher dans les pas d\u2019une fanfare aussi folle que surprenante et\u00a0entrainante.<\/p>\n<\/p>\n<p><strong>Time Circus \u2013 An archaic\/futuristic agricultural mobile<\/strong> <br \/>En 2022, Timecircus a tir\u00e9 \u00e0 la seule force humaine le Landschip pendant 300 jours sur 300 kilom\u00e8tres d\u2019Anvers \u00e0 Elefsina en Gr\u00e8ce. En 2025, nous ram\u00e8nerons le Landschip d\u2019Elefsina \u00e0 Anvers o\u00f9 nous le reconstruirons et nous marcherons avec lui jusqu\u2019\u00e0 Lille.<\/p>\n<p style=\"text-align: justify;\">Nous pr\u00e9senterons un spectacle de f\u00eate archa\u00efque-futuriste en forme d\u2019hommage aux aventures et f\u00eates grecques, avec les dieux grecs du mont Olympe en tant qu\u2019invit\u00e9s \u00e0 la table au sommet du Landschip.<\/p>\n<p style=\"text-align: justify;\">Baba Stacher, un trio musical, joue Le R\u00e9b\u00e9tiko (genre musical populaire apparu en Gr\u00e8ce, et directement associ\u00e9 \u00e0 la chanson et \u00e0 la danse) tandis que le festin sans fin se d\u00e9roule sur la longue table du Landship. Le Landship devient une montagne lumineuse pleine de feu, de fum\u00e9e, de poissons fluorescents et de pattes de cochon, le tout sous le regard des grands yeux bleus grecs pour la protection contre le mauvais \u0153il.<\/p>\n<p style=\"text-align: justify;\">Les personnages mythiques dansent le sirtaki, de la nourriture sur la t\u00eate ou des bouteilles de vin en guise de couvre-chef. Un cochon fait tourner du poisson \u00e0 la broche. Un sanglier-grenouille a un entonnoir br\u00fblant sur la t\u00eate.<\/p>\n<p style=\"text-align: justify;\">La ch\u00e8vre et le chandelier sont de nouveaux mari\u00e9s. Les raisins et les olives sont transport\u00e9s par des homards et des crabes qui surfent sur des plateaux remplis de guirlandes de citrons et d\u2019ail.<\/p>\n<p style=\"text-align: justify;\">C\u2019est une grande mer de couleurs qui coule en vagues depuis le Landship. La sc\u00e8ne globale devient un mirage absurde qui se glisse dans les rues comme un paysage onirique. Ce n\u2019est pas une euphorie mais une f\u00eate typique des dieux des humains et demi-humains, des animaux et des objets tous vivant la f\u00eate du si\u00e8cle sur un pied d\u2019\u00e9galit\u00e9<\/p>\n<\/p>\n<p><strong><b><img decoding=\"async\" loading=\"lazy\" class=\"size-full wp-image-45 lazyloaded tie-appear\" src=\"https:\/\/www.europesays.com\/fr\/wp-content\/uploads\/2025\/04\/1743937991_452_arrow.png\" alt=\"\" width=\"9\" height=\"9\" data-lazy-src=\"https:\/\/www.europesays.com\/fr\/wp-content\/uploads\/2025\/04\/1743937991_452_arrow.png\"\/><\/b><\/strong> <a href=\"https:\/\/www.lille3000.eu\/portail\/\" target=\"_blank\" rel=\"noopener nofollow\">Site internet de lille3000<\/a><\/p>\n<p><strong><b><img decoding=\"async\" loading=\"lazy\" class=\"size-full wp-image-45 lazyloaded tie-appear\" src=\"https:\/\/www.europesays.com\/fr\/wp-content\/uploads\/2025\/04\/1743937991_452_arrow.png\" alt=\"\" width=\"9\" height=\"9\" data-lazy-src=\"https:\/\/www.europesays.com\/fr\/wp-content\/uploads\/2025\/04\/1743937991_452_arrow.png\"\/><\/b><\/strong> <a href=\"https:\/\/www.zoomsurlille.fr\/tag\/fiesta\" target=\"_blank\" rel=\"noreferrer noopener nofollow\">D\u00e9couvrez nos articles sur FIESTA<\/a><\/p>\n<p class=\"has-text-align-right\">Source : lille3000 \u2013 Photos : DR \u2013 \u00a9 lille3000 \/ \u00a9 Zoom Sur Lille<\/p>\n","protected":false},"excerpt":{"rendered":"Fiesta se tiendra du 26 avril au 09 novembre 2025. Cette nouvelle \u00e9dition propos\u00e9e par lille3000 aura pour&hellip;\n","protected":false},"author":2,"featured_media":20395,"comment_status":"","ping_status":"","sticky":false,"template":"","format":"standard","meta":{"footnotes":""},"categories":[2815],"tags":[7772,1111,11,1777,674,7773,3274,1011,27,811,1307,3276,12,25],"class_list":{"0":"post-30019","1":"post","2":"type-post","3":"status-publish","4":"format-standard","5":"has-post-thumbnail","7":"category-lille","8":"tag-26-avril-2025","9":"tag-actu","10":"tag-actualites","11":"tag-eu","12":"tag-europe","13":"tag-fete-douverture","14":"tag-fiesta","15":"tag-fr","16":"tag-france","17":"tag-hauts-de-france","18":"tag-lille","19":"tag-lille3000","20":"tag-news","21":"tag-republique-francaise"},"share_on_mastodon":{"url":"https:\/\/pubeurope.com\/@fr\/114349780803591183","error":""},"_links":{"self":[{"href":"https:\/\/www.europesays.com\/fr\/wp-json\/wp\/v2\/posts\/30019","targetHints":{"allow":["GET"]}}],"collection":[{"href":"https:\/\/www.europesays.com\/fr\/wp-json\/wp\/v2\/posts"}],"about":[{"href":"https:\/\/www.europesays.com\/fr\/wp-json\/wp\/v2\/types\/post"}],"author":[{"embeddable":true,"href":"https:\/\/www.europesays.com\/fr\/wp-json\/wp\/v2\/users\/2"}],"replies":[{"embeddable":true,"href":"https:\/\/www.europesays.com\/fr\/wp-json\/wp\/v2\/comments?post=30019"}],"version-history":[{"count":0,"href":"https:\/\/www.europesays.com\/fr\/wp-json\/wp\/v2\/posts\/30019\/revisions"}],"wp:featuredmedia":[{"embeddable":true,"href":"https:\/\/www.europesays.com\/fr\/wp-json\/wp\/v2\/media\/20395"}],"wp:attachment":[{"href":"https:\/\/www.europesays.com\/fr\/wp-json\/wp\/v2\/media?parent=30019"}],"wp:term":[{"taxonomy":"category","embeddable":true,"href":"https:\/\/www.europesays.com\/fr\/wp-json\/wp\/v2\/categories?post=30019"},{"taxonomy":"post_tag","embeddable":true,"href":"https:\/\/www.europesays.com\/fr\/wp-json\/wp\/v2\/tags?post=30019"}],"curies":[{"name":"wp","href":"https:\/\/api.w.org\/{rel}","templated":true}]}}