{"id":300191,"date":"2025-08-06T10:54:11","date_gmt":"2025-08-06T10:54:11","guid":{"rendered":"https:\/\/www.europesays.com\/fr\/300191\/"},"modified":"2025-08-06T10:54:11","modified_gmt":"2025-08-06T10:54:11","slug":"apres-une-longue-bataille-contre-une-tumeur-cerebrale-lactrice-kelley-mack-33-ans-vue-dans-les-series-chicago-med-9-1-1-et-the-walking-dead-est-decedee","status":"publish","type":"post","link":"https:\/\/www.europesays.com\/fr\/300191\/","title":{"rendered":"Apr\u00e8s une longue bataille contre une tumeur c\u00e9r\u00e9brale, l&rsquo;actrice Kelley Mack, 33 ans, vue dans les s\u00e9ries \u00ab\u00a0Chicago Med\u00a0\u00bb, \u00ab\u00a09-1-1\u00a0\u00bb et \u00ab\u00a0The Walking Dead\u00a0\u00bb est d\u00e9c\u00e9d\u00e9e"},"content":{"rendered":"<p>\u00a0Atteinte du gliome de la ligne m\u00e9diane, une tumeur c\u00e9r\u00e9brale touchant majoritairement les enfants et les jeunes adultes, Kelley Mack, 33 ans, est d\u00e9c\u00e9d\u00e9e ce 2 ao\u00fbt. L&rsquo;actrice am\u00e9ricaine s&rsquo;\u00e9tait fait conna\u00eetre pour ses r\u00f4les dans les s\u00e9ries \u00ab\u00a0Chicago Med\u00a0\u00bb, \u00ab\u00a09-1-1\u00a0\u00bb, et \u00ab\u00a0The Walking Dead\u00a0\u00bb, dans laquelle elle interpr\u00e9tait le r\u00f4le de Addy.<\/p>\n<p data-start=\"111\" data-end=\"582\">Connue pour avoir pr\u00eat\u00e9 ses traits au personnage d\u2019Addy, membre de la communaut\u00e9 de\u00a0Hilltop, elle avait marqu\u00e9 les fans durant cinq \u00e9pisodes de la saison 9.<\/p>\n<p data-start=\"111\" data-end=\"582\">En parall\u00e8le de ce r\u00f4le embl\u00e9matique, elle avait aussi fait quelques apparitions dans des s\u00e9ries \u00e0 succ\u00e8s telles que\u00a0Chicago Med\u00a0ou\u00a09-1-1.\u00a0<\/p>\n<p>\u00ab\u00a0C&rsquo;est avec une tristesse ind\u00e9l\u00e9bile que nous vous annon\u00e7ons le d\u00e9c\u00e8s de notre ch\u00e8re Kelley. Une lumi\u00e8re si brillante et si fervente s&rsquo;est \u00e9teinte pour rejoindre l&rsquo;au-del\u00e0, o\u00f9 nous devons tous finir par aller\u00a0\u00bb, peut-on lire sur le dernier post du profil Instagram de l&rsquo;actrice am\u00e9ricaine. \u00ab\u00a0Kelley s&rsquo;est \u00e9teinte paisiblement samedi soir, entour\u00e9e de sa m\u00e8re aimante Kristen et de sa tante Karen, toujours pr\u00e9sente. Kelley a d\u00e9j\u00e0 rejoint nombre de ses proches sous la forme de divers papillons\u00a0\u00bb.<\/p>\n","protected":false},"excerpt":{"rendered":"\u00a0Atteinte du gliome de la ligne m\u00e9diane, une tumeur c\u00e9r\u00e9brale touchant majoritairement les enfants et les jeunes adultes,&hellip;\n","protected":false},"author":2,"featured_media":300192,"comment_status":"","ping_status":"","sticky":false,"template":"","format":"standard","meta":{"footnotes":""},"categories":[1359],"tags":[2594,58,59,1011,27,44052,973],"class_list":{"0":"post-300191","1":"post","2":"type-post","3":"status-publish","4":"format-standard","5":"has-post-thumbnail","7":"category-people","8":"tag-actrice","9":"tag-divertissement","10":"tag-entertainment","11":"tag-fr","12":"tag-france","13":"tag-kelley-mack","14":"tag-people"},"share_on_mastodon":{"url":"https:\/\/pubeurope.com\/@fr\/114981454805428969","error":""},"_links":{"self":[{"href":"https:\/\/www.europesays.com\/fr\/wp-json\/wp\/v2\/posts\/300191","targetHints":{"allow":["GET"]}}],"collection":[{"href":"https:\/\/www.europesays.com\/fr\/wp-json\/wp\/v2\/posts"}],"about":[{"href":"https:\/\/www.europesays.com\/fr\/wp-json\/wp\/v2\/types\/post"}],"author":[{"embeddable":true,"href":"https:\/\/www.europesays.com\/fr\/wp-json\/wp\/v2\/users\/2"}],"replies":[{"embeddable":true,"href":"https:\/\/www.europesays.com\/fr\/wp-json\/wp\/v2\/comments?post=300191"}],"version-history":[{"count":0,"href":"https:\/\/www.europesays.com\/fr\/wp-json\/wp\/v2\/posts\/300191\/revisions"}],"wp:featuredmedia":[{"embeddable":true,"href":"https:\/\/www.europesays.com\/fr\/wp-json\/wp\/v2\/media\/300192"}],"wp:attachment":[{"href":"https:\/\/www.europesays.com\/fr\/wp-json\/wp\/v2\/media?parent=300191"}],"wp:term":[{"taxonomy":"category","embeddable":true,"href":"https:\/\/www.europesays.com\/fr\/wp-json\/wp\/v2\/categories?post=300191"},{"taxonomy":"post_tag","embeddable":true,"href":"https:\/\/www.europesays.com\/fr\/wp-json\/wp\/v2\/tags?post=300191"}],"curies":[{"name":"wp","href":"https:\/\/api.w.org\/{rel}","templated":true}]}}