{"id":300193,"date":"2025-08-06T10:55:12","date_gmt":"2025-08-06T10:55:12","guid":{"rendered":"https:\/\/www.europesays.com\/fr\/300193\/"},"modified":"2025-08-06T10:55:12","modified_gmt":"2025-08-06T10:55:12","slug":"pourquoi-les-bebes-sont-ils-si-moches-dans-les-tableaux-du-moyen-age","status":"publish","type":"post","link":"https:\/\/www.europesays.com\/fr\/300193\/","title":{"rendered":"Pourquoi les b\u00e9b\u00e9s sont-ils si moches dans les tableaux du Moyen-\u00c2ge\u00a0?"},"content":{"rendered":"<p>Qui \u00e7a, qui est moche ?<\/p>\n<p class=\"ap-StoryElement ap-StoryElement--mb ap-StoryText\">Nous ne parlons pas de n&rsquo;importe quel b\u00e9b\u00e9. Celui qui est majoritairement repr\u00e9sent\u00e9 s&rsquo;av\u00e8re \u00eatre l&rsquo;enfant J\u00e9sus, au travers d&rsquo;une Nativit\u00e9, une Vierge \u00e0 l&rsquo;enfant\u2026 Hormis J\u00e9sus, les jeunes enfants et nourrissons sont tr\u00e8s peu pr\u00e9sents dans cette p\u00e9riode de l&rsquo;histoire de l&rsquo;art m\u00e9di\u00e9vale qui s&rsquo;\u00e9tend sur pr\u00e8s de dix si\u00e8cles, jusqu&rsquo;\u00e0 La Renaissance.<\/p>\n<p><img loading=\"lazy\" decoding=\"async\" class=\"w-full lazyload lazyload--opacity object-contain\" style=\"aspect-ratio:178 \/ 100;opacity:1\" alt=\"- Panneau du ma\u00eetre-autel de la Chartreuse Saint-Honor\u00e9, Thuison-les-Abbeville (Somme) : Vierge \u00e0 l'Enfant&#10;1490\" width=\"768\" height=\"432\" fetchpriority=\"auto\" src=\"https:\/\/www.europesays.com\/fr\/wp-content\/uploads\/2025\/04\/S5VKD3X55FFF3BW6V4SEHXNP7I.png\"  data- data-optimumx=\"1\"\/>D\u00e9tail d&rsquo;un panneau du ma\u00eetre-autel de la Chartreuse Saint-Honor\u00e9, \u00e0 Thuison-les-Abbeville (France), zoom sur le b\u00e9b\u00e9 J\u00e9sus rid\u00e9, de cette\u00a0\u00bb Vierge \u00e0 l&rsquo;Enfant\u00a0\u00bb, vers 1490. \u00a9D.R.<\/p>\n<p class=\"ap-StoryElement ap-StoryElement--mb ap-StoryText\">Plusieurs \u00e9l\u00e9ments expliquent le succ\u00e8s de ce b\u00e9b\u00e9-l\u00e0, et pas des autres. La mortalit\u00e9 infantile demeure extr\u00eamement \u00e9lev\u00e9e : un quart des enfants meurent avant l&rsquo;\u00e2ge de 1 an durant cette p\u00e9riode qui court du Ve au XVe si\u00e8cle. <a href=\"https:\/\/passerelles.essentiels.bnf.fr\/fr\/chronologie\/construction\/e87d4cef-23a6-4220-92ff-dc0d094d855d-maison-medievale-rurale\/article\/7723acd7-45a3-44ec-a8e7-20cf41eadb56-enfants-campagnes-moyen-age\" target=\"_blank\" rel=\"noopener\">Les enfants occupent entre 30 \u00e0 40 % des places dans les cimeti\u00e8res du Moyen \u00c2ge, o\u00f9 ils \u00e9taient enterr\u00e9s avec soin<\/a>. Donc, si la peinture ne repr\u00e9sente que peu les b\u00e9b\u00e9s anonymes, c&rsquo;est parce que leur esp\u00e9rance de vie est faible. Il ne s&rsquo;agit pas de pr\u00e9tendre, en raccourci, que l&rsquo;attachement parental est inexistant, car les s\u00e9pultures des enfants sont soign\u00e9es et il existe, par ailleurs, de nombreuses repr\u00e9sentations d&rsquo;enfants morts dans l&rsquo;art \u00e0 ces \u00e9poques.<\/p>\n<p class=\"ap-StoryElement ap-StoryElement--mb ap-StoryText\">Malgr\u00e9 tout, le b\u00e9b\u00e9 le plus famous reste J\u00e9sus, et pour cause : l&rsquo;\u00c9glise est le principal commanditaire d&rsquo;\u0153uvres d&rsquo;art. C&rsquo;est l&rsquo;autorit\u00e9 religieuse qui impose ses crit\u00e8res iconographiques \u00e0 l&rsquo;image sacr\u00e9e. Et ce n&rsquo;est pas parce que Dieu s&rsquo;est incarn\u00e9 dans un enfant qu&rsquo;il n&rsquo;\u00e9tait pas d\u00e9j\u00e0 divin \u00e0 sa naissance. B\u00e9b\u00e9, il porte d\u00e9j\u00e0 les attributs de la sagesse \u2013 en vrai, les traits de la vieillesse. C&rsquo;est ce qu&rsquo;on a nomm\u00e9 le Puer Senex, comprenez l'\u00a0\u00bbenfant hors normes\u00a0\u00bb ou \u00ab\u00a0enfant vieillard\u00a0\u00bb.<\/p>\n<p><img loading=\"lazy\" decoding=\"async\" class=\"w-full lazyload lazyload--opacity object-contain\" style=\"aspect-ratio:68 \/ 100;opacity:1\" alt=\"That baby painted around 1283 by Duccio di Buoninsegna\" width=\"768\" height=\"1130\" fetchpriority=\"auto\" src=\"https:\/\/www.europesays.com\/fr\/wp-content\/uploads\/2025\/04\/S5VKD3X55FFF3BW6V4SEHXNP7I.png\"  data- data-optimumx=\"1\"\/>Vierge \u00e0 l&rsquo;endant de Duccio di Buoninsegna, vers 1283, dite \u00ab\u00a0La Madone de Cr\u00e9vole\u00a0\u00bb. J\u00e9sus chauve. \u00a9D.R.<\/p>\n<p class=\"ap-StoryElement ap-StoryElement--mb ap-StoryText\">D&rsquo;o\u00f9 cette profusion de b\u00e9b\u00e9s avec une calvitie naissante et un visage tout rid\u00e9. Ce type de repr\u00e9sentation \u00e0 la fois tr\u00e8s r\u00e9pandue (il existe <a href=\"https:\/\/www.instagram.com\/uglyrenaissancebabies\/?hl=fr\" target=\"_blank\" rel=\"noopener\">une page Instagram qui r\u00e9pertorie, partout dans le monde, les fioles de b\u00e9b\u00e9s laids en peinture<\/a>) et tr\u00e8s codifi\u00e9e, d\u00e9montre une volont\u00e9 artistique, non une incapacit\u00e9 technique desdits artistes picturaux. D&rsquo;autant que durant l&rsquo;Antiquit\u00e9 grecque, les artistes n&rsquo;avaient aucune peine \u00e0 repr\u00e9senter avec mim\u00e9tisme l&rsquo;anatomie des \u00eatres humains.<\/p>\n<p><img loading=\"lazy\" decoding=\"async\" class=\"w-full lazyload lazyload--opacity object-contain\" style=\"aspect-ratio:133 \/ 100;opacity:1\" alt=\"Sil\u00e8ne\" width=\"768\" height=\"576\" fetchpriority=\"auto\" src=\"https:\/\/www.europesays.com\/fr\/wp-content\/uploads\/2025\/04\/S5VKD3X55FFF3BW6V4SEHXNP7I.png\"  data- data-optimumx=\"1\"\/>\u00ab\u00a0Sil\u00e8ne portant Dionysos enfant\u00a0\u00bb (Ier-IIe si\u00e8cle ap. J.-C.) : aucune difficult\u00e9 de repr\u00e9sentation des b\u00e9b\u00e9s mignons potel\u00e9s, \u00e0 cette \u00e9poque. \u00a9 2011 Mus\u00e9e du Louvre \/ Thierry OllivierOn ne rigole pas avec les symboles<\/p>\n<p class=\"ap-StoryElement ap-StoryElement--mb ap-StoryText\">Au Moyen \u00c2ge, le statut des images change : elles prennent un caract\u00e8re sacr\u00e9 \u2013 ce qui, d&rsquo;ailleurs, cr\u00e9era un sacr\u00e9 pataqu\u00e8s entre les iconodules, qui acceptent les images de Dieu et les utilisent comme support de pri\u00e8re, et les iconoclastes, pr\u00eats \u00e0 les d\u00e9truire, craignant qu&rsquo;on leur voue le culte d\u00e9volu \u00e0 Dieu lui-m\u00eame.<\/p>\n<p class=\"ap-StoryElement ap-StoryElement--mb ap-StoryText\">\u00c0 cette \u00e9poque, l&rsquo;image rev\u00eat, on le comprend, une forte charge symbolique qui passe par l&rsquo;int\u00e9gration de symboles \u00ab\u00a0p\u00e9dagogiques\u00a0\u00bb \u00e0 l&rsquo;usage du croyant. Ainsi que le raconte l&rsquo;historienne <a href=\"https:\/\/mescitationsrl.net\/%E2%80%A2m%E2%80%A2\/morel-marie-france\/\" target=\"_blank\" rel=\"noopener\">Marie-France Morel<\/a>, les mains de l&rsquo;enfant J\u00e9sus repr\u00e9sentent sa divinit\u00e9, elles sont souvent disproportionn\u00e9es, quand ses pieds sont son humanit\u00e9.<\/p>\n<p><img loading=\"lazy\" decoding=\"async\" class=\"w-full lazyload lazyload--opacity object-contain\" style=\"aspect-ratio:119 \/ 100;opacity:1\" alt=\"Vierge et Enfant, Berlinghiero Berlinghieri -\" width=\"768\" height=\"643\" fetchpriority=\"auto\" src=\"https:\/\/www.europesays.com\/fr\/wp-content\/uploads\/2025\/04\/S5VKD3X55FFF3BW6V4SEHXNP7I.png\"  data- data-optimumx=\"1\"\/>\u00ab\u00a0Vierge et Enfant\u00a0\u00bb, de Berlinghiero Berlinghieri, 1235 : J\u00e9sus a l&rsquo;air \u00e2g\u00e9. \u00a9D.R.<\/p>\n<p class=\"ap-StoryElement ap-StoryElement--mb ap-StoryText\">La repr\u00e9sentation de l&rsquo;enfant J\u00e9sus ob\u00e9it \u00e0 des enjeux th\u00e9ologiques, notamment au concept de l'\u00a0\u00bbhomonculus\u00a0\u00bb \u2013 ce petit homme porteur de l&rsquo;Esprit de J\u00e9sus qui l&rsquo;implante dans le ventre de Marie, m\u00eame si cette conception devient h\u00e9r\u00e9tique apr\u00e8s le Concile de Trente en 1563. Bref, J\u00e9sus n&rsquo;est pas un b\u00e9b\u00e9 : il est bien plus que cela, d\u00e9j\u00e0 ! Ce qui explique, qu&rsquo;en parall\u00e8le, \u00e0 la m\u00eame \u00e9poque, les anges puissent avoir, eux, une bobine de ch\u00e9rubin mignon.<\/p>\n<p><img loading=\"lazy\" decoding=\"async\" class=\"w-full lazyload lazyload--opacity object-contain\" style=\"aspect-ratio:73 \/ 100;opacity:1\" alt=\"mere et enfant mus\u00e9e de liverpool\" width=\"768\" height=\"1048\" fetchpriority=\"auto\" src=\"https:\/\/www.europesays.com\/fr\/wp-content\/uploads\/2025\/04\/S5VKD3X55FFF3BW6V4SEHXNP7I.png\"  data- data-optimumx=\"1\"\/>\u00ab\u00a0M\u00e8re et enfant\u00a0\u00bb, de l&rsquo;\u00e9cole italienne, vers 1490. Mus\u00e9e des Beaux-Arts de Liverpool : J\u00e9sus a l&rsquo;air soucieux. \u00a9D.R.Les b\u00e9b\u00e9s s&#8217;embellissent<\/p>\n<p class=\"ap-StoryElement ap-StoryElement--mb ap-StoryText\">Il faut attendre la Renaissance, l&rsquo;int\u00e9r\u00eat renouvel\u00e9 pour l&rsquo;humain, pour que les images de b\u00e9b\u00e9s changent dans la peinture. <a href=\"https:\/\/collections.louvre.fr\/ark:\/53355\/cl020108567\" target=\"_blank\" rel=\"noopener\">Albrecht D\u00fcrer <\/a>(1471-1528) s&rsquo;int\u00e9resse \u00e0 la repr\u00e9sentation des enfants. Il les dessine chevelus et joufflus. Et il n&rsquo;est pas rare, \u00e0 partir du XVIe si\u00e8cle, de croiser des b\u00e9b\u00e9s J\u00e9sus en train de t\u00e9ter leur m\u00e8re, voire zizi \u00e0 l&rsquo;air \u2013 humanit\u00e9 oblige.<\/p>\n<p><a href=\"https:\/\/www.lalibre.be\/culture\/2023\/08\/18\/pourquoi-un-enfant-de-5-ans-naurait-pas-pu-faire-ca-ou-lart-contemporain-mal-compris-FVJT3HW2ENCTPN2GF6MSH2JRKQ\/\" target=\"_blank\" rel=\"noopener noreferrer\" class=\"ap-StoryInterstitialLink ap-StoryElement ap-StoryElement--mb\">Pourquoi un enfant de cinq ans n&rsquo;aurait pas pu faire cela : l&rsquo;art contemporain mal compris !<\/a><\/p>\n<p class=\"ap-StoryElement ap-StoryElement--mb ap-StoryText\">Les connaissances neuves en science de l&rsquo;anatomie engendrent m\u00eame une distorsion dans la repr\u00e9sentation des corps de b\u00e9b\u00e9s, soudain par\u00e9s de v\u00e9ritables tablettes de chocolat. On pense au b\u00e9b\u00e9 J\u00e9sus surgonfl\u00e9 dans la toile de Saint Luc peignant la Vierge et l&rsquo;enfant, de Maarten van Heemskerck.<\/p>\n<p><img loading=\"lazy\" decoding=\"async\" class=\"w-full lazyload lazyload--opacity object-contain\" style=\"aspect-ratio:150 \/ 100;opacity:1\" alt=\"b\u00e9b\u00e9 muscl\u00e9\" width=\"768\" height=\"512\" fetchpriority=\"auto\" src=\"https:\/\/www.europesays.com\/fr\/wp-content\/uploads\/2025\/04\/S5VKD3X55FFF3BW6V4SEHXNP7I.png\"  data- data-optimumx=\"1\"\/> \u00ab\u00a0Saint Luc peignant la Vierge et l&rsquo;enfant\u00a0\u00bb, de Maarten van Heemskerck datant de 1532. Zoom sur la musculature de J\u00e9sus. \u00a9D.R.<\/p>\n<p class=\"ap-StoryElement ap-StoryElement--mb ap-StoryText\">Les XVIIe et XVIIIe voient les commanditaires de tableaux changer : portraits d&rsquo;enfants royaux (qu&rsquo;on envoie en vue d&rsquo;une alliance future), enfants de la bourgeoisie, le tout en parall\u00e8le de la parution de trait\u00e9s sur l&rsquo;\u00e9ducation, et d&rsquo;un int\u00e9r\u00eat nouveau pour l&rsquo;enfant au c\u0153ur de la soci\u00e9t\u00e9. Ce qui permet aux b\u00e9b\u00e9s de changer de t\u00eate. Poupons \u00e0 nourrices ou b\u00e9b\u00e9s chics des gens riches, les b\u00e9b\u00e9s reprennent du poil de la b\u00eate. Mais peut-on dire qu&rsquo;ils sont jolis alors qu&rsquo;on disait de ceux du Moyen \u00c2ge qu&rsquo;ils \u00e9taient laids ?<\/p>\n<p><img loading=\"lazy\" decoding=\"async\" class=\"w-full lazyload lazyload--opacity object-contain\" style=\"aspect-ratio:79 \/ 100;opacity:1\" alt=\"vig\u00e9e Le brun\" width=\"768\" height=\"975\" fetchpriority=\"auto\" src=\"https:\/\/www.europesays.com\/fr\/wp-content\/uploads\/2025\/04\/S5VKD3X55FFF3BW6V4SEHXNP7I.png\"  data- data-optimumx=\"1\"\/>\u00ab\u00a0Marie-Antoinette de Lorraine-Habsbourg, reine de France et ses enfants\u00a0\u00bb, par Elisabeth Vig\u00e9e Le Brun Louise-Elisabeth  (1787). B\u00e9b\u00e9 id\u00e9al. \u00a9G\u00e9rard Blot<\/p>\n<p class=\"ap-StoryElement ap-StoryElement--mb ap-StoryText\">Les b\u00e9b\u00e9s \u00ab\u00a0r\u00e9cents\u00a0\u00bb de l&rsquo;histoire de l&rsquo;art correspondent davantage \u00e0 notre conception moderne de l&rsquo;enfant, \u00e0 laquelle on accole les notions de puret\u00e9 juv\u00e9nile, ou encore l&rsquo;importance de l&rsquo;enfance dans la construction de l&rsquo;individu\u2026 Comme dans chaque \u00e9poque, les valeurs qui irriguent la soci\u00e9t\u00e9 influencent en ligne directe les tendances esth\u00e9tiques, et, en cons\u00e9quence, d\u00e9terminent ce qui est cens\u00e9 \u00eatre beau, tout en montrant du doigt \u00ab\u00a0le moche\u00a0\u00bb.<\/p>\n<p class=\"ap-StoryElement ap-StoryElement--mb ap-StoryText\"><b>S\u00e9rie \u00e9t\u00e9 : <\/b><a href=\"https:\/\/www.lalibre.be\/dossier\/culture\/arts\/2024\/08\/12\/questions-insolites-de-lhistoire-de-lart-4IT32E4WFBC6TK2WLNFL6IYLIA\/\" target=\"_blank\" rel=\"noopener\"><b>Insolite histoire de l&rsquo;art. <\/b>Interroger l&rsquo;histoire de l&rsquo;art permet de comprendre l&rsquo;\u00e9poque qui la regarde et le rapport que la soci\u00e9t\u00e9 entretient \u00e0 l&rsquo;art et aux artistes. Ici-bas, on essaie de le faire en riant.<\/a><\/p>\n<p><a href=\"https:\/\/www.lalibre.be\/culture\/arts\/2022\/08\/15\/ou-sont-passes-les-bras-de-la-venus-de-milo-B5V3XETJVFCP3MWFCQNPDD5HSI\/\" target=\"_blank\" rel=\"noopener noreferrer\" class=\"ap-StoryInterstitialLink ap-StoryElement ap-StoryElement--mb\">O\u00f9 sont pass\u00e9s les bras de la V\u00e9nus de Milo ? <\/a><script async src=\"\/\/www.instagram.com\/embed.js\"><\/script><\/p>\n","protected":false},"excerpt":{"rendered":"Qui \u00e7a, qui est moche ? Nous ne parlons pas de n&rsquo;importe quel b\u00e9b\u00e9. Celui qui est majoritairement&hellip;\n","protected":false},"author":2,"featured_media":300194,"comment_status":"","ping_status":"","sticky":false,"template":"","format":"standard","meta":{"footnotes":""},"categories":[1358],"tags":[44053,44054,1348,1384,1385,44055,44056,1386,58,10777,59,44057,9048,36271,1011,27,22101,35528,44058,44059,44060,44061,5875,3494,4152,44062,12483,1968,44063],"class_list":{"0":"post-300193","1":"post","2":"type-post","3":"status-publish","4":"format-standard","5":"has-post-thumbnail","7":"category-arts-et-design","8":"tag-18e-siecle","9":"tag-angouleme-marie-therese-charlotte-de-france-1778-1851","10":"tag-arts","11":"tag-arts-and-design","12":"tag-arts-et-design","13":"tag-costume-epoque-moderne","14":"tag-dauphin-prince-heritier","15":"tag-design","16":"tag-divertissement","17":"tag-enfance","18":"tag-entertainment","19":"tag-europe-periode-periode-moderne","20":"tag-famille-royale","21":"tag-fillette","22":"tag-fr","23":"tag-france","24":"tag-frere","25":"tag-garcon","26":"tag-huile-sur-toile","27":"tag-louis-1781-1789","28":"tag-louis-xvii-1785-1795","29":"tag-marie-antoinette-1755-1793","30":"tag-mere","31":"tag-nourrisson","32":"tag-peintures","33":"tag-portrait-de-famille","34":"tag-reine","35":"tag-soeur","36":"tag-vigee-le-brun-louise-elisabeth-1755-1842"},"share_on_mastodon":{"url":"","error":"Validation failed: Text character limit of 500 exceeded"},"_links":{"self":[{"href":"https:\/\/www.europesays.com\/fr\/wp-json\/wp\/v2\/posts\/300193","targetHints":{"allow":["GET"]}}],"collection":[{"href":"https:\/\/www.europesays.com\/fr\/wp-json\/wp\/v2\/posts"}],"about":[{"href":"https:\/\/www.europesays.com\/fr\/wp-json\/wp\/v2\/types\/post"}],"author":[{"embeddable":true,"href":"https:\/\/www.europesays.com\/fr\/wp-json\/wp\/v2\/users\/2"}],"replies":[{"embeddable":true,"href":"https:\/\/www.europesays.com\/fr\/wp-json\/wp\/v2\/comments?post=300193"}],"version-history":[{"count":0,"href":"https:\/\/www.europesays.com\/fr\/wp-json\/wp\/v2\/posts\/300193\/revisions"}],"wp:featuredmedia":[{"embeddable":true,"href":"https:\/\/www.europesays.com\/fr\/wp-json\/wp\/v2\/media\/300194"}],"wp:attachment":[{"href":"https:\/\/www.europesays.com\/fr\/wp-json\/wp\/v2\/media?parent=300193"}],"wp:term":[{"taxonomy":"category","embeddable":true,"href":"https:\/\/www.europesays.com\/fr\/wp-json\/wp\/v2\/categories?post=300193"},{"taxonomy":"post_tag","embeddable":true,"href":"https:\/\/www.europesays.com\/fr\/wp-json\/wp\/v2\/tags?post=300193"}],"curies":[{"name":"wp","href":"https:\/\/api.w.org\/{rel}","templated":true}]}}