{"id":300195,"date":"2025-08-06T10:56:10","date_gmt":"2025-08-06T10:56:10","guid":{"rendered":"https:\/\/www.europesays.com\/fr\/300195\/"},"modified":"2025-08-06T10:56:10","modified_gmt":"2025-08-06T10:56:10","slug":"livre-ouvert-terminus-13","status":"publish","type":"post","link":"https:\/\/www.europesays.com\/fr\/300195\/","title":{"rendered":"Livre ouvert : \u00ab Terminus 13 \u00bb"},"content":{"rendered":"<p><strong>Que peut faire une \u00e9ducatrice de la Protection de la jeunesse, apr\u00e8s quarante ans d\u2019une carri\u00e8re bien remplie\u00a0?<\/strong> Profiter d\u2019un repos bien gagn\u00e9, d\u2019abord. Mais aussi s\u2019essayer, avec succ\u00e8s, \u00e0 l\u2019\u00e9criture. <\/p>\n<p><strong><img fetchpriority=\"high\" decoding=\"async\" class=\"wp-image-36119 alignright\" src=\"https:\/\/www.europesays.com\/fr\/wp-content\/uploads\/2025\/08\/couv-terminus-13-196x300.jpg\" alt=\"couv terminus 13\" width=\"274\" height=\"419\"  \/>Mich\u00e8le Adam a commenc\u00e9 par l\u2019excellent \u00ab\u00a0Enfant en justice\u00a0\u00bb.<\/strong> Ce premier livre dressait le saisissant portrait de vingt mineurs plac\u00e9s sous-main de justice ( <a href=\"https:\/\/www.librinova.com\/librairie\/michele-adam\/enfants-en-justice-1\" target=\"_blank\" rel=\"noopener nofollow\">Enfants en justice \u2013 Mich\u00e8le Adam<\/a>. ). Quatre autres ouvrages ont suivi, dont ce petit dernier. La d\u00e9marche qui a pr\u00e9sid\u00e9 \u00e0 sa conception est originale, suscitant des rencontres peu banales d\u00e9crite avec une \u00e9criture particuli\u00e8rement cisel\u00e9e. \u00ab\u00a0Souvent les retrait\u00e9s s\u2019en vont \u00e0 l\u2019\u00e9tranger, moi j\u2019ai d\u00e9cid\u00e9 de visiter l\u2019endroit o\u00f9 je vis\u2026\u00a0\u00bb explique-t-elle, d\u2019embl\u00e9e.<\/p>\n<p><strong>Pour ce faire, l\u2019auteure a adopt\u00e9 l\u2019allure d\u2019une promeneuse, choisissant de d\u00e9ambuler l\u00e0 o\u00f9 ses pas la menaient<\/strong>. Pour mieux identifier les d\u00e9tails du territoire qu\u2019elle souhaitait d\u00e9crire, elle a emprunt\u00e9 les transports en commun. L\u2019utilisation des lignes de bus le sillonnant lui permirent alors de gagner du temps en le perdant. Car c\u2019est justement la lenteur du rythme de ses d\u00e9placements qui aiguisa un regard pos\u00e9 et attentif, qu\u2019aucun trajet avec une voiture sillonnant le m\u00eame espace n\u2019aurait jamais permis.<\/p>\n<p><strong>Entre le 23 mars et 24 juillet, la voil\u00e0 lanc\u00e9e dans 34 escapades insolites, au cours desquelles le go\u00fbt de l\u2019autre et la bienveillance se m\u00eal\u00e8rent \u00e0 la curiosit\u00e9<\/strong>. Bien s\u00fbr, le lecteur pourra h\u00e9siter face \u00e0 la localisation pr\u00e9cise des lieux visit\u00e9s. D\u00e9crire la r\u00e9gion proche de Saint-Nazaire, \u00e0 l\u2019embouchure de la Loire, pourrait sembler r\u00e9serv\u00e9 aux seuls familiers de la r\u00e9gion. Pourtant, il y a une dimension universelle dans cette d\u00e9marche sensible et gourmande qui cherche \u00e0 ouvrir les yeux sur tout ce qui nous entoure. Trop souvent, notre regard survole, notre attention papillonne, notre int\u00e9r\u00eat s\u2019\u00e9parpille. L\u00e0, Michelle Adam s\u2019attache aux d\u00e9tails, insiste sur l\u2019insignifiant, r\u00e9v\u00e8le l\u2019invisible.<\/p>\n<p><strong>Il est possible d\u2019\u00e9tablir un parall\u00e8le entre cette d\u00e9ambulation et l\u2019\u00e9tude de territoire d\u2019une \u00e9quipe de pr\u00e9vention sp\u00e9cialis\u00e9e<\/strong>. Lors d\u2019une implantation dans un nouveau quartier, les \u00e9ducs de rue agissent de la m\u00eame fa\u00e7on, pour mieux conna\u00eetre les recoins de l\u2019espace o\u00f9 ils vont intervenir et pour croiser les habitants, au hasard des rencontres. La diff\u00e9rence, c\u2019est que leur cheminement cherche aussi \u00e0 se faire voir, identifier et accepter, ce qui n\u2019est pas le cas de l\u2019auteure. Pourtant, ce qu\u2019ils partagent en commun, c\u2019est ce m\u00eame souci de d\u00e9couvrir, de comprendre et de se familiariser.<\/p>\n<p><strong>Mais, au fait qu\u2019y trouve-t-on, exactement, dans ce r\u00e9cit\u00a0?<\/strong> L\u2019auteure d\u00e9crit tr\u00e8s bien sa d\u00e9marche\u00a0:\u00a0\u00ab\u00a0ce livre n\u2019est pas un guide \u00e0 l\u2019instar du guide du Routard ou du Guide Michelin, c\u2019est un simple r\u00e9cit de rencontres avec des gens, des paysages, une faune sauvage, des fontaines et des lieux de m\u00e9moire\u00a0\u00bb. Cet art consomm\u00e9 de l\u2019observation, Michelle Adam l\u2019a cultiv\u00e9 toute sa carri\u00e8re d\u2019\u00e9ducatrice, rompue au d\u00e9codage des situations abord\u00e9es. Voil\u00e0 une d\u00e9formation professionnelle\u00a0bienvenue !<\/p>\n<p><strong>Il y a ces lieux dot\u00e9s d\u2019une banalit\u00e9 remarquable. <\/strong>Ceux qui nous voient passer depuis tant d\u2019ann\u00e9es, mais que nous avons perdu l\u2019habitude de regarder, les ignorant quand nous les croisons. C\u2019est cette \u00e9picerie de jadis, pourtant encore vaillante, dont l\u2019auteure se plait \u00e0 humer les chaleureuses odeurs. Vous savez, celles-l\u00e0 m\u00eames o\u00f9 voisinaient \u00e0 c\u00f4t\u00e9 de la nourriture ces boules de bleu pour blanchir le linge. Ce sont ces chapelles, ces calvaires, ces monuments aux morts ou ces statues insolites qui tr\u00f4nent comme autant de marqueurs de notre histoire. Ce sont aussi ces plaques comm\u00e9moratives de parfaits inconnus\u2026 que personne ne cherche plus depuis longtemps \u00e0 conna\u00eetre ! Qui sait encore la vie de Madeleine Br\u00e8s qui eut l\u2019honneur d\u2019\u00eatre la premi\u00e8re femme \u00e0 devenir m\u00e9decin en 1875 ?<\/p>\n<p><strong>Et puis, il y a toutes ces rencontres inattendues autant qu\u2019\u00e9ph\u00e9m\u00e8res<\/strong>. Rachid, crois\u00e9 dans un abribus, jeune homme sans logis \u00e0 qui Michel Adam ne peut s\u2019emp\u00eacher, \u2013 chassez le naturel, il revient au galop, \u2013 de proposer de le mettre en contact avec les services pouvant l\u2019aider. Mais la solidarit\u00e9 n\u2019est pas \u00e0 sens unique. A preuve, cet ouvrier qui lui propose son aide, alors que par maladresse, elle chute brutalement \u00e0 terre. Au gr\u00e9 de ses p\u00e9r\u00e9grinations, elle engage la conversation avec cette vieille dame que son chien prom\u00e8ne chaque jour. Ou encore cette jeune Erythr\u00e9enne, assise \u00e0 c\u00f4t\u00e9 d\u2019elle, qui \u00e9puis\u00e9e par sa journ\u00e9e de travail de 11 heures, s\u2019endort, laissant sa t\u00eate s\u2019affaisser sur son \u00e9paule. Et puis ce vieux monsieur d\u2019environ 70 ans aux paupi\u00e8res gonfl\u00e9es de ceux que la vie n\u2019a pas \u00e9pargn\u00e9s et qui serait d\u00e9j\u00e0 mort sans les perfusions du sang de la vigne.<\/p>\n<p><strong>Voil\u00e0 un \u00e9crit d\u00e9routant qui r\u00e9habilite le temps qui passe et le rythme lent de la vie<\/strong>. Il donne du sens \u00e0 l\u2019insignifiant. Il donne de l\u2019importance au futile. Il se focalise sur le n\u00e9gligeable. Le lecteur press\u00e9 se lacera peut-\u00eatre. D\u2019autres seront pris par la magie du verbe et la force po\u00e9tique de cette improbable d\u00e9ambulation. Au risque, allez savoir, de sortir \u00e0 leur tour de chez eux pour s\u2019en aller fl\u00e2ner au hasard. Il ne suffit pas de grand-chose pour entamer l\u2019aventure de la d\u00e9couverte de ce qui est sous nos yeux, mais que nous ignorons si souvent.<\/p>\n<p>\u00a0<\/p>\n<p>\u00a0<\/p>\n<p style=\"text-align: center;\">Cet article fait partie de la rubrique \u00ab Livre ouvert \u00bb<\/p>\n<p style=\"text-align: center;\">Il est sign\u00e9 Jacques Tr\u00e9mintin<\/p>\n<p style=\"text-align: center;\">Ne manquez pas son site \u00ab\u00a0Tremsite\u00a0\u00bb\u00a0: <a href=\"https:\/\/tremintin.com\/joomla\/\" target=\"_blank\" rel=\"noopener nofollow\"><strong>https:\/\/tremintin.com\/joomla\/<\/strong><\/a><\/p>\n<p>\u00a0<\/p>\n","protected":false},"excerpt":{"rendered":"Que peut faire une \u00e9ducatrice de la Protection de la jeunesse, apr\u00e8s quarante ans d\u2019une carri\u00e8re bien remplie\u00a0?&hellip;\n","protected":false},"author":2,"featured_media":300196,"comment_status":"","ping_status":"","sticky":false,"template":"","format":"standard","meta":{"footnotes":""},"categories":[1357],"tags":[1379,58,59,1011,27,1380],"class_list":{"0":"post-300195","1":"post","2":"type-post","3":"status-publish","4":"format-standard","5":"has-post-thumbnail","7":"category-livres","8":"tag-books","9":"tag-divertissement","10":"tag-entertainment","11":"tag-fr","12":"tag-france","13":"tag-livres"},"share_on_mastodon":{"url":"https:\/\/pubeurope.com\/@fr\/114981462902300983","error":""},"_links":{"self":[{"href":"https:\/\/www.europesays.com\/fr\/wp-json\/wp\/v2\/posts\/300195","targetHints":{"allow":["GET"]}}],"collection":[{"href":"https:\/\/www.europesays.com\/fr\/wp-json\/wp\/v2\/posts"}],"about":[{"href":"https:\/\/www.europesays.com\/fr\/wp-json\/wp\/v2\/types\/post"}],"author":[{"embeddable":true,"href":"https:\/\/www.europesays.com\/fr\/wp-json\/wp\/v2\/users\/2"}],"replies":[{"embeddable":true,"href":"https:\/\/www.europesays.com\/fr\/wp-json\/wp\/v2\/comments?post=300195"}],"version-history":[{"count":0,"href":"https:\/\/www.europesays.com\/fr\/wp-json\/wp\/v2\/posts\/300195\/revisions"}],"wp:featuredmedia":[{"embeddable":true,"href":"https:\/\/www.europesays.com\/fr\/wp-json\/wp\/v2\/media\/300196"}],"wp:attachment":[{"href":"https:\/\/www.europesays.com\/fr\/wp-json\/wp\/v2\/media?parent=300195"}],"wp:term":[{"taxonomy":"category","embeddable":true,"href":"https:\/\/www.europesays.com\/fr\/wp-json\/wp\/v2\/categories?post=300195"},{"taxonomy":"post_tag","embeddable":true,"href":"https:\/\/www.europesays.com\/fr\/wp-json\/wp\/v2\/tags?post=300195"}],"curies":[{"name":"wp","href":"https:\/\/api.w.org\/{rel}","templated":true}]}}