{"id":300197,"date":"2025-08-06T10:57:10","date_gmt":"2025-08-06T10:57:10","guid":{"rendered":"https:\/\/www.europesays.com\/fr\/300197\/"},"modified":"2025-08-06T10:57:10","modified_gmt":"2025-08-06T10:57:10","slug":"pour-la-premiere-fois-karine-le-marchand-annonce-une-grande-nouveaute-pour-la-nouvelle-saison-de-lamour-vu-du-pre-sur-m6","status":"publish","type":"post","link":"https:\/\/www.europesays.com\/fr\/300197\/","title":{"rendered":"\u00ab\u00a0Pour la premi\u00e8re fois\u2026\u00a0\u00bb : Karine Le Marchand annonce une grande \u00ab\u00a0nouveaut\u00e9\u00a0\u00bb pour la nouvelle saison de \u00ab\u00a0L&rsquo;amour vu du pr\u00e9\u00a0\u00bb sur M6"},"content":{"rendered":"<p>La suite apr\u00e8s la publicit\u00e9<\/p>\n<p>Pour suivre les aventures des agriculteurs de cette saison anniversaire de \u00ab\u00a0L&rsquo;amour est dans le pr\u00e9\u00a0\u00bb, il faudra \u00eatre au rendez-vous sur la Six d\u00e8s le lundi 25\u00a0ao\u00fbt. M6 a en effet r\u00e9v\u00e9l\u00e9 la date de lancement de <a href=\"https:\/\/www.ozap.com\/actu\/vous-ne-pouvez-pas-laisser-passer-ca-karine-le-marchand-explique-pourquoi-elle-a-deja-vu-le-premier-episode-de-lamour-est-dans-le-pre-2025-3-mois-avant-sa-diffusion-sur-m6\/650232\" rel=\"nofollow noopener\" target=\"_blank\">cette \u00e9dition \u00ab\u00a0riche en amour\u00a0\u00bb<\/a> et \u00ab\u00a0pleine de rebondissements\u00a0\u00bb, selon <a href=\"https:\/\/www.ozap.com\/personnalite\/karine-le-marchand_e300\" rel=\"nofollow noopener\" target=\"_blank\">Karine Le Marchand<\/a>. La fid\u00e8le entremetteuse a rencontr\u00e9 <a href=\"https:\/\/www.ozap.com\/actu\/l-amour-est-dans-le-pre-decouvrez-les-15-portraits-des-agriculteurs-de-la-prochaine-saison\/648177\" rel=\"nofollow noopener\" target=\"_blank\">les quinze c\u00e9libataires (douze hommes et trois femmes) du casting de cette cuv\u00e9e<\/a>, dont les portraits ont \u00e9t\u00e9 diffus\u00e9s en janvier dernier. Malheureusement, deux d&rsquo;entre eux ne trouveront pas l&rsquo;\u00e2me soeur, faute de courrier, et <a href=\"https:\/\/www.ozap.com\/actu\/ils-sont-sortis-karine-le-marchand-annonce-que-deux-agriculteurs-de-lamour-est-dans-le-pre-2025-seront-finalement-absents-de-la-saison-20\/651020\" rel=\"nofollow noopener\" target=\"_blank\">ont \u00e9t\u00e9 \u00ab\u00a0sortis\u00a0\u00bb de l&rsquo;\u00e9mission<\/a>.<\/p>\n<p>\u00ab\u00a0Pas un exercice facile pour eux\u00a0\u00bb<\/p>\n<p>Antoine et Samuel n&rsquo;auront ainsi pas la possibilit\u00e9 de commenter leur exp\u00e9rience dans <a href=\"https:\/\/www.ozap.com\/actu\/-l-amour-vu-du-pre-2024-quels-anciens-agriculteurs-de-l-amour-est-dans-le-pre-participeront-a-l-emission-cette-annee\/645202\" rel=\"nofollow noopener\" target=\"_blank\">\u00ab\u00a0L&rsquo;amour vu du pr\u00e9\u00a0\u00bb<\/a>, toujours pr\u00e9vu en seconde partie de soir\u00e9e apr\u00e8s le traditionnel \u00e9pisode. Alors qu&rsquo;habituellement, d&rsquo;ex-candidats embl\u00e9matiques du programme se plaisent \u00e0 d\u00e9cortiquer les images de leurs successeurs, avec humour et parfois mauvaise foi, ces derniers r\u00e9agiront cette ann\u00e9e \u00e0 leurs propres parcours et \u00e9motions. Une nouveaut\u00e9 qu&rsquo;a expliqu\u00e9 avec enthousiasme l&rsquo;animatrice vedette aupr\u00e8s de Puremedias. \u00ab\u00a0L&rsquo;amour vu du pr\u00e9 continue, mais a \u00e9t\u00e9 refond\u00e9. Pour la premi\u00e8re fois, c\u2019est une nouveaut\u00e9, des anciens agriculteurs vont partager leur canap\u00e9 avec des agriculteurs de la saison 20\u00a0\u00bb, a-t-elle r\u00e9v\u00e9l\u00e9.\u00a0<\/p>\n<p>Karine Le Marchand se r\u00e9jouit de ce changement qui assure des s\u00e9quences insolites : \u00ab\u00a0Cela implique que vous allez avoir des \u00e9pisodes o\u00f9 des agriculteurs vont commenter leurs propres images, leurs propre speed-dating et s\u00e9jours \u00e0 la ferme. \u00c7a, c&rsquo;est quelque chose. Gilles, Jean-Louis, Oc\u00e9ane&#8230; Ce n&rsquo;est pas du tout un exercice facile pour eux. Je peux vous le dire : ils ont ram\u00e9. Commenter ses propres images, ce n&rsquo;est pas facile. Donc \u00e7a promet\u00a0\u00bb.\u00a0<\/p>\n<p>A lire aussi : <a href=\"https:\/\/www.ozap.com\/actu\/l-amour-est-dans-le-pre-2025-ce-petit-changement-demande-par-karine-le-marchand-a-pris-plus-de-proportions-qu-elle-ne-l-imaginait\/651011\" rel=\"nofollow noopener\" target=\"_blank\"><strong>\u00ab\u00a0L&rsquo;amour est dans le pr\u00e9\u00a0\u00bb 2025 : Ce petit changement demand\u00e9 par Karine Le Marchand a pris \u00ab\u00a0plus de proportions\u00a0\u00bb qu&rsquo;elle ne l&rsquo;imaginait<\/strong><\/a><\/p>\n<p>D&rsquo;acteurs \u00e0 commentateurs, une transition \u00ab\u00a0compliqu\u00e9e\u00a0\u00bb<\/p>\n<p>Parmi les cobayes qui ont \u00e9trenn\u00e9 ce fameux canap\u00e9 de d\u00e9briefing, la jeune Oc\u00e9ane (26 ans), pourtant d\u00e9crite comme \u00ab\u00a0joyeuse et p\u00e9tillante\u00a0\u00bb, a mis du temps avant de se d\u00e9rider. \u00ab\u00a0J\u2019ai tourn\u00e9 l&rsquo;amour vu du pr\u00e9 il y a quelques jours. Se voir \u00e0 l\u2019\u00e9cran, \u00e7a fait toujours bizarre. Je ne me commentais pas trop, c&rsquo;\u00e9tait plus mes copines assises avec moi dans le canap\u00e9 qui parlaient\u00a0\u00bb, a confi\u00e9 la maraich\u00e8re bretonne lors de cette m\u00eame conf\u00e9rence de presse. \u00ab\u00a0Ce n&rsquo;est pas \u00e9vident de se commenter soi-m\u00eame par rapport aux autres. Encore plus avec des gens qu&rsquo;on ne conna\u00eet pas. Ce qui est compliqu\u00e9 aussi, c\u2019est que tu sais ce qui s&rsquo;est pass\u00e9 au final mais tu n\u2019as pas le droit de le dire aux autres\u00a0\u00bb, nous a-t-elle expliqu\u00e9.<\/p>\n<p>Cette modification n&rsquo;est pas la seule \u00e0 avoir \u00e9t\u00e9 souffl\u00e9e par Karine Le Marchand. Pour cette \u00e9dition anniversaire, l&rsquo;\u00e9g\u00e9rie du programme a choisi de pointer le curseur sur les techniciens de l\u2019\u00e9mission, une \u00e9quipe avec laquelle elle collabore depuis des ann\u00e9es, via une mise en sc\u00e8ne originale. Fini l&rsquo;introduction traditionnelle o\u00f9 elle arpente seule la p\u00e9niche des speed dating. Ses collaborateurs, v\u00eatus de tee-shirts floqu\u00e9s au nom de l&rsquo;\u00e9mission, se sont cette fois-ci \u00ab\u00a0pr\u00eat\u00e9s au jeu\u00a0\u00bb dans des proportions qu&rsquo;elle n&rsquo;imaginait pas.<\/p>\n","protected":false},"excerpt":{"rendered":"La suite apr\u00e8s la publicit\u00e9 Pour suivre les aventures des agriculteurs de cette saison anniversaire de \u00ab\u00a0L&rsquo;amour est&hellip;\n","protected":false},"author":2,"featured_media":300198,"comment_status":"","ping_status":"","sticky":false,"template":"","format":"standard","meta":{"footnotes":""},"categories":[1356],"tags":[58,59,1011,27,252,1364],"class_list":{"0":"post-300197","1":"post","2":"type-post","3":"status-publish","4":"format-standard","5":"has-post-thumbnail","7":"category-television","8":"tag-divertissement","9":"tag-entertainment","10":"tag-fr","11":"tag-france","12":"tag-television","13":"tag-tv"},"share_on_mastodon":{"url":"https:\/\/pubeurope.com\/@fr\/114981466768606973","error":""},"_links":{"self":[{"href":"https:\/\/www.europesays.com\/fr\/wp-json\/wp\/v2\/posts\/300197","targetHints":{"allow":["GET"]}}],"collection":[{"href":"https:\/\/www.europesays.com\/fr\/wp-json\/wp\/v2\/posts"}],"about":[{"href":"https:\/\/www.europesays.com\/fr\/wp-json\/wp\/v2\/types\/post"}],"author":[{"embeddable":true,"href":"https:\/\/www.europesays.com\/fr\/wp-json\/wp\/v2\/users\/2"}],"replies":[{"embeddable":true,"href":"https:\/\/www.europesays.com\/fr\/wp-json\/wp\/v2\/comments?post=300197"}],"version-history":[{"count":0,"href":"https:\/\/www.europesays.com\/fr\/wp-json\/wp\/v2\/posts\/300197\/revisions"}],"wp:featuredmedia":[{"embeddable":true,"href":"https:\/\/www.europesays.com\/fr\/wp-json\/wp\/v2\/media\/300198"}],"wp:attachment":[{"href":"https:\/\/www.europesays.com\/fr\/wp-json\/wp\/v2\/media?parent=300197"}],"wp:term":[{"taxonomy":"category","embeddable":true,"href":"https:\/\/www.europesays.com\/fr\/wp-json\/wp\/v2\/categories?post=300197"},{"taxonomy":"post_tag","embeddable":true,"href":"https:\/\/www.europesays.com\/fr\/wp-json\/wp\/v2\/tags?post=300197"}],"curies":[{"name":"wp","href":"https:\/\/api.w.org\/{rel}","templated":true}]}}