{"id":300199,"date":"2025-08-06T10:58:15","date_gmt":"2025-08-06T10:58:15","guid":{"rendered":"https:\/\/www.europesays.com\/fr\/300199\/"},"modified":"2025-08-06T10:58:15","modified_gmt":"2025-08-06T10:58:15","slug":"michel-jonasz-refuse-un-projet-de-film-il-en-devoile-les-raisons","status":"publish","type":"post","link":"https:\/\/www.europesays.com\/fr\/300199\/","title":{"rendered":"Michel Jonasz refuse un projet de film, il en d\u00e9voile les raisons"},"content":{"rendered":"<p>Invit\u00e9 sur Sud Radio dans l&rsquo;\u00e9mission Qu&rsquo;est-ce qu&rsquo;on attend ?, pr\u00e9sent\u00e9e par Sophie Darel et Laurence Peraud, Michel Jonasz est revenu sur sa passion pour la musique et la com\u00e9die et la mani\u00e8re dont il hi\u00e9rarchisait ses projets. L&rsquo;auteur-compositeur-interpr\u00e8te a en effet confi\u00e9 avoir r\u00e9cemment refus\u00e9 un projet de film \u00e0 cause de ses nombreux concerts.<\/p>\n<p>Ce mardi 5 ao\u00fbt 2025, Michel Jonasz \u00e9tait l&rsquo;invit\u00e9 de Qu&rsquo;est-ce qu&rsquo;on attend ?, pr\u00e9sent\u00e9e par <a href=\"https:\/\/www.programme-tv.net\/biographie\/78035-darel-sophie\/\" data-link-people=\"4197917a-259f-42a7-8613-0231b4ad0b18\" target=\"_blank\" rel=\"noopener\">Sophie Darel<\/a> et Laurence Peraud sur Sud Radio. En pleine tourn\u00e9e de concerts avec son Soul Tour, Michel Jonasz and friends jusqu&rsquo;en mars 2026, l&rsquo;auteur-compositeur-interpr\u00e8te<a href=\"https:\/\/www.programme-tv.net\/news\/musique\/384762-je-la-retrouverai-plus-tard-michel-jonasz-revele-pourquoi-il-n-a-plus-envie-d-interpreter-une-de-ses-chansons-cultes\/\" data-api-deeplink=\"teleloisirs:\/\/news\/384762\" target=\"_blank\" rel=\"noopener\"> revisite ses grands succ\u00e8s &#8211; sauf un<\/a> &#8211; dans un album intitul\u00e9 Soul. Une tourn\u00e9e pour laquelle il est pr\u00eat \u00e0 faire des sacrifices, comme il l&rsquo;a expliqu\u00e9 \u00e0 ses deux h\u00f4tes. En effet, <a href=\"https:\/\/www.programme-tv.net\/news\/people\/363098-ma-mere-a-pu-en-souffrir-la-fille-de-michel-jonasz-se-confie-sur-les-problemes-de-la-celebrite\/\" data-api-deeplink=\"teleloisirs:\/\/news\/363098\" target=\"_blank\" rel=\"noopener\">le p\u00e8re d&rsquo;Hannah Jonasz<\/a>, \u00e9galement acteur, a refus\u00e9 un projet de film pour sa musique, sa priorit\u00e9.<\/p>\n<p>\u00ab\u00a0Je ne le ferai jamais\u00a0\u00bb : Michel Jonasz parle de ses priorit\u00e9s, entre musique et com\u00e9die<\/p>\n<p>\u00ab\u00a0En fait, j&rsquo;avais particip\u00e9 \u00e0 un film qui s&rsquo;appelait La maison de retraite 2. <a href=\"https:\/\/www.programme-tv.net\/news\/people\/384705-on-est-oblige-de-se-depecher-chantal-ladesou-balance-sur-le-comportement-de-michel-jonasz-dans-les-coulisses-de-la-serie-maison-de-retraite\/\" data-api-deeplink=\"teleloisirs:\/\/news\/384705\" target=\"_blank\" rel=\"noopener\">On a tourn\u00e9 une s\u00e9rie de La maison de retraite<\/a> qui n&rsquo;est pas pass\u00e9e encore et qui va certainement passer \u00e0 la rentr\u00e9e et certainement qu&rsquo;il va y avoir une suite de \u00e7a. Mais, vous voyez, des fois, je suis emb\u00eat\u00e9 parce que j&rsquo;adore jouer la com\u00e9die. Vraiment, c&rsquo;est un truc super. Et l\u00e0, j&rsquo;avais un projet de film qui ne peut pas se faire. Pourquoi ? \u00c0 cause du fait que j&rsquo;ai beaucoup de concerts et que le planning ne collait pas. Et \u00e7a, ah oui, \u00e7a m&rsquo;a emb\u00eat\u00e9. Parce que je privil\u00e9gie quand m\u00eame la musique. Donc, en septembre, octobre, novembre, il y a une tourn\u00e9e qui s&rsquo;appelle Soul. Et donc,<a href=\"https:\/\/www.programme-tv.net\/news\/musique\/350596-le-cri-m-a-tue-cette-fois-ou-michel-jonasz-s-est-evanoui-sur-scene-en-essayant-d-imiter-james-brown-video\/\" data-api-deeplink=\"teleloisirs:\/\/news\/350596\" target=\"_blank\" rel=\"noopener\"> je ne peux pas abandonner la musique pour jouer la com\u00e9die<\/a>, je ne le ferai jamais\u00a0\u00bb, a confi\u00e9 Michel Jonasz \u00e0 Sophie Darel et Laurence Peraud qui, en r\u00e9action des commentaires et questions des auditeurs, lui demandaient s&rsquo;il avait de nouveaux projets cin\u00e9matographiques \u00e0 venir.<\/p>\n<p>                        Michel Jonasz, un artiste \u00e0 double facette<\/p>\n<p><a href=\"https:\/\/www.programme-tv.net\/news\/tv\/330048-jaurais-voulu-en-faire-plus-michel-jonasz-evoque-ce-domaine-dans-lequel-il-aurait-adore-faire-carriere-video\/\" data-api-deeplink=\"teleloisirs:\/\/news\/330048\" target=\"_blank\" rel=\"noopener\">Michel Jonasz aurait r\u00eav\u00e9 mener \u00e0 bien une double carri\u00e8re.<\/a> En plus d&rsquo;\u00eatre un auteur-compositeur-interpr\u00e8te de talent, il joue dans des films et s\u00e9ries, m\u00eame si les projets cin\u00e9matographiques ne sont pas aussi nombreux qu&rsquo;il l&rsquo;aurait voulu. Que ce soit dans Famille d&rsquo;accueil, Boulevard du palais, Le N\u00e9gociateur ou encore Sc\u00e8nes de m\u00e9nages, les fans de Michel Jonasz saluent ses talents de com\u00e9die.<\/p>\n","protected":false},"excerpt":{"rendered":"Invit\u00e9 sur Sud Radio dans l&rsquo;\u00e9mission Qu&rsquo;est-ce qu&rsquo;on attend ?, pr\u00e9sent\u00e9e par Sophie Darel et Laurence Peraud, Michel&hellip;\n","protected":false},"author":2,"featured_media":300200,"comment_status":"","ping_status":"","sticky":false,"template":"","format":"standard","meta":{"footnotes":""},"categories":[1355],"tags":[1696,244,58,59,1011,27,43793,1361,873,10897,1630],"class_list":{"0":"post-300199","1":"post","2":"type-post","3":"status-publish","4":"format-standard","5":"has-post-thumbnail","7":"category-musique","8":"tag-chanteur","9":"tag-commentaire","10":"tag-divertissement","11":"tag-entertainment","12":"tag-fr","13":"tag-france","14":"tag-michel-jonasz","15":"tag-music","16":"tag-musique","17":"tag-sud-radio","18":"tag-zapping"},"share_on_mastodon":{"url":"https:\/\/pubeurope.com\/@fr\/114981471062882937","error":""},"_links":{"self":[{"href":"https:\/\/www.europesays.com\/fr\/wp-json\/wp\/v2\/posts\/300199","targetHints":{"allow":["GET"]}}],"collection":[{"href":"https:\/\/www.europesays.com\/fr\/wp-json\/wp\/v2\/posts"}],"about":[{"href":"https:\/\/www.europesays.com\/fr\/wp-json\/wp\/v2\/types\/post"}],"author":[{"embeddable":true,"href":"https:\/\/www.europesays.com\/fr\/wp-json\/wp\/v2\/users\/2"}],"replies":[{"embeddable":true,"href":"https:\/\/www.europesays.com\/fr\/wp-json\/wp\/v2\/comments?post=300199"}],"version-history":[{"count":0,"href":"https:\/\/www.europesays.com\/fr\/wp-json\/wp\/v2\/posts\/300199\/revisions"}],"wp:featuredmedia":[{"embeddable":true,"href":"https:\/\/www.europesays.com\/fr\/wp-json\/wp\/v2\/media\/300200"}],"wp:attachment":[{"href":"https:\/\/www.europesays.com\/fr\/wp-json\/wp\/v2\/media?parent=300199"}],"wp:term":[{"taxonomy":"category","embeddable":true,"href":"https:\/\/www.europesays.com\/fr\/wp-json\/wp\/v2\/categories?post=300199"},{"taxonomy":"post_tag","embeddable":true,"href":"https:\/\/www.europesays.com\/fr\/wp-json\/wp\/v2\/tags?post=300199"}],"curies":[{"name":"wp","href":"https:\/\/api.w.org\/{rel}","templated":true}]}}