{"id":300203,"date":"2025-08-06T11:00:14","date_gmt":"2025-08-06T11:00:14","guid":{"rendered":"https:\/\/www.europesays.com\/fr\/300203\/"},"modified":"2025-08-06T11:00:14","modified_gmt":"2025-08-06T11:00:14","slug":"cela-vous-epuise-sans-que-vous-le-sachiez","status":"publish","type":"post","link":"https:\/\/www.europesays.com\/fr\/300203\/","title":{"rendered":"cela vous \u00e9puise sans que vous le sachiez"},"content":{"rendered":"<p>\n                Plusieurs facteurs peuvent emp\u00eacher une production ad\u00e9quate.            <\/p>\n<p>L&rsquo;\u00e9t\u00e9 est souvent synonyme de vitalit\u00e9 retrouv\u00e9e et d&rsquo;\u00e9nergie d\u00e9bordante. C&rsquo;est la p\u00e9riode de l&rsquo;ann\u00e9e o\u00f9 l&rsquo;on se sent g\u00e9n\u00e9ralement le plus en forme, o\u00f9 l&rsquo;on profite des activit\u00e9s en ext\u00e9rieur et o\u00f9 le moral est au beau fixe.\u00a0L&rsquo;abondance de fruits et l\u00e9gumes frais, gorg\u00e9s de soleil, nous permet normalement de faire le plein de toutes les vitamines essentielles dont notre corps a besoin. Pourtant, un paradoxe subsiste\u00a0: m\u00eame sous un soleil g\u00e9n\u00e9reux, il est tout \u00e0 fait possible de manquer d&rsquo;une vitamine cruciale que notre organisme est cens\u00e9 produire gr\u00e2ce \u00e0 l&rsquo;exposition aux rayons lumineux.<\/p>\n<p>Les carences sont fr\u00e9quentes en juillet et en ao\u00fbt. Plusieurs facteurs peuvent emp\u00eacher une production ad\u00e9quate, m\u00eame sous un soleil estival \u00e9clatant, nous confie Jonathan Orchard, co-fondateur\u00a0et directeur scientifique de la marque Neutrient.\u00a0La pigmentation de la peau, la position g\u00e9ographique, l&rsquo;heure de la journ\u00e9e, l&rsquo;utilisation de cr\u00e8mes solaires ou de v\u00eatements couvrants, ainsi que l&rsquo;\u00e2ge avanc\u00e9\u00a0et certaines conditions de sant\u00e9 (ob\u00e9sit\u00e9, <a href=\"https:\/\/sante.journaldesfemmes.fr\/fiches-maladies\/2512009-maladie-de-crohn-premiers-symptomes\/\" title=\"Maladie de Crohn\" rel=\"nofollow noopener\" target=\"_blank\">maladie de Crohn<\/a>&#8230;), r\u00e9duisent significativement notre capacit\u00e9 \u00e0 la synth\u00e9tiser naturellement.\u00a0<\/p>\n<p>Par ailleurs, \u00ab\u00a0la vie urbaine, le travail en int\u00e9rieur ou le temps limit\u00e9 pass\u00e9 \u00e0 l&rsquo;ext\u00e9rieur peuvent r\u00e9duire drastiquement l&rsquo;exposition au soleil. M\u00eame en \u00e9t\u00e9, beaucoup passent la majorit\u00e9 de leur journ\u00e9e en int\u00e9rieur, manquant ainsi les rayons UVB. <a href=\"https:\/\/pmc.ncbi.nlm.nih.gov\/articles\/PMC8674774\/\" target=\"_blank\" rel=\"nofollow noopener\">Une \u00e9tude<\/a> de 2020\u00a0dans\u00a0Nutrients\u00a0a estim\u00e9 que jusqu&rsquo;\u00e0 50\u00a0% de la population mondiale pourrait avoir des niveaux insuffisants de <a href=\"https:\/\/sante.journaldesfemmes.fr\/fiches-nutrition\/2512791-vitamine-d-soleil-ampoule-aliment-bienfaits-carence-dosage\/\" title=\"Vitamine D\" rel=\"nofollow noopener\" target=\"_blank\">vitamine D<\/a> &#8211; la vitamine en question &#8211;\u00a0m\u00eame dans des climats ensoleill\u00e9s, \u00e0 cause du mode de vie moderne\u00a0\u00bb, poursuit l&rsquo;expert. En France, jusqu&rsquo;\u00e0 8 personnes sur 10 seraient carenc\u00e9es en vitamine D selon l&rsquo;Etude nationale Nutrition Sant\u00e9 de Sant\u00e9 publique France.\u00a0<\/p>\n<p>Pour maintenir un niveau optimal de vitamine D en \u00e9t\u00e9, il faut combiner exposition solaire s\u00e9curis\u00e9e, apports alimentaires et suppl\u00e9mentation est recommand\u00e9e. Notre expert recommande de viser 10\u00a0\u00e0 30\u00a0minutes d&rsquo;<a href=\"https:\/\/www.journaldesfemmes.fr\/jardin\/encyclopedie-des-plantes\/2373736-plantes-exposition-plein-soleil\/\" title=\"Exposition au soleil\" rel=\"nofollow noopener\" target=\"_blank\">exposition au soleil<\/a> en milieu de journ\u00e9e sans protection, selon votre type de peau, tout en int\u00e9grant des aliments riches en vitamine D comme les poissons gras. Une suppl\u00e9mentation quotidienne de 1\u00a0000\u00a0\u00e0 2\u00a0000\u00a0UI de vitamine D3\u00a0est souvent conseill\u00e9e, \u00e0 prendre avec un repas gras et id\u00e9alement associ\u00e9e \u00e0 la vitamine K2 (un avis m\u00e9dical est indispensable). Pour une gestion personnalis\u00e9e, surveiller vos niveaux sanguins est essentiel, surtout si vous avez des facteurs de risque.<\/p>\n<p>Merci \u00e0\u00a0Jonathan Orchard, co-fondateur\u00a0et directeur scientifique de la marque Neutrient, sp\u00e9cialiste en compl\u00e9ments alimentaires.<\/p>\n","protected":false},"excerpt":{"rendered":"Plusieurs facteurs peuvent emp\u00eacher une production ad\u00e9quate. L&rsquo;\u00e9t\u00e9 est souvent synonyme de vitalit\u00e9 retrouv\u00e9e et d&rsquo;\u00e9nergie d\u00e9bordante. C&rsquo;est&hellip;\n","protected":false},"author":2,"featured_media":300204,"comment_status":"","ping_status":"","sticky":false,"template":"","format":"standard","meta":{"footnotes":""},"categories":[10],"tags":[1011,27,72,71],"class_list":{"0":"post-300203","1":"post","2":"type-post","3":"status-publish","4":"format-standard","5":"has-post-thumbnail","7":"category-sante","8":"tag-fr","9":"tag-france","10":"tag-health","11":"tag-sante"},"share_on_mastodon":{"url":"https:\/\/pubeurope.com\/@fr\/114981478567381384","error":""},"_links":{"self":[{"href":"https:\/\/www.europesays.com\/fr\/wp-json\/wp\/v2\/posts\/300203","targetHints":{"allow":["GET"]}}],"collection":[{"href":"https:\/\/www.europesays.com\/fr\/wp-json\/wp\/v2\/posts"}],"about":[{"href":"https:\/\/www.europesays.com\/fr\/wp-json\/wp\/v2\/types\/post"}],"author":[{"embeddable":true,"href":"https:\/\/www.europesays.com\/fr\/wp-json\/wp\/v2\/users\/2"}],"replies":[{"embeddable":true,"href":"https:\/\/www.europesays.com\/fr\/wp-json\/wp\/v2\/comments?post=300203"}],"version-history":[{"count":0,"href":"https:\/\/www.europesays.com\/fr\/wp-json\/wp\/v2\/posts\/300203\/revisions"}],"wp:featuredmedia":[{"embeddable":true,"href":"https:\/\/www.europesays.com\/fr\/wp-json\/wp\/v2\/media\/300204"}],"wp:attachment":[{"href":"https:\/\/www.europesays.com\/fr\/wp-json\/wp\/v2\/media?parent=300203"}],"wp:term":[{"taxonomy":"category","embeddable":true,"href":"https:\/\/www.europesays.com\/fr\/wp-json\/wp\/v2\/categories?post=300203"},{"taxonomy":"post_tag","embeddable":true,"href":"https:\/\/www.europesays.com\/fr\/wp-json\/wp\/v2\/tags?post=300203"}],"curies":[{"name":"wp","href":"https:\/\/api.w.org\/{rel}","templated":true}]}}