{"id":300208,"date":"2025-08-06T11:03:15","date_gmt":"2025-08-06T11:03:15","guid":{"rendered":"https:\/\/www.europesays.com\/fr\/300208\/"},"modified":"2025-08-06T11:03:15","modified_gmt":"2025-08-06T11:03:15","slug":"une-refonte-majeure-lapplication-telephone-de-google-devoile-3-nouveautes","status":"publish","type":"post","link":"https:\/\/www.europesays.com\/fr\/300208\/","title":{"rendered":"Une refonte majeure, l&rsquo;application T\u00e9l\u00e9phone de Google d\u00e9voile 3 nouveaut\u00e9s"},"content":{"rendered":"<p>L\u2019application Google T\u00e9l\u00e9phone \u00e9volue pour permettre \u00e0 ses utilisateurs de retrouver plus facilement leurs contacts pr\u00e9f\u00e9r\u00e9s. Le tout dans un design revu et corrig\u00e9. <\/p>\n<p><a target=\"_blank\" href=\"https:\/\/images.frandroid.com\/wp-content\/uploads\/2020\/11\/google-telephone-scaled.jpg\" class=\"article-content__figure\" rel=\"noopener\"><img fetchpriority=\"high\" decoding=\"async\" loading=\"eager\" width=\"1200\" height=\"900\" src=\"https:\/\/www.europesays.com\/fr\/wp-content\/uploads\/2025\/08\/google-telephone-scaled.jpg\" alt=\"Google T\u00e9l\u00e9phone\" class=\"wp-image-805467 wp-image wp-image\"  \/><\/a>Google T\u00e9l\u00e9phone sur le Play Store \/\/ Source : Frandroid<\/p>\n<p><strong>Google poursuit la modernisation de ses applications<\/strong>. Apr\u00e8s avoir d\u00e9voil\u00e9 sa nouvelle interface <a href=\"https:\/\/www.frandroid.com\/android\/2613721_android-change-de-look-avec-material-3-expressive-voici-comment-google-compte-seduire-les-jeunes-utilisateurs-qui-preferent-liphone\" target=\"_blank\" rel=\"noopener\">Material 3 Expressive<\/a>, c\u2019est l\u2019ensemble des applications du g\u00e9ant am\u00e9ricain qui adoptent progressivement ce design pens\u00e9 pour toucher \u00ab \u00e9motionnellement \u00bb ses utilisateurs.  La derni\u00e8re en date \u00e9tant l\u2019application <a href=\"https:\/\/www.frandroid.com\/telecharger\/apps\/telephone\" target=\"_blank\" rel=\"noopener\">T\u00e9l\u00e9phone<\/a> qui accompagne cette refonte visuelle de trois changements techniques, indique <a target=\"_blank\" href=\"https:\/\/www.androidpolice.com\/google-phone-app-material-3-expressive-update-rolling-out\/\" rel=\"noopener\">Android Police<\/a>. <\/p>\n<p>Une nouvelle interface<\/p>\n<p>La nouvelle interface permet d\u2019un rapide coup d\u2019\u0153il <strong>d\u2019acc\u00e9der \u00e0 ses contacts pr\u00e9f\u00e9r\u00e9s<\/strong>. Ces derniers apparaissent dans une cat\u00e9gorie d\u00e9di\u00e9e en haut de l\u2019interface \u00e0 partir de l\u2019onglet \u00ab r\u00e9cent \u00bb. Le menu sup\u00e9rieur, lui, permet d\u00e9sormais de <strong>filtrer les appels par type<\/strong>. Les utilisateurs peuvent maintenant acc\u00e9der tour \u00e0 tour \u00e0 l\u2019int\u00e9gralit\u00e9 de leurs appels, leurs appels manqu\u00e9s, l\u2019ensemble des contacts ou encore les spams et non-spams.  <\/p>\n<p><a target=\"_blank\" href=\"https:\/\/images.frandroid.com\/wp-content\/uploads\/2025\/08\/thread-351208139-16319016945171246269.jpg\" class=\"article-content__figure\" rel=\"noopener\"><img loading=\"lazy\" decoding=\"async\" width=\"1200\" height=\"858\" src=\"https:\/\/www.europesays.com\/fr\/wp-content\/uploads\/2025\/08\/thread-351208139-16319016945171246269-1200x858.jpg\" alt=\"\" class=\"wp-image-2753973 wp-image\"  \/><\/a>Aper\u00e7u de la nouvelle interface de Google T\u00e9l\u00e9phone. \/\/ Source : <a href=\"https:\/\/support.google.com\/phoneapp\/thread\/351208139\" rel=\"nofollow noopener\" target=\"_blank\">Google<\/a><\/p>\n<p class=\"shortcode-container see-more\">\n    Pour aller plus loin<br \/><a href=\"https:\/\/www.frandroid.com\/android\/applications\/2514413_marre-des-appels-indesirables-google-ameliore-la-donne-sur-smartphone\" target=\"_blank\" rel=\"noopener\">Marre des appels ind\u00e9sirables ? Google am\u00e9liore la donne sur smartphone<\/a>\n            <\/p>\n<p>L\u2019affichage des photos de contact appara\u00eet \u00e0 pr\u00e9sent dans une forme arrondie et ondul\u00e9e respectant l\u2019identit\u00e9 visuelle de Material 3 Expressive et les boutons lors d\u2019un appel sont maintenant plus gros. <\/p>\n<p>Une nouvelle mani\u00e8re de r\u00e9pondre <\/p>\n<p>L\u2019autre changement majeur de cette version concerne <strong>la mani\u00e8re de r\u00e9pondre aux appels<\/strong>. L\u2019ancien balayage vertical laisse sa place \u00e0 <strong>un balayage horizontal<\/strong>. Un changement qui permettrait aux utilisateurs de ne pas d\u00e9crocher leurs appels simplement en sortant leurs <a href=\"https:\/\/www.frandroid.com\/guide-dachat\/smartphones\/332196_10-smartphones-attendus-debut-2016\" target=\"_blank\" rel=\"noopener\">smartphones<\/a> de leurs poches, <a target=\"_blank\" href=\"https:\/\/support.google.com\/phoneapp\/thread\/351208139\" rel=\"noopener\">pr\u00e9cise<\/a> Google. Une autre option permet aux utilisateurs de changer ce syst\u00e8me pour basculer vers une interface plus simple ne n\u00e9cessitant que d\u2019appuyer sur des boutons, indique Android Police. <\/p>\n<p>Autrefois r\u00e9serv\u00e9 aux b\u00eata testeurs, cette nouvelle interface commencerait \u00e0 \u00eatre plus largement d\u00e9ploy\u00e9e \u00e0 l\u2019ensemble des utilisateurs. <\/p>\n","protected":false},"excerpt":{"rendered":"L\u2019application Google T\u00e9l\u00e9phone \u00e9volue pour permettre \u00e0 ses utilisateurs de retrouver plus facilement leurs contacts pr\u00e9f\u00e9r\u00e9s. Le tout&hellip;\n","protected":false},"author":2,"featured_media":300209,"comment_status":"","ping_status":"","sticky":false,"template":"","format":"standard","meta":{"footnotes":""},"categories":[7],"tags":[1011,27,43,40,41,39,42,44],"class_list":{"0":"post-300208","1":"post","2":"type-post","3":"status-publish","4":"format-standard","5":"has-post-thumbnail","7":"category-sciences-et-technologies","8":"tag-fr","9":"tag-france","10":"tag-science","11":"tag-science-and-technology","12":"tag-sciences","13":"tag-sciences-et-technologies","14":"tag-technologies","15":"tag-technology"},"share_on_mastodon":{"url":"https:\/\/pubeurope.com\/@fr\/114981490365416613","error":""},"_links":{"self":[{"href":"https:\/\/www.europesays.com\/fr\/wp-json\/wp\/v2\/posts\/300208","targetHints":{"allow":["GET"]}}],"collection":[{"href":"https:\/\/www.europesays.com\/fr\/wp-json\/wp\/v2\/posts"}],"about":[{"href":"https:\/\/www.europesays.com\/fr\/wp-json\/wp\/v2\/types\/post"}],"author":[{"embeddable":true,"href":"https:\/\/www.europesays.com\/fr\/wp-json\/wp\/v2\/users\/2"}],"replies":[{"embeddable":true,"href":"https:\/\/www.europesays.com\/fr\/wp-json\/wp\/v2\/comments?post=300208"}],"version-history":[{"count":0,"href":"https:\/\/www.europesays.com\/fr\/wp-json\/wp\/v2\/posts\/300208\/revisions"}],"wp:featuredmedia":[{"embeddable":true,"href":"https:\/\/www.europesays.com\/fr\/wp-json\/wp\/v2\/media\/300209"}],"wp:attachment":[{"href":"https:\/\/www.europesays.com\/fr\/wp-json\/wp\/v2\/media?parent=300208"}],"wp:term":[{"taxonomy":"category","embeddable":true,"href":"https:\/\/www.europesays.com\/fr\/wp-json\/wp\/v2\/categories?post=300208"},{"taxonomy":"post_tag","embeddable":true,"href":"https:\/\/www.europesays.com\/fr\/wp-json\/wp\/v2\/tags?post=300208"}],"curies":[{"name":"wp","href":"https:\/\/api.w.org\/{rel}","templated":true}]}}