{"id":300214,"date":"2025-08-06T11:06:10","date_gmt":"2025-08-06T11:06:10","guid":{"rendered":"https:\/\/www.europesays.com\/fr\/300214\/"},"modified":"2025-08-06T11:06:10","modified_gmt":"2025-08-06T11:06:10","slug":"bruno-retailleau-va-retirer-le-titre-de-sejour-du-marocain-ayant-allume-sa-cigarette-avec-la-flamme-du-soldat-inconnu","status":"publish","type":"post","link":"https:\/\/www.europesays.com\/fr\/300214\/","title":{"rendered":"Bruno Retailleau va retirer le titre de s\u00e9jour du Marocain ayant allum\u00e9 sa cigarette avec la flamme du Soldat inconnu"},"content":{"rendered":"<p>Le suspect, bien connu des services de police, avait un titre de s\u00e9jour valable sur le sol fran\u00e7ais jusqu\u2019en octobre 2025.<\/p>\n<p class=\"fig-paragraph\">Le ministre de l\u2019Int\u00e9rieur, Bruno Retailleau, va retirer le titre de s\u00e9jour de l\u2019homme suspect\u00e9 d\u2019avoir allum\u00e9 une cigarette en utilisant la flamme de la tombe du Soldat inconnu lundi 4 ao\u00fbt \u00e0 Paris, a appris Le Figaro d\u2019une source proche du dossier, confirmant une information d\u2019<a href=\"https:\/\/www.europe1.fr\/politique\/info-europe-1-bruno-retailleau-va-retirer-le-titre-de-sejour-du-marocain-qui-a-profane-la-tombe-du-soldat-inconnu-768332\" target=\"_blank\" rel=\"noopener\" data-gtm-custom-categorie=\"navigation\" data-gtm-custom-action=\"crossclick\" data-gtm-custom-label=\"Contextuel\" data-gtm-event=\"customEventSPE\">Europe 1<\/a> .<\/p>\n<p class=\"fig-paragraph\"><a href=\"http:\/\/www.lefigaro.fr\/flash-actu\/c-est-une-insulte-a-la-nation-un-homme-allume-sa-cigarette-avec-la-flamme-du-soldat-inconnu-20250805\" target=\"_blank\" data-fig-type=\"NewsFlash\" rel=\"noopener\" data-gtm-custom-categorie=\"navigation\" data-gtm-custom-action=\"crossclick\" data-gtm-custom-label=\"Contextuel\" data-gtm-event=\"customEventSPE\" data-fig-domain=\"LEFIGARO\">Selon les informations d\u00e9voil\u00e9es par Le Figaro<\/a>, le suspect est un sans-domicile fixe de nationalit\u00e9 marocaine, \u00e2g\u00e9 de 47 ans, en situation r\u00e9guli\u00e8re sur le territoire fran\u00e7ais jusqu\u2019en octobre 2025.<\/p>\n<p>                                    <a class=\"fig-a11y-skip a11y-hidden\" href=\"#fig-a11y-skip-main-inarticle\"><br \/>\n        Passer la publicit\u00e9<br \/>\n    <\/a><\/p>\n<p class=\"fig-paragraph\">Interpell\u00e9 sur l\u2019avenue de la Grande Arm\u00e9e (Paris 17e), mardi aux alentours de 18 heures, Hamdi H. a ni\u00e9 sa responsabilit\u00e9 dans un premier temps, avant de rapidement reconna\u00eetre les faits. Il lui est reproch\u00e9 une \u00abviolation de s\u00e9pulture, tombeau, urne cin\u00e9raire ou monument \u00e9difi\u00e9 \u00e0 la m\u00e9moire des morts\u00bb, un d\u00e9lit qui fait encourir, en th\u00e9orie, un an d\u2019emprisonnement et 15.000 euros d\u2019amende.\u00a0Il se trouve toujours en garde \u00e0 vue ce mercredi \u00e0 la mi-journ\u00e9e.<\/p>\n<p class=\"fig-paragraph\">Cet homme, bien connu des services de police, poss\u00e8de 21 mentions au fichier de traitement des ant\u00e9c\u00e9dents judiciaires (TAJ), parmi lesquels vol de voiture, d\u00e9gradation, violence ou encore injure publique en raison de la race.<\/p>\n<p>La sc\u00e8ne film\u00e9e<\/p>\n<p class=\"fig-paragraph\">Une proc\u00e9dure avait \u00e9t\u00e9 ouverte apr\u00e8s la diffusion sur les r\u00e9seaux sociaux, lundi soir, d\u2019une vid\u00e9o montrant l\u2019homme allumer une cigarette sur la tombe du soldat inconnu, situ\u00e9 sous l\u2019Arc de Triomphe.<\/p>\n<p class=\"fig-paragraph\">Selon les informations recueillies par Le Figaro, la vid\u00e9o aurait \u00e9t\u00e9 tourn\u00e9e par une touriste lettone lundi peu avant 21 heures, et post\u00e9e pour la premi\u00e8re fois sur le r\u00e9seau social TikTok dans la foul\u00e9e. \u00abIl n\u2019avait pas l\u2019air d\u2019\u00eatre alcoolis\u00e9 ou sous l\u2019emprise de la drogue. Au contraire, il \u00e9tait manifestement conscient de ce qu\u2019il faisait, et fier de l\u2019avoir fait\u00bb, nous assure celle qui se pr\u00e9sente comme l\u2019auteur de la vid\u00e9o.<\/p>\n","protected":false},"excerpt":{"rendered":"Le suspect, bien connu des services de police, avait un titre de s\u00e9jour valable sur le sol fran\u00e7ais&hellip;\n","protected":false},"author":2,"featured_media":300215,"comment_status":"","ping_status":"","sticky":false,"template":"","format":"standard","meta":{"footnotes":""},"categories":[4],"tags":[11,17864,6583,1011,27,12,25,44064],"class_list":{"0":"post-300214","1":"post","2":"type-post","3":"status-publish","4":"format-standard","5":"has-post-thumbnail","7":"category-france","8":"tag-actualites","9":"tag-arc-de-triomphe","10":"tag-cigarette","11":"tag-fr","12":"tag-france","13":"tag-news","14":"tag-republique-francaise","15":"tag-soldat-inconnu"},"share_on_mastodon":{"url":"https:\/\/pubeurope.com\/@fr\/114981502130289873","error":""},"_links":{"self":[{"href":"https:\/\/www.europesays.com\/fr\/wp-json\/wp\/v2\/posts\/300214","targetHints":{"allow":["GET"]}}],"collection":[{"href":"https:\/\/www.europesays.com\/fr\/wp-json\/wp\/v2\/posts"}],"about":[{"href":"https:\/\/www.europesays.com\/fr\/wp-json\/wp\/v2\/types\/post"}],"author":[{"embeddable":true,"href":"https:\/\/www.europesays.com\/fr\/wp-json\/wp\/v2\/users\/2"}],"replies":[{"embeddable":true,"href":"https:\/\/www.europesays.com\/fr\/wp-json\/wp\/v2\/comments?post=300214"}],"version-history":[{"count":0,"href":"https:\/\/www.europesays.com\/fr\/wp-json\/wp\/v2\/posts\/300214\/revisions"}],"wp:featuredmedia":[{"embeddable":true,"href":"https:\/\/www.europesays.com\/fr\/wp-json\/wp\/v2\/media\/300215"}],"wp:attachment":[{"href":"https:\/\/www.europesays.com\/fr\/wp-json\/wp\/v2\/media?parent=300214"}],"wp:term":[{"taxonomy":"category","embeddable":true,"href":"https:\/\/www.europesays.com\/fr\/wp-json\/wp\/v2\/categories?post=300214"},{"taxonomy":"post_tag","embeddable":true,"href":"https:\/\/www.europesays.com\/fr\/wp-json\/wp\/v2\/tags?post=300214"}],"curies":[{"name":"wp","href":"https:\/\/api.w.org\/{rel}","templated":true}]}}