{"id":300224,"date":"2025-08-06T11:12:13","date_gmt":"2025-08-06T11:12:13","guid":{"rendered":"https:\/\/www.europesays.com\/fr\/300224\/"},"modified":"2025-08-06T11:12:13","modified_gmt":"2025-08-06T11:12:13","slug":"la-seyne-sur-mer-interpellation-de-quatre-individus-pour-trafic-de-stupefiants-au-parc-braudel","status":"publish","type":"post","link":"https:\/\/www.europesays.com\/fr\/300224\/","title":{"rendered":"La Seyne-sur-Mer : interpellation de quatre individus pour trafic de stup\u00e9fiants au parc Braudel"},"content":{"rendered":"<p>Quatre individus ont \u00e9t\u00e9 interpell\u00e9s au parc Braudel \u00e0 La Seyne pour trafic de drogue, gr\u00e2ce \u00e0 la vid\u00e9oprotection municipale.<\/p>\n<p><img fetchpriority=\"high\" decoding=\"async\" width=\"1200\" height=\"900\" alt=\"trafic stup\u00e9fiants La Seyne-sur-Mer\" title=\"POLICE MUNICIPALE LA CRAU (5)\" src=\"https:\/\/www.europesays.com\/fr\/wp-content\/uploads\/2025\/08\/POLICE-MUNICIPALE-LA-CRAU-5.jpg\" class=\"img-responsive wp-image-72393\"\/><\/p>\n<p>trafic stup\u00e9fiants La Seyne-sur-Mer \u2013 CREDIT : VarActu<\/p>\n<p data-start=\"102\" data-end=\"218\"><strong data-start=\"102\" data-end=\"218\">Gr\u00e2ce \u00e0 la vid\u00e9oprotection, la police municipale est intervenue rapidement et a proc\u00e9d\u00e9 \u00e0 plusieurs arrestations<\/strong><\/p>\n<p data-start=\"220\" data-end=\"263\"><strong data-start=\"220\" data-end=\"263\">Une transaction rep\u00e9r\u00e9e par les cam\u00e9ras<\/strong><\/p>\n<p data-start=\"265\" data-end=\"611\">Ce lundi \u00e0 <strong data-start=\"276\" data-end=\"285\">19h20<\/strong>, une <strong data-start=\"291\" data-end=\"315\">transaction suspecte<\/strong> est rep\u00e9r\u00e9e par une <strong data-start=\"336\" data-end=\"365\">cam\u00e9ra de vid\u00e9oprotection<\/strong>\u2026<\/p>\n<p>Lire la suite dans l\u2019article <a href=\"https:\/\/www.varactu.fr\/la-seyne-sur-mer-interpellation-de-quatre-individus-pour-trafic-de-stupefiants-au-parc-braudel\/\" rel=\"nofollow noopener\" target=\"_blank\">La Seyne-sur-Mer : interpellation de quatre individus pour trafic de stup\u00e9fiants au parc Braudel<\/a> qui est apparu en premier sur <a href=\"https:\/\/www.varactu.fr\" rel=\"nofollow noopener\" target=\"_blank\">Var Actu<\/a>.<\/p>\n","protected":false},"excerpt":{"rendered":"Quatre individus ont \u00e9t\u00e9 interpell\u00e9s au parc Braudel \u00e0 La Seyne pour trafic de drogue, gr\u00e2ce \u00e0 la&hellip;\n","protected":false},"author":2,"featured_media":300225,"comment_status":"","ping_status":"","sticky":false,"template":"","format":"standard","meta":{"footnotes":""},"categories":[9619],"tags":[1111,11,1777,674,1011,27,12,882,25,2310],"class_list":{"0":"post-300224","1":"post","2":"type-post","3":"status-publish","4":"format-standard","5":"has-post-thumbnail","7":"category-toulon","8":"tag-actu","9":"tag-actualites","10":"tag-eu","11":"tag-europe","12":"tag-fr","13":"tag-france","14":"tag-news","15":"tag-provence-alpes-cote-dazur","16":"tag-republique-francaise","17":"tag-toulon"},"share_on_mastodon":{"url":"https:\/\/pubeurope.com\/@fr\/114981525526807389","error":""},"_links":{"self":[{"href":"https:\/\/www.europesays.com\/fr\/wp-json\/wp\/v2\/posts\/300224","targetHints":{"allow":["GET"]}}],"collection":[{"href":"https:\/\/www.europesays.com\/fr\/wp-json\/wp\/v2\/posts"}],"about":[{"href":"https:\/\/www.europesays.com\/fr\/wp-json\/wp\/v2\/types\/post"}],"author":[{"embeddable":true,"href":"https:\/\/www.europesays.com\/fr\/wp-json\/wp\/v2\/users\/2"}],"replies":[{"embeddable":true,"href":"https:\/\/www.europesays.com\/fr\/wp-json\/wp\/v2\/comments?post=300224"}],"version-history":[{"count":0,"href":"https:\/\/www.europesays.com\/fr\/wp-json\/wp\/v2\/posts\/300224\/revisions"}],"wp:featuredmedia":[{"embeddable":true,"href":"https:\/\/www.europesays.com\/fr\/wp-json\/wp\/v2\/media\/300225"}],"wp:attachment":[{"href":"https:\/\/www.europesays.com\/fr\/wp-json\/wp\/v2\/media?parent=300224"}],"wp:term":[{"taxonomy":"category","embeddable":true,"href":"https:\/\/www.europesays.com\/fr\/wp-json\/wp\/v2\/categories?post=300224"},{"taxonomy":"post_tag","embeddable":true,"href":"https:\/\/www.europesays.com\/fr\/wp-json\/wp\/v2\/tags?post=300224"}],"curies":[{"name":"wp","href":"https:\/\/api.w.org\/{rel}","templated":true}]}}