{"id":300226,"date":"2025-08-06T11:13:30","date_gmt":"2025-08-06T11:13:30","guid":{"rendered":"https:\/\/www.europesays.com\/fr\/300226\/"},"modified":"2025-08-06T11:13:30","modified_gmt":"2025-08-06T11:13:30","slug":"observer-la-biodiversite-des-insectes-pollinisateurs-aux-salins","status":"publish","type":"post","link":"https:\/\/www.europesays.com\/fr\/300226\/","title":{"rendered":"Observer la biodiversit\u00e9 des insectes pollinisateurs aux Salins"},"content":{"rendered":"<p>Le Suivi Photographique des Insectes POLLinisateurs (SPIPOLL) est un programme de sciences participatives qui vise \u00e0 r\u00e9colter des donn\u00e9es concernant les insectes pollinisateurs.\u00a0<br \/>Rendez-vous <strong>tous les mercredis des mois de juillet et d\u2019ao\u00fbt<\/strong> sur la voie douce \u00ab Le Pas du Saunier \u00bb <strong>de 9h \u00e0 10h<\/strong>.\u00a0<br \/>Vous y apprendrez quelques connaissances de base sur les pollinisateurs via des activit\u00e9s ludiques, puis vous assisterez \u00e0 une d\u00e9monstration du protocole.\u00a0<br \/>Vous aurez ainsi les connaissances et les comp\u00e9tences n\u00e9cessaires \u00e0 la r\u00e9alisation de ce protocole en toute autonomie.<\/p>\n<p>Les donn\u00e9es produites seront ensuite r\u00e9cup\u00e9r\u00e9es pour contribuer \u00e0 l\u2019\u00e9laboration de l\u2019Atlas de Biodiversit\u00e9 M\u00e9tropolitaine actuellement en cours de r\u00e9daction<br \/>\u00a0<\/p>\n","protected":false},"excerpt":{"rendered":"Le Suivi Photographique des Insectes POLLinisateurs (SPIPOLL) est un programme de sciences participatives qui vise \u00e0 r\u00e9colter des&hellip;\n","protected":false},"author":2,"featured_media":300227,"comment_status":"","ping_status":"","sticky":false,"template":"","format":"standard","meta":{"footnotes":""},"categories":[9619],"tags":[1111,11,1777,674,1011,27,12,882,25,2310],"class_list":{"0":"post-300226","1":"post","2":"type-post","3":"status-publish","4":"format-standard","5":"has-post-thumbnail","7":"category-toulon","8":"tag-actu","9":"tag-actualites","10":"tag-eu","11":"tag-europe","12":"tag-fr","13":"tag-france","14":"tag-news","15":"tag-provence-alpes-cote-dazur","16":"tag-republique-francaise","17":"tag-toulon"},"share_on_mastodon":{"url":"https:\/\/pubeurope.com\/@fr\/114981529477389380","error":""},"_links":{"self":[{"href":"https:\/\/www.europesays.com\/fr\/wp-json\/wp\/v2\/posts\/300226","targetHints":{"allow":["GET"]}}],"collection":[{"href":"https:\/\/www.europesays.com\/fr\/wp-json\/wp\/v2\/posts"}],"about":[{"href":"https:\/\/www.europesays.com\/fr\/wp-json\/wp\/v2\/types\/post"}],"author":[{"embeddable":true,"href":"https:\/\/www.europesays.com\/fr\/wp-json\/wp\/v2\/users\/2"}],"replies":[{"embeddable":true,"href":"https:\/\/www.europesays.com\/fr\/wp-json\/wp\/v2\/comments?post=300226"}],"version-history":[{"count":0,"href":"https:\/\/www.europesays.com\/fr\/wp-json\/wp\/v2\/posts\/300226\/revisions"}],"wp:featuredmedia":[{"embeddable":true,"href":"https:\/\/www.europesays.com\/fr\/wp-json\/wp\/v2\/media\/300227"}],"wp:attachment":[{"href":"https:\/\/www.europesays.com\/fr\/wp-json\/wp\/v2\/media?parent=300226"}],"wp:term":[{"taxonomy":"category","embeddable":true,"href":"https:\/\/www.europesays.com\/fr\/wp-json\/wp\/v2\/categories?post=300226"},{"taxonomy":"post_tag","embeddable":true,"href":"https:\/\/www.europesays.com\/fr\/wp-json\/wp\/v2\/tags?post=300226"}],"curies":[{"name":"wp","href":"https:\/\/api.w.org\/{rel}","templated":true}]}}