{"id":300228,"date":"2025-08-06T11:14:10","date_gmt":"2025-08-06T11:14:10","guid":{"rendered":"https:\/\/www.europesays.com\/fr\/300228\/"},"modified":"2025-08-06T11:14:10","modified_gmt":"2025-08-06T11:14:10","slug":"tout-ce-quil-faut-savoir-sur-la-mise-sous-tension-electrique-de-la-ligne-5","status":"publish","type":"post","link":"https:\/\/www.europesays.com\/fr\/300228\/","title":{"rendered":"Tout ce qu&rsquo;il faut savoir sur la mise sous tension \u00e9lectrique de la ligne 5"},"content":{"rendered":"<p>            Par<br \/>\n        <strong><br \/>\n            <a href=\"https:\/\/actu.fr\/auteur\/metropoop\" title=\"Consulter tous les articles de R\u00e9daction M\u00e9tropolitain\" rel=\"nofollow noopener\" target=\"_blank\">R\u00e9daction M\u00e9tropolitain<\/a><br \/>\n        <\/strong><\/p>\n<p>        Publi\u00e9 le<\/p>\n<p>            6 ao\u00fbt 2025 \u00e0 12h45        <\/p>\n<p>D\u00e9sormais, la <strong>ligne a\u00e9rienne de contact<\/strong> (LAC) de la ligne 5 a \u00e9t\u00e9 enti\u00e8rement d\u00e9ploy\u00e9e sur le <strong>secteur Ouest<\/strong> du trac\u00e9. A partir du <strong>lundi 11 ao\u00fbt<\/strong>, cette ligne a\u00e9rienne sera <strong>mise sous tension \u00e9lectrique<\/strong> \u00e0 750 volts. Cela concerne la ligne a\u00e9rienne situ\u00e9e entre le <strong>terminus P+R Gr\u00e9s de Montpellier<\/strong> et la <strong>station Gambetta<\/strong>.<\/p>\n<p class=\" wall-content\">\u00ab \u00c0 partir de cette date, soyez <strong>particuli\u00e8rement vigilants<\/strong> aux abords de la plateforme tramway, y compris en l\u2019absence de circulation des rames \u00bb explique le communiqu\u00e9 de presse de TaM, bien que ces op\u00e9rations soient sans danger. Cette mise sous tension constitue une \u00e9tape importante pour garantir le \u00ab bon fonctionnement de la future ligne de tramway avant sa mise en service \u00bb.<\/p>\n<p>La ligne 5 en quelques chiffres<\/p>\n<p>&#8211; Trac\u00e9 de Clapiers \u00e0 Gr\u00e9s de Montpellier<br \/>&#8211; 27 stations desservies<br \/>&#8211; Plus de 10 parcs et jardins sur le trac\u00e9 du tram<br \/>&#8211; 80 000 voyageurs pr\u00e9vus<br \/>&#8211; 27 km de c\u00e2ble au-dessus de nos t\u00eates<br \/>&#8211; 10% de voitures en moins<\/p>\n<p>Les travaux progressent\u2026<\/p>\n<p class=\" wall-content\">En avril dernier, la ligne a\u00e9rienne de contact de la ligne 5 du secteur Nord avait d\u00e9j\u00e0 \u00e9t\u00e9 mise sous tension. En parall\u00e8le, les travaux continuent d\u2019avancer dans l\u2019objectif de permettre la mise en circulation du tram d\u2019ici le 20<strong> d\u00e9cembre 2025<\/strong>. Avant son lancement officiel, les premi\u00e8res rames de tram circuleront \u00e0 la fin du mois d\u2019ao\u00fbt et d\u00e9but septembre.<\/p>\n<p class=\" wall-content\">Suivez toute l\u2019actualit\u00e9 de vos villes et m\u00e9dias favoris en vous inscrivant \u00e0 <a href=\"https:\/\/moncompte.actu.fr\" title=\"D\u00e9couvez Mon Actu\" rel=\"nofollow noopener\" data-trk=\"{&quot;cta&quot;:{&quot;action&quot;:&quot;https:\\\/\\\/moncompte.actu.fr&quot;,&quot;category&quot;:&quot;mon compte&quot;,&quot;from&quot;:&quot;article footer&quot;,&quot;name&quot;:&quot;Mon actu&quot;,&quot;type&quot;:&quot;cta&quot;}}\" target=\"_blank\">Mon Actu<\/a>.<\/p>\n","protected":false},"excerpt":{"rendered":"Par R\u00e9daction M\u00e9tropolitain Publi\u00e9 le 6 ao\u00fbt 2025 \u00e0 12h45 D\u00e9sormais, la ligne a\u00e9rienne de contact (LAC) de&hellip;\n","protected":false},"author":2,"featured_media":300229,"comment_status":"","ping_status":"","sticky":false,"template":"","format":"standard","meta":{"footnotes":""},"categories":[9599],"tags":[1111,11,1777,674,1011,27,2208,12,2680,25,104,2803],"class_list":{"0":"post-300228","1":"post","2":"type-post","3":"status-publish","4":"format-standard","5":"has-post-thumbnail","7":"category-montpellier","8":"tag-actu","9":"tag-actualites","10":"tag-eu","11":"tag-europe","12":"tag-fr","13":"tag-france","14":"tag-montpellier","15":"tag-news","16":"tag-occitanie","17":"tag-republique-francaise","18":"tag-societe","19":"tag-transport"},"share_on_mastodon":{"url":"https:\/\/pubeurope.com\/@fr\/114981533400914646","error":""},"_links":{"self":[{"href":"https:\/\/www.europesays.com\/fr\/wp-json\/wp\/v2\/posts\/300228","targetHints":{"allow":["GET"]}}],"collection":[{"href":"https:\/\/www.europesays.com\/fr\/wp-json\/wp\/v2\/posts"}],"about":[{"href":"https:\/\/www.europesays.com\/fr\/wp-json\/wp\/v2\/types\/post"}],"author":[{"embeddable":true,"href":"https:\/\/www.europesays.com\/fr\/wp-json\/wp\/v2\/users\/2"}],"replies":[{"embeddable":true,"href":"https:\/\/www.europesays.com\/fr\/wp-json\/wp\/v2\/comments?post=300228"}],"version-history":[{"count":0,"href":"https:\/\/www.europesays.com\/fr\/wp-json\/wp\/v2\/posts\/300228\/revisions"}],"wp:featuredmedia":[{"embeddable":true,"href":"https:\/\/www.europesays.com\/fr\/wp-json\/wp\/v2\/media\/300229"}],"wp:attachment":[{"href":"https:\/\/www.europesays.com\/fr\/wp-json\/wp\/v2\/media?parent=300228"}],"wp:term":[{"taxonomy":"category","embeddable":true,"href":"https:\/\/www.europesays.com\/fr\/wp-json\/wp\/v2\/categories?post=300228"},{"taxonomy":"post_tag","embeddable":true,"href":"https:\/\/www.europesays.com\/fr\/wp-json\/wp\/v2\/tags?post=300228"}],"curies":[{"name":"wp","href":"https:\/\/api.w.org\/{rel}","templated":true}]}}