{"id":300234,"date":"2025-08-06T11:17:37","date_gmt":"2025-08-06T11:17:37","guid":{"rendered":"https:\/\/www.europesays.com\/fr\/300234\/"},"modified":"2025-08-06T11:17:37","modified_gmt":"2025-08-06T11:17:37","slug":"sochaux-rouen-2-1","status":"publish","type":"post","link":"https:\/\/www.europesays.com\/fr\/300234\/","title":{"rendered":"Sochaux &#8211; Rouen: 2 &#8211; 1&#8230;"},"content":{"rendered":"<p>Et pas tr\u00e8s important vers le maintien, voil\u00e0 ce qu&rsquo;on retiendra prioritairement de cette victoire qui fut longue \u00e0 se dessiner alors qu&rsquo;\u00e0 la pause, Rouen menait sur une r\u00e9alisation de Benka\u00efd (34\u00e8me). Heureusement, Sochaux trouva les ressources pour renverser cette partie et Durbant sur p\u00e9nalty (73\u00e8me) puis Lecolier (84\u00e8me) permettaient aux leurs d&rsquo;enfin rego\u00fbter au plaisir du succ\u00e8s devant un public de Bonal qui pouvait enfin quitter l&rsquo;enceinte le sourire aux l\u00e8vres.<\/p>\n","protected":false},"excerpt":{"rendered":"Et pas tr\u00e8s important vers le maintien, voil\u00e0 ce qu&rsquo;on retiendra prioritairement de cette victoire qui fut longue&hellip;\n","protected":false},"author":2,"featured_media":300235,"comment_status":"","ping_status":"","sticky":false,"template":"","format":"standard","meta":{"footnotes":""},"categories":[9587],"tags":[1111,11,1777,674,1011,27,12,5161,25,9590],"class_list":{"0":"post-300234","1":"post","2":"type-post","3":"status-publish","4":"format-standard","5":"has-post-thumbnail","7":"category-rouen","8":"tag-actu","9":"tag-actualites","10":"tag-eu","11":"tag-europe","12":"tag-fr","13":"tag-france","14":"tag-news","15":"tag-normandie","16":"tag-republique-francaise","17":"tag-rouen"},"share_on_mastodon":{"url":"https:\/\/pubeurope.com\/@fr\/114981545078549465","error":""},"_links":{"self":[{"href":"https:\/\/www.europesays.com\/fr\/wp-json\/wp\/v2\/posts\/300234","targetHints":{"allow":["GET"]}}],"collection":[{"href":"https:\/\/www.europesays.com\/fr\/wp-json\/wp\/v2\/posts"}],"about":[{"href":"https:\/\/www.europesays.com\/fr\/wp-json\/wp\/v2\/types\/post"}],"author":[{"embeddable":true,"href":"https:\/\/www.europesays.com\/fr\/wp-json\/wp\/v2\/users\/2"}],"replies":[{"embeddable":true,"href":"https:\/\/www.europesays.com\/fr\/wp-json\/wp\/v2\/comments?post=300234"}],"version-history":[{"count":0,"href":"https:\/\/www.europesays.com\/fr\/wp-json\/wp\/v2\/posts\/300234\/revisions"}],"wp:featuredmedia":[{"embeddable":true,"href":"https:\/\/www.europesays.com\/fr\/wp-json\/wp\/v2\/media\/300235"}],"wp:attachment":[{"href":"https:\/\/www.europesays.com\/fr\/wp-json\/wp\/v2\/media?parent=300234"}],"wp:term":[{"taxonomy":"category","embeddable":true,"href":"https:\/\/www.europesays.com\/fr\/wp-json\/wp\/v2\/categories?post=300234"},{"taxonomy":"post_tag","embeddable":true,"href":"https:\/\/www.europesays.com\/fr\/wp-json\/wp\/v2\/tags?post=300234"}],"curies":[{"name":"wp","href":"https:\/\/api.w.org\/{rel}","templated":true}]}}