{"id":300238,"date":"2025-08-06T11:20:10","date_gmt":"2025-08-06T11:20:10","guid":{"rendered":"https:\/\/www.europesays.com\/fr\/300238\/"},"modified":"2025-08-06T11:20:10","modified_gmt":"2025-08-06T11:20:10","slug":"si-vous-etes-allergiques-faites-attention-a-ces-plantes","status":"publish","type":"post","link":"https:\/\/www.europesays.com\/fr\/300238\/","title":{"rendered":"si vous \u00eates allergiques, faites attention \u00e0 ces plantes"},"content":{"rendered":"<p>            Par<br \/>\n        <strong><br \/>\n            <a href=\"https:\/\/actu.fr\/auteur\/lou-batteux\" title=\"Consulter tous les articles de Lou Batteux\" rel=\"nofollow noopener\" target=\"_blank\">Lou Batteux<\/a><br \/>\n        <\/strong><\/p>\n<p>        Publi\u00e9 le<\/p>\n<p>            6 ao\u00fbt 2025 \u00e0 11h01        <\/p>\n<p>Le beau temps revient pas \u00e0 pas, et le <strong>pollen<\/strong> aussi\u2009! \u00c0 Rennes, et sa r\u00e9gion, si vous y \u00eates allergiques, faites attention \u00e0 ces <strong>cinq herbac\u00e9es qui en \u00e9mettent actuellement<\/strong>\u2009:<\/p>\n<ul class=\" wall-content\">\n<li>l\u2019armoise\u2009;<\/li>\n<li>le plantain\u2009;<\/li>\n<li>les gramin\u00e9es, dont le ray-grass et la fl\u00e9ole.<\/li>\n<\/ul>\n<p class=\" wall-content\">Les autres gramin\u00e9es que sont le vulpin, la flouve, le fromental, le dactyle et la houlque ont <strong>termin\u00e9 leur p\u00e9riode de pollinisation<\/strong>.<\/p>\n<blockquote class=\"ac-article-quote wall-content\">\n<p>L\u2019allergie aux pollens de Gramin\u00e9es est de plus en plus fr\u00e9quente et \u00e9tend son spectre d\u2019atteinte aux plus jeunes et aux personnes de plus de 60 ans. Il n\u2019est plus rare de d\u00e9couvrir des allergies aux pollens chez des enfants d\u00e8s l\u2019\u00e2ge de 3 ans.<\/p>\n<p>    <strong>Air Breizh<\/strong><br \/>\n        Observatoire de la qualit\u00e9 de l&rsquo;air    <\/p><\/blockquote>\n<p class=\" wall-content\">Les <strong>arbres<\/strong> (aulne, bouleau, saule, noisetier, ch\u00eane et ch\u00eane vert), quant \u00e0 eux, ne sont pas sources de pollen \u00e0 l\u2019heure actuelle, selon Air Breizh.<\/p>\n<p>Allergiques\u2009: anticipez votre traitement<\/p>\n<p class=\" wall-content\">Le Pollinarium, situ\u00e9 dans le square Lucien Rose \u00e0 Rennes, est un jardin qui rassemble les principales <strong>esp\u00e8ces v\u00e9g\u00e9tales allergisantes de la r\u00e9gion<\/strong> (gramin\u00e9es, herbac\u00e9es, arbustes et arbres). Ces plantes sont <strong>surveill\u00e9es quotidiennement par les jardiniers<\/strong>, qui rep\u00e8rent pr\u00e9cis\u00e9ment le d\u00e9but et la fin de leur \u00e9mission de pollens.<\/p>\n<p class=\" wall-content\">Les observations sont ensuite <strong>valid\u00e9es par un allergologue, des botanistes et<a href=\"https:\/\/www.airbreizh.asso.fr\/pollens\/\" rel=\"nofollow noopener\" target=\"_blank\"> Air Breizh<\/a><\/strong>. Une fois confirm\u00e9es, les informations sont <strong>transmises par mail aux personnes inscrites<\/strong>. Ce dispositif permet aux personnes allergiques <strong>d\u2019anticiper leur traitement<\/strong> avant l\u2019apparition des sympt\u00f4mes, et de l\u2019arr\u00eater d\u00e8s la fin de la p\u00e9riode pollinique.<\/p>\n<p class=\" wall-content\">Suivez toute l\u2019actualit\u00e9 de vos villes et m\u00e9dias favoris en vous inscrivant \u00e0 <a href=\"https:\/\/moncompte.actu.fr\" title=\"D\u00e9couvez Mon Actu\" rel=\"nofollow noopener\" data-trk=\"{&quot;cta&quot;:{&quot;action&quot;:&quot;https:\\\/\\\/moncompte.actu.fr&quot;,&quot;category&quot;:&quot;mon compte&quot;,&quot;from&quot;:&quot;article footer&quot;,&quot;name&quot;:&quot;Mon actu&quot;,&quot;type&quot;:&quot;cta&quot;}}\" target=\"_blank\">Mon Actu<\/a>.<\/p>\n","protected":false},"excerpt":{"rendered":"Par Lou Batteux Publi\u00e9 le 6 ao\u00fbt 2025 \u00e0 11h01 Le beau temps revient pas \u00e0 pas, et&hellip;\n","protected":false},"author":2,"featured_media":300239,"comment_status":"","ping_status":"","sticky":false,"template":"","format":"standard","meta":{"footnotes":""},"categories":[2821],"tags":[1111,11,15210,829,1777,674,1011,27,2575,12,584,25,104],"class_list":{"0":"post-300238","1":"post","2":"type-post","3":"status-publish","4":"format-standard","5":"has-post-thumbnail","7":"category-rennes","8":"tag-actu","9":"tag-actualites","10":"tag-allergies","11":"tag-bretagne","12":"tag-eu","13":"tag-europe","14":"tag-fr","15":"tag-france","16":"tag-jardinage","17":"tag-news","18":"tag-rennes","19":"tag-republique-francaise","20":"tag-societe"},"share_on_mastodon":{"url":"https:\/\/pubeurope.com\/@fr\/114981556949225318","error":""},"_links":{"self":[{"href":"https:\/\/www.europesays.com\/fr\/wp-json\/wp\/v2\/posts\/300238","targetHints":{"allow":["GET"]}}],"collection":[{"href":"https:\/\/www.europesays.com\/fr\/wp-json\/wp\/v2\/posts"}],"about":[{"href":"https:\/\/www.europesays.com\/fr\/wp-json\/wp\/v2\/types\/post"}],"author":[{"embeddable":true,"href":"https:\/\/www.europesays.com\/fr\/wp-json\/wp\/v2\/users\/2"}],"replies":[{"embeddable":true,"href":"https:\/\/www.europesays.com\/fr\/wp-json\/wp\/v2\/comments?post=300238"}],"version-history":[{"count":0,"href":"https:\/\/www.europesays.com\/fr\/wp-json\/wp\/v2\/posts\/300238\/revisions"}],"wp:featuredmedia":[{"embeddable":true,"href":"https:\/\/www.europesays.com\/fr\/wp-json\/wp\/v2\/media\/300239"}],"wp:attachment":[{"href":"https:\/\/www.europesays.com\/fr\/wp-json\/wp\/v2\/media?parent=300238"}],"wp:term":[{"taxonomy":"category","embeddable":true,"href":"https:\/\/www.europesays.com\/fr\/wp-json\/wp\/v2\/categories?post=300238"},{"taxonomy":"post_tag","embeddable":true,"href":"https:\/\/www.europesays.com\/fr\/wp-json\/wp\/v2\/tags?post=300238"}],"curies":[{"name":"wp","href":"https:\/\/api.w.org\/{rel}","templated":true}]}}