{"id":300240,"date":"2025-08-06T11:21:27","date_gmt":"2025-08-06T11:21:27","guid":{"rendered":"https:\/\/www.europesays.com\/fr\/300240\/"},"modified":"2025-08-06T11:21:27","modified_gmt":"2025-08-06T11:21:27","slug":"mercato-santamaria-olaigbe-gomez-omari-4-departs-bientot-enregistres-pour-rennes","status":"publish","type":"post","link":"https:\/\/www.europesays.com\/fr\/300240\/","title":{"rendered":"Mercato : Santamaria, Olaigbe, Gomez, Omari\u2026 4 d\u00e9parts bient\u00f4t enregistr\u00e9s pour Rennes ?"},"content":{"rendered":"<p>                            Mercato\u00a0: Santamaria, Olaigbe, Gomez, Omari\u2026 4 d\u00e9parts bient\u00f4t enregistr\u00e9s pour Rennes\u00a0? <\/p>\n<p><img decoding=\"async\" src=\"https:\/\/www.europesays.com\/fr\/wp-content\/uploads\/2025\/08\/santamaria_3-4.jpg\" class=\"adapt-img spip_logo\" width=\"960\" height=\"720\" alt=\"Mercato : Santamaria, Olaigbe, Gomez, Omari\u2026 4 d\u00e9parts bient\u00f4t enregistr\u00e9s pour Rennes ? \"   fetchpriority=\"high\" \/><\/p>\n<p><strong>Selon L\u2019Equipe, quatre joueurs du Stade rennais pourraient bient\u00f4t \u00eatre amen\u00e9s \u00e0 quitter le club : Baptiste Santamaria, Andres Gomez, Kazeem Olaigbe, et Warmed Omari.<\/strong><\/p>\n<p>Le Stade rennais a enregistr\u00e9 hier sa troisi\u00e8me recrue du mercato en la personne de Przemys\u0142aw Frankowski, arriv\u00e9 en pr\u00eat de Galatasaray, pour une saison avec option de prolongation d\u2019un an. Mais le club breton doit toujours faire partir plusieurs \u00e9l\u00e9ments, notamment Warmed <a href=\"https:\/\/www.lequipe.fr\/Football\/Actualites\/Mercato-le-defenseur-de-rennes-warmed-omari-vers-hambourg\/1583240\" class=\"spip_out\" rel=\"external nofollow noopener\" target=\"_blank\">Omari<\/a>, exempt\u00e9 de reprise, et dans le viseur de Hambourg selon L\u2019Equipe. Le club de retour en Bundesliga n\u00e9gocierait avec Rennes.<\/p>\n<p>Andres <a href=\"https:\/\/www.lequipe.fr\/Football\/Actualites\/Mercato-rennes-et-valence-d-accord-pour-le-transfert-de-baptiste-santamaria\/1583286\" class=\"spip_out\" rel=\"external nofollow noopener\" target=\"_blank\">Gomez<\/a> pourrait lui aussi quitter le club. S\u2019il a repris avec le groupe, son avenir pourrait s\u2019\u00e9crire en Am\u00e9rique du Sud, o\u00f9 Vasco de Gama et le Corinthians tenteraient de se le faire pr\u00eater avec option d\u2019achat automatique de 7,5 millions d\u2019euros.<\/p>\n<p>Santamaria vers Valence, Olaigbe vers la Turquie\u00a0? <\/p>\n<p>Enfin, s\u2019il est apparu plusieurs fois durant la pr\u00e9paration, Baptiste <a href=\"https:\/\/www.lequipe.fr\/Football\/Actualites\/Mercato-rennes-et-valence-d-accord-pour-le-transfert-de-baptiste-santamaria\/1583286\" class=\"spip_out\" rel=\"external nofollow noopener\" target=\"_blank\">Santamaria<\/a> pourrait poursuivre sa carri\u00e8re \u00e0 Valence, qui aurait trouv\u00e9 un accord avec Rennes sur un transfert de 2 millions d\u2019euros avec pourcentage \u00e0 la revente.<\/p>\n<p>Lui aussi dans le groupe pr\u00e9vu pour la reprise, Kazeem <a href=\"https:\/\/www.lequipe.fr\/Football\/Actualites\/Mercato-rennes-et-valence-d-accord-pour-le-transfert-de-baptiste-santamaria\/1583286\" class=\"spip_out\" rel=\"external nofollow noopener\" target=\"_blank\">Olaigbe<\/a> a \u00e9t\u00e9 pouss\u00e9 vers la sortie en marge d\u2019une s\u00e9ance d\u2019entrainement ouverte au public. Selon L\u2019Equipe, un accord serait proche d\u2019\u00eatre trouv\u00e9 avec Trabzonspor pour un transfert.<\/p>\n<p>Si ces op\u00e9rations venaient \u00e0 se concr\u00e9tiser, il resterait au Stade rennais \u00e0 trouver un point de chute \u00e0 d\u2019autres exempt\u00e9s de reprise\u00a0: Ayanda Sishuba, Glen Kamara, et Alan Do Marcolino.<\/p>\n","protected":false},"excerpt":{"rendered":"Mercato\u00a0: Santamaria, Olaigbe, Gomez, Omari\u2026 4 d\u00e9parts bient\u00f4t enregistr\u00e9s pour Rennes\u00a0? Selon L\u2019Equipe, quatre joueurs du Stade rennais&hellip;\n","protected":false},"author":2,"featured_media":300241,"comment_status":"","ping_status":"","sticky":false,"template":"","format":"standard","meta":{"footnotes":""},"categories":[2821],"tags":[1111,11,829,1777,674,1011,27,12,584,25],"class_list":{"0":"post-300240","1":"post","2":"type-post","3":"status-publish","4":"format-standard","5":"has-post-thumbnail","7":"category-rennes","8":"tag-actu","9":"tag-actualites","10":"tag-bretagne","11":"tag-eu","12":"tag-europe","13":"tag-fr","14":"tag-france","15":"tag-news","16":"tag-rennes","17":"tag-republique-francaise"},"share_on_mastodon":{"url":"https:\/\/pubeurope.com\/@fr\/114981561929629419","error":""},"_links":{"self":[{"href":"https:\/\/www.europesays.com\/fr\/wp-json\/wp\/v2\/posts\/300240","targetHints":{"allow":["GET"]}}],"collection":[{"href":"https:\/\/www.europesays.com\/fr\/wp-json\/wp\/v2\/posts"}],"about":[{"href":"https:\/\/www.europesays.com\/fr\/wp-json\/wp\/v2\/types\/post"}],"author":[{"embeddable":true,"href":"https:\/\/www.europesays.com\/fr\/wp-json\/wp\/v2\/users\/2"}],"replies":[{"embeddable":true,"href":"https:\/\/www.europesays.com\/fr\/wp-json\/wp\/v2\/comments?post=300240"}],"version-history":[{"count":0,"href":"https:\/\/www.europesays.com\/fr\/wp-json\/wp\/v2\/posts\/300240\/revisions"}],"wp:featuredmedia":[{"embeddable":true,"href":"https:\/\/www.europesays.com\/fr\/wp-json\/wp\/v2\/media\/300241"}],"wp:attachment":[{"href":"https:\/\/www.europesays.com\/fr\/wp-json\/wp\/v2\/media?parent=300240"}],"wp:term":[{"taxonomy":"category","embeddable":true,"href":"https:\/\/www.europesays.com\/fr\/wp-json\/wp\/v2\/categories?post=300240"},{"taxonomy":"post_tag","embeddable":true,"href":"https:\/\/www.europesays.com\/fr\/wp-json\/wp\/v2\/tags?post=300240"}],"curies":[{"name":"wp","href":"https:\/\/api.w.org\/{rel}","templated":true}]}}