{"id":300253,"date":"2025-08-06T11:29:08","date_gmt":"2025-08-06T11:29:08","guid":{"rendered":"https:\/\/www.europesays.com\/fr\/300253\/"},"modified":"2025-08-06T11:29:08","modified_gmt":"2025-08-06T11:29:08","slug":"a-bordeaux-le-pont-chaban-delmas-ferme-a-la-circulation-durant-une-nuit","status":"publish","type":"post","link":"https:\/\/www.europesays.com\/fr\/300253\/","title":{"rendered":"\u00c0 Bordeaux, le pont Chaban-Delmas ferm\u00e9 \u00e0 la circulation durant une nuit"},"content":{"rendered":"<p>            Par<br \/>\n        <strong><br \/>\n            <a href=\"https:\/\/actu.fr\/auteur\/redaction-bordeaux\" title=\"Consulter tous les articles de R\u00e9daction Bordeaux\" target=\"_blank\" rel=\"noopener\">R\u00e9daction Bordeaux<\/a><br \/>\n        <\/strong><\/p>\n<p>        Publi\u00e9 le<\/p>\n<p>            6 ao\u00fbt 2025 \u00e0 12h48        <\/p>\n<p>Si vous avez pr\u00e9vu de <strong>traverser la Garonne<\/strong> par <a href=\"https:\/\/actu.fr\/tag\/pont-chaban-delmas\" target=\"_blank\" rel=\"noopener\">le pont Chaban-Delmas<\/a>, dimanche 10\u00a0ao\u00fbt, anticipez vos d\u00e9placements. Dans la nuit, l\u2019ouvrage sera totalement ferm\u00e9 \u00e0 la circulation et ce dans les deux sens de circulation.<\/p>\n<p class=\" wall-content\">Des <strong>travaux de maintenance<\/strong> sont pr\u00e9vus dimanche 10\u00a0ao\u00fbt, de 23\u00a0heures \u00e0 5\u00a0heures du matin le lundi.<\/p>\n<p class=\" wall-content\">Pour traverser la Garonne \u00e0 Bordeaux, l\u2019option la plus proche sera <strong>le pont d\u2019Aquitaine<\/strong>, situ\u00e9 au nord de la rocade. Autrement, les automobilistes pourront emprunter les ponts Saint-Jean, Simone-Veil ou Fran\u00e7ois-Mitterrand.<\/p>\n<p class=\" wall-content\">Suivez toute l\u2019actualit\u00e9 de vos villes et m\u00e9dias favoris en vous inscrivant \u00e0 <a href=\"https:\/\/moncompte.actu.fr\" title=\"D\u00e9couvez Mon Actu\" rel=\"nofollow noopener\" data-trk=\"{&quot;cta&quot;:{&quot;action&quot;:&quot;https:\\\/\\\/moncompte.actu.fr&quot;,&quot;category&quot;:&quot;mon compte&quot;,&quot;from&quot;:&quot;article footer&quot;,&quot;name&quot;:&quot;Mon actu&quot;,&quot;type&quot;:&quot;cta&quot;}}\" target=\"_blank\">Mon Actu<\/a>.<\/p>\n","protected":false},"excerpt":{"rendered":"Par R\u00e9daction Bordeaux Publi\u00e9 le 6 ao\u00fbt 2025 \u00e0 12h48 Si vous avez pr\u00e9vu de traverser la Garonne&hellip;\n","protected":false},"author":2,"featured_media":300254,"comment_status":"","ping_status":"","sticky":false,"template":"","format":"standard","meta":{"footnotes":""},"categories":[2817],"tags":[1111,11,1997,3542,1777,674,1011,27,5601,12,2219,4399,25,104],"class_list":{"0":"post-300253","1":"post","2":"type-post","3":"status-publish","4":"format-standard","5":"has-post-thumbnail","7":"category-bordeaux","8":"tag-actu","9":"tag-actualites","10":"tag-bordeaux","11":"tag-circulation","12":"tag-eu","13":"tag-europe","14":"tag-fr","15":"tag-france","16":"tag-garonne","17":"tag-news","18":"tag-nouvelle-aquitaine","19":"tag-pont-chaban-delmas","20":"tag-republique-francaise","21":"tag-societe"},"share_on_mastodon":{"url":"https:\/\/pubeurope.com\/@fr\/114981592534996148","error":""},"_links":{"self":[{"href":"https:\/\/www.europesays.com\/fr\/wp-json\/wp\/v2\/posts\/300253","targetHints":{"allow":["GET"]}}],"collection":[{"href":"https:\/\/www.europesays.com\/fr\/wp-json\/wp\/v2\/posts"}],"about":[{"href":"https:\/\/www.europesays.com\/fr\/wp-json\/wp\/v2\/types\/post"}],"author":[{"embeddable":true,"href":"https:\/\/www.europesays.com\/fr\/wp-json\/wp\/v2\/users\/2"}],"replies":[{"embeddable":true,"href":"https:\/\/www.europesays.com\/fr\/wp-json\/wp\/v2\/comments?post=300253"}],"version-history":[{"count":0,"href":"https:\/\/www.europesays.com\/fr\/wp-json\/wp\/v2\/posts\/300253\/revisions"}],"wp:featuredmedia":[{"embeddable":true,"href":"https:\/\/www.europesays.com\/fr\/wp-json\/wp\/v2\/media\/300254"}],"wp:attachment":[{"href":"https:\/\/www.europesays.com\/fr\/wp-json\/wp\/v2\/media?parent=300253"}],"wp:term":[{"taxonomy":"category","embeddable":true,"href":"https:\/\/www.europesays.com\/fr\/wp-json\/wp\/v2\/categories?post=300253"},{"taxonomy":"post_tag","embeddable":true,"href":"https:\/\/www.europesays.com\/fr\/wp-json\/wp\/v2\/tags?post=300253"}],"curies":[{"name":"wp","href":"https:\/\/api.w.org\/{rel}","templated":true}]}}