{"id":300261,"date":"2025-08-06T11:34:29","date_gmt":"2025-08-06T11:34:29","guid":{"rendered":"https:\/\/www.europesays.com\/fr\/300261\/"},"modified":"2025-08-06T11:34:29","modified_gmt":"2025-08-06T11:34:29","slug":"lille-fixe-le-prix-pour-edon-zhegrova","status":"publish","type":"post","link":"https:\/\/www.europesays.com\/fr\/300261\/","title":{"rendered":"Lille fixe le prix pour Edon Zhegrova"},"content":{"rendered":"<p style=\"text-align: justify;\"><strong>TRANSFERTS \u2013 Selon <a href=\"https:\/\/www.footmercato.net\/a4136615046598959613-om-les-details-de-loperation-edon-zhegrova\" target=\"_blank\" rel=\"noopener\">Foot Mercato<\/a>, le LOSC r\u00e9clame un package de 20 millions d\u2019euros pour Edon Zhegrova, courtis\u00e9 par l\u2019OM.<\/strong><\/p>\n<p style=\"text-align: justify;\"><strong>Timothy<\/strong> <strong>Weah<\/strong> a pos\u00e9 ses valises \u00e0 Marseille, et va passer sa visite m\u00e9dicale ce jour avant de signer un contrat de cinq ans. Alors que sa polyvalence pouvait en faire une alternative \u00e0 <strong>Mason<\/strong> <strong>Greenwood<\/strong>, puisqu\u2019il peut jouer dans tout le couloir droit, les dirigeants olympiens se sont mis en ordre de marche pour tenter de recruter <strong>Edon<\/strong> <strong>Zhegrova<\/strong>.<\/p>\n<p>Lille r\u00e9clame 15 millions et des bonus pour Edon Zhegrova<\/p>\n<p style=\"text-align: justify;\">Selon <strong>Fabrizio<\/strong> <strong>Romano,<\/strong> l\u2019<strong>Olympique de Marseille<\/strong> aurait m\u00eame un accord avec le joueur kosovar, qui a \u00e9t\u00e9 \u00e9cart\u00e9 du groupe lillois alors qu\u2019il lui reste qu\u2019un an de contrat. Vis\u00e9 par <strong>Naples<\/strong> il y a quelque semaines, la piste s\u2019est depuis refroidie, et <strong>Edon<\/strong> <strong>Zhegrova<\/strong> ronge son frein en marge du groupe de <strong>Bruno<\/strong> <strong>G\u00e9n\u00e9sio<\/strong>.<\/p>\n<p style=\"text-align: justify;\">Selon Foot Mercato, le <strong>LOSC<\/strong> a revu ses ambitions \u00e0 la baisse pour le transfert du milieu offensif. Alors que de belles offres ont \u00e9t\u00e9 refus\u00e9es par le pass\u00e9, <strong>Olivier<\/strong> <strong>L\u00e9tang<\/strong> serait pr\u00eat \u00e0 accepter 15 millions d\u2019euros fixe, \u00e0 quoi il faudrait ajouter 5 millions d\u2019euros de bonus. Marseille devrait acc\u00e9l\u00e9rer dans les jours \u00e0 venir, mais doit aussi vendre pour finaliser ces derniers dossiers. Les supporters olympiens esp\u00e8rent aussi qu\u2019une arriv\u00e9e d\u2019<strong>Edon Zhegrova<\/strong> n\u2019entrainera pas un d\u00e9part de <strong>Mason<\/strong> <strong>Greenwood,<\/strong> alors que l\u2019Arabie Saoudite lui fait les yeux doux.<\/p>\n<p>\u00c0 ce sujet<br \/>\n<a href=\"https:\/\/dicodusport.fr\/blog\/mercato-om-2025-2026-le-tableau-complet-des-transferts-arrivees-et-departs\/\" class=\"vlp-link\" title=\"Mercato OM 2025-2026 : Le tableau complet des transferts, arriv\u00e9es et d\u00e9parts\" target=\"_blank\" rel=\"noopener\"><img loading=\"lazy\" decoding=\"async\" style=\"max-width: 792px;\" width=\"792\" height=\"445\" class=\"attachment-800x445 size-800x445 perfmatters-lazy\" alt=\"Mercato OM 2025-2026 Le tableau complet des transferts, arriv\u00e9es et d\u00e9parts\" src=\"https:\/\/www.europesays.com\/fr\/wp-content\/uploads\/2025\/06\/Mercato-OM-2025-2026-Le-tableau-complet-des-transferts-arrivees-et-departs.png\"  data-\/><\/p>\n<p>Mercato OM 2025-2026 : Le tableau complet des transferts, arriv\u00e9es et d\u00e9parts<\/p>\n<p>TRANSFERTS OM &#8211; Retrouvez tous les mouvements de l&rsquo;Olympique de Marseille pour l&rsquo;intersaison 2025 en Ligue 1. Arriv\u00e9es, d\u00e9part, pr\u00eats, transferts d\u00e9finitifs, ne ratez rien du mercato estival.\u00a0<\/p>\n<p>Lire l&rsquo;article<\/p>\n<p>dicodusport.fr<\/p>\n","protected":false},"excerpt":{"rendered":"TRANSFERTS \u2013 Selon Foot Mercato, le LOSC r\u00e9clame un package de 20 millions d\u2019euros pour Edon Zhegrova, courtis\u00e9&hellip;\n","protected":false},"author":2,"featured_media":300262,"comment_status":"","ping_status":"","sticky":false,"template":"","format":"standard","meta":{"footnotes":""},"categories":[2815],"tags":[1111,11,2113,1777,674,1011,27,811,1307,23100,12,149,25],"class_list":{"0":"post-300261","1":"post","2":"type-post","3":"status-publish","4":"format-standard","5":"has-post-thumbnail","7":"category-lille","8":"tag-actu","9":"tag-actualites","10":"tag-breve","11":"tag-eu","12":"tag-europe","13":"tag-fr","14":"tag-france","15":"tag-hauts-de-france","16":"tag-lille","17":"tag-mercato-football","18":"tag-news","19":"tag-om","20":"tag-republique-francaise"},"share_on_mastodon":{"url":"https:\/\/pubeurope.com\/@fr\/114981612122009139","error":""},"_links":{"self":[{"href":"https:\/\/www.europesays.com\/fr\/wp-json\/wp\/v2\/posts\/300261","targetHints":{"allow":["GET"]}}],"collection":[{"href":"https:\/\/www.europesays.com\/fr\/wp-json\/wp\/v2\/posts"}],"about":[{"href":"https:\/\/www.europesays.com\/fr\/wp-json\/wp\/v2\/types\/post"}],"author":[{"embeddable":true,"href":"https:\/\/www.europesays.com\/fr\/wp-json\/wp\/v2\/users\/2"}],"replies":[{"embeddable":true,"href":"https:\/\/www.europesays.com\/fr\/wp-json\/wp\/v2\/comments?post=300261"}],"version-history":[{"count":0,"href":"https:\/\/www.europesays.com\/fr\/wp-json\/wp\/v2\/posts\/300261\/revisions"}],"wp:featuredmedia":[{"embeddable":true,"href":"https:\/\/www.europesays.com\/fr\/wp-json\/wp\/v2\/media\/300262"}],"wp:attachment":[{"href":"https:\/\/www.europesays.com\/fr\/wp-json\/wp\/v2\/media?parent=300261"}],"wp:term":[{"taxonomy":"category","embeddable":true,"href":"https:\/\/www.europesays.com\/fr\/wp-json\/wp\/v2\/categories?post=300261"},{"taxonomy":"post_tag","embeddable":true,"href":"https:\/\/www.europesays.com\/fr\/wp-json\/wp\/v2\/tags?post=300261"}],"curies":[{"name":"wp","href":"https:\/\/api.w.org\/{rel}","templated":true}]}}