{"id":300267,"date":"2025-08-06T11:37:11","date_gmt":"2025-08-06T11:37:11","guid":{"rendered":"https:\/\/www.europesays.com\/fr\/300267\/"},"modified":"2025-08-06T11:37:11","modified_gmt":"2025-08-06T11:37:11","slug":"bourgogne-une-partie-de-la6-est-fermee-a-la-circulation-dans-le-sens-lyon-paris-apres-un-accident","status":"publish","type":"post","link":"https:\/\/www.europesays.com\/fr\/300267\/","title":{"rendered":"Bourgogne. Une partie de l&rsquo;A6 est ferm\u00e9e \u00e0 la circulation dans le sens Lyon-Paris apr\u00e8s un accident"},"content":{"rendered":"<p>L&rsquo;information est relay\u00e9e par nos confr\u00e8res du <a href=\"https:\/\/www.lejsl.com\/faits-divers-justice\/2025\/08\/06\/accident-sur-l-a6-a-macon-la-circulation-a-l-arret-dans-le-sens-lyon-paris\" target=\"_blank\" rel=\"nofollow noopener\">Journal de Sa\u00f4ne-et-Loire<\/a>\u00a0: la circulation est actuellement \u00e0 l&rsquo;arr\u00eat sur l&rsquo;autoroute A6 au niveau de M\u00e2con \u00e0 la suite d&rsquo;un accident de la route survenu en fin de matin\u00e9e, ce mercredi 6 ao\u00fbt.<\/p>\n<p>L&rsquo;autoroute est ferm\u00e9e dans le sens Lyon-Paris au niveau de l&rsquo;\u00e9changeur de M\u00e2con Sud, selon APRR. Les secours sont sur place.<\/p>\n<p><strong>Plus d&rsquo;informations \u00e0 venir.\u00a0<\/strong><\/p>\n","protected":false},"excerpt":{"rendered":"L&rsquo;information est relay\u00e9e par nos confr\u00e8res du Journal de Sa\u00f4ne-et-Loire\u00a0: la circulation est actuellement \u00e0 l&rsquo;arr\u00eat sur l&rsquo;autoroute&hellip;\n","protected":false},"author":2,"featured_media":300268,"comment_status":"","ping_status":"","sticky":false,"template":"","format":"standard","meta":{"footnotes":""},"categories":[1889],"tags":[1111,11,2430,2931,1777,674,274,107,1011,27,2428,12,25],"class_list":{"0":"post-300267","1":"post","2":"type-post","3":"status-publish","4":"format-standard","5":"has-post-thumbnail","7":"category-lyon","8":"tag-actu","9":"tag-actualites","10":"tag-auvergne-rhone-alpes","11":"tag-cote-dor","12":"tag-eu","13":"tag-europe","14":"tag-faits-divers-justice","15":"tag-fil-info","16":"tag-fr","17":"tag-france","18":"tag-lyon","19":"tag-news","20":"tag-republique-francaise"},"share_on_mastodon":{"url":"https:\/\/pubeurope.com\/@fr\/114981623822260529","error":""},"_links":{"self":[{"href":"https:\/\/www.europesays.com\/fr\/wp-json\/wp\/v2\/posts\/300267","targetHints":{"allow":["GET"]}}],"collection":[{"href":"https:\/\/www.europesays.com\/fr\/wp-json\/wp\/v2\/posts"}],"about":[{"href":"https:\/\/www.europesays.com\/fr\/wp-json\/wp\/v2\/types\/post"}],"author":[{"embeddable":true,"href":"https:\/\/www.europesays.com\/fr\/wp-json\/wp\/v2\/users\/2"}],"replies":[{"embeddable":true,"href":"https:\/\/www.europesays.com\/fr\/wp-json\/wp\/v2\/comments?post=300267"}],"version-history":[{"count":0,"href":"https:\/\/www.europesays.com\/fr\/wp-json\/wp\/v2\/posts\/300267\/revisions"}],"wp:featuredmedia":[{"embeddable":true,"href":"https:\/\/www.europesays.com\/fr\/wp-json\/wp\/v2\/media\/300268"}],"wp:attachment":[{"href":"https:\/\/www.europesays.com\/fr\/wp-json\/wp\/v2\/media?parent=300267"}],"wp:term":[{"taxonomy":"category","embeddable":true,"href":"https:\/\/www.europesays.com\/fr\/wp-json\/wp\/v2\/categories?post=300267"},{"taxonomy":"post_tag","embeddable":true,"href":"https:\/\/www.europesays.com\/fr\/wp-json\/wp\/v2\/tags?post=300267"}],"curies":[{"name":"wp","href":"https:\/\/api.w.org\/{rel}","templated":true}]}}