{"id":30027,"date":"2025-04-16T21:38:08","date_gmt":"2025-04-16T21:38:08","guid":{"rendered":"https:\/\/www.europesays.com\/fr\/30027\/"},"modified":"2025-04-16T21:38:08","modified_gmt":"2025-04-16T21:38:08","slug":"gare-de-lest-champs-elysees-plusieurs-fausses-alertes-a-la-bombe-ont-fait-tressaillir-paris-mercredi","status":"publish","type":"post","link":"https:\/\/www.europesays.com\/fr\/30027\/","title":{"rendered":"Gare de l&rsquo;Est, Champs-\u00c9lys\u00e9es&#8230; Plusieurs fausses alertes \u00e0 la bombe ont fait tressaillir Paris mercredi"},"content":{"rendered":"<p>            Par<br \/>\n        <strong><br \/>\n            <a href=\"https:\/\/actu.fr\/auteur\/julie-bossart-actu-fr\" title=\"Consulter tous les articles de Julie Bossart\" rel=\"nofollow noopener\" target=\"_blank\">Julie Bossart<\/a><br \/>\n        <\/strong><\/p>\n<p>        Publi\u00e9 le<\/p>\n<p>            16 avr. 2025 \u00e0 21h52        <\/p>\n<p>Forces de l\u2019ordre, secours, travailleurs, voyageurs\u2026 On aurait pu s\u2019attendre \u00e0 un milieu de premi\u00e8re semaine de vacances de P\u00e2ques paisible \u00e0 <a href=\"https:\/\/actu.fr\/paris\/dernieres-actus\" rel=\"nofollow noopener\" target=\"_blank\">Paris<\/a>, il n\u2019en a rien \u00e9t\u00e9. Ce mercredi 16 avril 2025 a \u00e9t\u00e9 intense pour des milliers de personnes, en raison d\u2019au moins trois fausses alertes \u00e0 la bombe signal\u00e9es dans la capitale.\u00a0<\/p>\n<p>Une gare<\/p>\n<p class=\" wall-content\">Tout a commenc\u00e9 en milieu de matin\u00e9e, lorsque, par mesure de s\u00e9curit\u00e9, la gare de l\u2019Est (10e) a d\u00fb <a href=\"https:\/\/actu.fr\/ile-de-france\/paris_75056\/par-mesure-de-securite-la-gare-de-l-est-a-paris-evacuee-les-forces-de-l-ordre-sur-place_62518252.htmlhttps:\/\/actu.fr\/ile-de-france\/paris_75056\/par-mesure-de-securite-la-gare-de-l-est-a-paris-evacuee-les-forces-de-l-ordre-sur-place_62518252.html\" rel=\"nofollow noopener\" target=\"_blank\">\u00eatre \u00e9vacu\u00e9e<\/a> et un p\u00e9rim\u00e8tre de s\u00e9curit\u00e9 \u00e9tabli. Alors que, dans un premier temps, la SNCF a \u00e9voqu\u00e9 un \u00ab\u00a0acte de vandalisme\u00a0\u00bb, perturbant fortement le trafic de la ligne H, notamment, la pr\u00e9fecture de Police a apport\u00e9 des d\u00e9tails sur les raisons de ce branle-bas de combat. Un individu avait \u00e9t\u00e9 interpell\u00e9 apr\u00e8s un refus de communiquer son identit\u00e9. Apr\u00e8s avoir \u00e9t\u00e9 conduit au poste de police, il aurait d\u00e9clar\u00e9 \u00eatre en possession d\u2019explosifs dans son sac.\u00a0<\/p>\n<p class=\" wall-content\">\n<p class=\" wall-content\">La gare a donc \u00e9t\u00e9 \u00e9vacu\u00e9e le temps de faire des v\u00e9rifications qui ont permis \u00ab\u2009de d\u00e9terminer l\u2019absence d\u2019explosif\u2009\u00bb. Le dispositif a \u00e9t\u00e9 lev\u00e9 aux alentours de 11 h 25. Mais le trafic ferroviaire, lui, n\u2019a \u00e9t\u00e9 de retour \u00e0 la normale que des heures apr\u00e8s.<\/p>\n<p>Une art\u00e8re courue<\/p>\n<p class=\" wall-content\">Deuxi\u00e8me alerte en milieu d\u2019apr\u00e8s-midi, sur la \u00ab\u00a0plus belle avenue du monde\u00a0\u00bb cette fois-ci. Il \u00e9tait aux alentours de 16 heures lorsque les policiers ont re\u00e7u l\u2019appel d\u2019un individu qui <a href=\"https:\/\/actu.fr\/ile-de-france\/paris_75056\/paris-un-homme-menace-de-commettre-une-attaque-sur-les-champs-elysees-le-secteur-boucle_62521227.html\" rel=\"nofollow noopener\" target=\"_blank\">mena\u00e7ait de commettre une attaque<\/a>. L\u2019auteur du coup de fil a \u00e9t\u00e9 localis\u00e9 au 78 de l\u2019avenue,\u00a0 dans le Starbucks.\u00a0<\/p>\n<p class=\" wall-content\">Tr\u00e8s vite, une op\u00e9ration de s\u00e9curisation a \u00e9t\u00e9 mise en place, \u00ab\u2009une proc\u00e9dure normale dans ce genre de cas\u2009\u00bb, nous a pr\u00e9cis\u00e9 Jeanne d\u2019Hauteserre, maire du 8e arrondissement. Une partie de l\u2019art\u00e8re a \u00e9t\u00e9 boucl\u00e9e et des boutiques ont \u00e9t\u00e9 \u00e9vacu\u00e9es. Apr\u00e8s une heure de recherches, l\u2019alerte a \u00e9t\u00e9 lev\u00e9e, sans que l\u2019on sache si une interpellation avait eu lieu.<\/p>\n<p>Vid\u00e9os : en ce moment sur Actu<\/p>\n<p class=\" wall-content\"><strong>Un tribunal<\/strong><\/p>\n<p class=\" wall-content\">Derni\u00e8re secousse (\u00e0 cette heure connue) dans le 17e arrondissement. De source polici\u00e8re, le tribunal de Paris, dans le quartier des Batignolles, a \u00e9t\u00e9 la cible d\u2019une alerte \u00e0 la bombe. L\u2019appel malveillant faisait \u00e9tat d\u2019un enfin explosif plac\u00e9 au rez-de-chauss\u00e9e. Diff\u00e9rents services sont entr\u00e9s en action, comme l\u2019a captur\u00e9 le journaliste ind\u00e9pendant Cl\u00e9ment Lanot dans cette vid\u00e9o :<\/p>\n<p class=\" wall-content\">\n<p class=\" wall-content\">Le doute n\u2019a \u00e9t\u00e9 lev\u00e9e qu\u2019aux alentours de 20h30, pr\u00e9cise<a href=\"https:\/\/www.lefigaro.fr\/faits-divers\/le-tribunal-de-paris-evacue-apres-une-alerte-a-la-bombe-20250416\" rel=\"nofollow noopener\" target=\"_blank\"> Le Figaro<\/a>. \u00ab\u00a0Une enqu\u00eate du chef de divulgation d\u2019information fausse afin de faire croire \u00e0 une destruction dangereuse a \u00e9t\u00e9 ouverte le 12 avril \u00e0 la suite de \u00abdiverses fausses alertes visant divers sites parisiens depuis cette date\u00bb, lui a-t-il \u00e9t\u00e9 pr\u00e9cis\u00e9 par le parquet.<\/p>\n<p class=\" wall-content\">Suivez toute l\u2019actualit\u00e9 de vos villes et m\u00e9dias favoris en vous inscrivant \u00e0 <a href=\"https:\/\/moncompte.actu.fr\" title=\"D\u00e9couvez Mon Actu\" rel=\"nofollow noopener\" data-trk=\"{&quot;cta&quot;:{&quot;action&quot;:&quot;https:\\\/\\\/moncompte.actu.fr&quot;,&quot;category&quot;:&quot;mon compte&quot;,&quot;from&quot;:&quot;article footer&quot;,&quot;name&quot;:&quot;Mon actu&quot;,&quot;type&quot;:&quot;cta&quot;}}\" target=\"_blank\">Mon Actu<\/a>.<\/p>\n","protected":false},"excerpt":{"rendered":"Par Julie Bossart Publi\u00e9 le 16 avr. 2025 \u00e0 21h52 Forces de l\u2019ordre, secours, travailleurs, voyageurs\u2026 On aurait&hellip;\n","protected":false},"author":2,"featured_media":30028,"comment_status":"","ping_status":"","sticky":false,"template":"","format":"standard","meta":{"footnotes":""},"categories":[1888],"tags":[1111,1928,11,1927,6984,1777,674,118,1011,27,10412,12,1926,626,1925,1072,25],"class_list":{"0":"post-30027","1":"post","2":"type-post","3":"status-publish","4":"format-standard","5":"has-post-thumbnail","7":"category-paris","8":"tag-actu","9":"tag-actu-paris","10":"tag-actualites","11":"tag-actualites-paris","12":"tag-champs-elysees","13":"tag-eu","14":"tag-europe","15":"tag-faits-divers","16":"tag-fr","17":"tag-france","18":"tag-gare-de-lest","19":"tag-news","20":"tag-news-paris","21":"tag-paris","22":"tag-paris-news","23":"tag-police","24":"tag-republique-francaise"},"share_on_mastodon":{"url":"https:\/\/pubeurope.com\/@fr\/114349808421172614","error":""},"_links":{"self":[{"href":"https:\/\/www.europesays.com\/fr\/wp-json\/wp\/v2\/posts\/30027","targetHints":{"allow":["GET"]}}],"collection":[{"href":"https:\/\/www.europesays.com\/fr\/wp-json\/wp\/v2\/posts"}],"about":[{"href":"https:\/\/www.europesays.com\/fr\/wp-json\/wp\/v2\/types\/post"}],"author":[{"embeddable":true,"href":"https:\/\/www.europesays.com\/fr\/wp-json\/wp\/v2\/users\/2"}],"replies":[{"embeddable":true,"href":"https:\/\/www.europesays.com\/fr\/wp-json\/wp\/v2\/comments?post=30027"}],"version-history":[{"count":0,"href":"https:\/\/www.europesays.com\/fr\/wp-json\/wp\/v2\/posts\/30027\/revisions"}],"wp:featuredmedia":[{"embeddable":true,"href":"https:\/\/www.europesays.com\/fr\/wp-json\/wp\/v2\/media\/30028"}],"wp:attachment":[{"href":"https:\/\/www.europesays.com\/fr\/wp-json\/wp\/v2\/media?parent=30027"}],"wp:term":[{"taxonomy":"category","embeddable":true,"href":"https:\/\/www.europesays.com\/fr\/wp-json\/wp\/v2\/categories?post=30027"},{"taxonomy":"post_tag","embeddable":true,"href":"https:\/\/www.europesays.com\/fr\/wp-json\/wp\/v2\/tags?post=30027"}],"curies":[{"name":"wp","href":"https:\/\/api.w.org\/{rel}","templated":true}]}}