{"id":300270,"date":"2025-08-06T11:38:16","date_gmt":"2025-08-06T11:38:16","guid":{"rendered":"https:\/\/www.europesays.com\/fr\/300270\/"},"modified":"2025-08-06T11:38:16","modified_gmt":"2025-08-06T11:38:16","slug":"le-celebre-restaurant-coco-deja-a-vendre","status":"publish","type":"post","link":"https:\/\/www.europesays.com\/fr\/300270\/","title":{"rendered":"le c\u00e9l\u00e8bre restaurant CoCo d\u00e9j\u00e0 \u00e0 vendre ?"},"content":{"rendered":"<p itemprop=\"description\"><strong>Lors de son installation dans l&rsquo;ancienne gare des Brotteaux, le restaurant avait fait sensation.<\/strong><\/p>\n<p>Il faut dire que son impressionnant d\u00e9cor, hautement \u00ab\u00a0instagrammable\u00a0\u00bb, et sa r\u00e9putation parisienne en faisaient un lieu rapidement incontournable et \u00e0 essayer.<\/p>\n<p>Pourtant, CoCo serait d\u00e9j\u00e0 \u00e0 vendre. Comme rep\u00e9r\u00e9 par nos confr\u00e8res de <a href=\"https:\/\/www.lyonpeople.com\/actualites-lyon\/actualites-gastronomiques\/lyon-aux-brotteaux-coco-sapprete-deja-a-prendre-un-billet-retour-2025-08-02.html\" target=\"_blank\" rel=\"noopener nofollow\">Lyon People<\/a>, l&rsquo;\u00e9tablissement du 6e arrondissement de Lyon a fait publier une offre car il peinerait \u00e0 remplir sa salle et \u00e0 aligner les couverts, notamment \u00e0 cause de ses prix \u00e9lev\u00e9s, calqu\u00e9s sur ceux de CoCo Paris.<\/p>\n<p>Le chiffre d&rsquo;affaires \u00e9tait pourtant en hausse en 2024, mais le groupe Paris Society aurait d\u00e9cid\u00e9 d&rsquo;amortir son colossal investissement (6 millions d&rsquo;euros investis dans la r\u00e9novation des lieux !).<\/p>\n<p>Le fonds de commerce a donc \u00e9t\u00e9 mis en vente pour 4,689 millions d&rsquo;euros.<\/p>\n<p>Cela ne veut toutefois pas dire que CoCo va fermer dans les semaines qui arrivent. Le bail sign\u00e9 avec le propri\u00e9taire des murs Claude Aguttes, c\u00e9l\u00e8bre commissaire-priseur clermontois, court encore jusqu&rsquo;en 2027. Paris Society semble donc anticiper une sortie par le haut, financi\u00e8rement parlant.<\/p>\n<p>Reste \u00e0 savoir si quelqu&rsquo;un a aujourd&rsquo;hui les reins suffisamment solides pour reprendre le fonds de commerce aux Brotteaux et r\u00e9ussir l\u00e0 o\u00f9 Accor, propri\u00e9taire de Paris Society, a pi\u00e9tin\u00e9.<\/p>\n","protected":false},"excerpt":{"rendered":"Lors de son installation dans l&rsquo;ancienne gare des Brotteaux, le restaurant avait fait sensation. Il faut dire que&hellip;\n","protected":false},"author":2,"featured_media":300271,"comment_status":"","ping_status":"","sticky":false,"template":"","format":"standard","meta":{"footnotes":""},"categories":[1889],"tags":[1111,11,2813,2190,2430,1109,251,1112,2811,1777,674,118,1011,27,1922,1110,1114,2428,2810,12,241,316,25,2812,517,800],"class_list":{"0":"post-300270","1":"post","2":"type-post","3":"status-publish","4":"format-standard","5":"has-post-thumbnail","7":"category-lyon","8":"tag-actu","9":"tag-actualites","10":"tag-article","11":"tag-asvel","12":"tag-auvergne-rhone-alpes","13":"tag-breves","14":"tag-culture","15":"tag-depeches","16":"tag-economique","17":"tag-eu","18":"tag-europe","19":"tag-faits-divers","20":"tag-fr","21":"tag-france","22":"tag-info","23":"tag-informations","24":"tag-infos","25":"tag-lyon","26":"tag-lyonmag","27":"tag-news","28":"tag-ol","29":"tag-politique","30":"tag-republique-francaise","31":"tag-sociale","32":"tag-sport","33":"tag-transports"},"share_on_mastodon":{"url":"https:\/\/pubeurope.com\/@fr\/114981627751584143","error":""},"_links":{"self":[{"href":"https:\/\/www.europesays.com\/fr\/wp-json\/wp\/v2\/posts\/300270","targetHints":{"allow":["GET"]}}],"collection":[{"href":"https:\/\/www.europesays.com\/fr\/wp-json\/wp\/v2\/posts"}],"about":[{"href":"https:\/\/www.europesays.com\/fr\/wp-json\/wp\/v2\/types\/post"}],"author":[{"embeddable":true,"href":"https:\/\/www.europesays.com\/fr\/wp-json\/wp\/v2\/users\/2"}],"replies":[{"embeddable":true,"href":"https:\/\/www.europesays.com\/fr\/wp-json\/wp\/v2\/comments?post=300270"}],"version-history":[{"count":0,"href":"https:\/\/www.europesays.com\/fr\/wp-json\/wp\/v2\/posts\/300270\/revisions"}],"wp:featuredmedia":[{"embeddable":true,"href":"https:\/\/www.europesays.com\/fr\/wp-json\/wp\/v2\/media\/300271"}],"wp:attachment":[{"href":"https:\/\/www.europesays.com\/fr\/wp-json\/wp\/v2\/media?parent=300270"}],"wp:term":[{"taxonomy":"category","embeddable":true,"href":"https:\/\/www.europesays.com\/fr\/wp-json\/wp\/v2\/categories?post=300270"},{"taxonomy":"post_tag","embeddable":true,"href":"https:\/\/www.europesays.com\/fr\/wp-json\/wp\/v2\/tags?post=300270"}],"curies":[{"name":"wp","href":"https:\/\/api.w.org\/{rel}","templated":true}]}}