{"id":300274,"date":"2025-08-06T11:40:15","date_gmt":"2025-08-06T11:40:15","guid":{"rendered":"https:\/\/www.europesays.com\/fr\/300274\/"},"modified":"2025-08-06T11:40:15","modified_gmt":"2025-08-06T11:40:15","slug":"departs-en-vacances-previsions-de-bison-fute-circulation-encore-super-difficile-ce-week-end-mais-cette-fois-lile-de-france-sera-epargnee","status":"publish","type":"post","link":"https:\/\/www.europesays.com\/fr\/300274\/","title":{"rendered":"D\u00e9parts en vacances. Pr\u00e9visions de Bison Fut\u00e9. Circulation encore super difficile ce week-end mais cette fois l\u2019Ile-de-France sera \u00e9pargn\u00e9e !"},"content":{"rendered":"<p>Nouvelle vague de grands d\u00e9parts en vacances d\u2019\u00e9t\u00e9 d\u00e8s ce vendredi en France. Bien entendu, la circulation sera encore difficile dans pas mal de r\u00e9gions mais pour une fois, et c\u2019est rare, les routes d\u2019Ile-de-France devraient \u00eatre relativement \u00e9pargn\u00e9es par les embouteillages. Voici les pr\u00e9visions de Bison Fut\u00e9, dans le sens de d\u00e9parts et dans celui des retours.<\/p>\n<p>Si vous \u00e9tiez \u00e0 <a title=\"Paris \" href=\"https:\/\/www.automobile-magazine.fr\/toute-l-actualite\/article\/48448-circuler-a-paris-sans-galere-la-solution-indienne-100-electrique-debarque-sur-deux-roues\" target=\"_blank\" rel=\"noopener\">Paris <\/a>au cours des prochains jours, c\u2019est<strong> sans doute le meilleur moment pour fl\u00e2ner dans les rues de la capitale<\/strong>, bien plus respirable en cette p\u00e9riode d\u2019ao\u00fbt o\u00f9 une partie des Parisiens et Franciliens l\u2019auront d\u00e9sert\u00e9e. Car, d\u00e8s ce vendredi 8 ao\u00fbt, c\u2019est une nouvelle salve importante de d\u00e9parts en vacances qui doit s\u2019op\u00e9rer. L\u2019occasion pour Bison Fut\u00e9 de dresser ses pr\u00e9visions de vendredi \u00e0 dimanche prochains.<\/p>\n<p>L&rsquo;IDF pour une fois relativement \u00e9pargn\u00e9e<\/p>\n<p>La bonne nouvelle, a priori, concerne cette fois les conducteurs franciliens ne devraient pas \u00eatre les plus \u00e0 plaindre sur la route puisque l\u2019Indien pr\u00e9visionniste indique que dans le sens des d\u00e9parts, les routes d\u2019Ile-de-France ne sont marqu\u00e9es \u00ab\u00a0que\u00a0\u00bb de la couleur orange, ce qui correspond certes \u00e0 une \u00ab\u00a0circulation difficile\u00a0\u00bb mais au moins ces routes et <a title=\"autoroutes\" href=\"https:\/\/www.automobile-magazine.fr\/utilitaires-news\/article\/48629-depannage-dun-utilitaire-sur-lautoroute-combien-ca-coute\" target=\"_blank\" rel=\"noopener\">autoroutes<\/a> \u00e9vitent le rouge et a fortiori le noir. <strong>Une pr\u00e9vision \u00ab\u00a0acceptable\u00a0\u00bb et particuli\u00e8rement rare pour l&rsquo;Ile-de-France en cette p\u00e9riode de fortes migrations<\/strong>.<\/p>\n<p><img decoding=\"async\" loading=\"lazy\" alt=\"Si vous \u00eates \u00e0 Paris cette semaine, n'h\u00e9sitez pas \u00e0 profiter du du calme de la capitale.\" src=\"https:\/\/www.europesays.com\/fr\/wp-content\/uploads\/2025\/08\/si-vous-etes-a-paris-cette-semaine-nhesitez-pas-a-profiter-du-du-calme-de-la-capitale.jpg\" width=\"800\" height=\"449\"\/>Si vous \u00eates \u00e0 Paris cette semaine, n&rsquo;h\u00e9sitez pas \u00e0 profiter du du calme de la capitale.\u00a9 Ville de ParisFlux important sur l&rsquo;axe Nord-Sud<\/p>\n<p>Mieux, le lendemain, samedi 9 ao\u00fbt 2025, le Nord, si l\u2019Ouest et une partie du Sud de la France sont class\u00e9es Rouge, <strong>les routes franciliennes sont elles de nouveau pr\u00e9vues en Orange dans le sens des d\u00e9parts comme dans celui des retours<\/strong>. Pas de quoi cependant sortir les cotillons en misant sur des routes et autoroutes fluides car la circulation sera dense en IDF vendredi et samedi. Le vendredi les d\u00e9bits attendus aux diff\u00e9rentes barri\u00e8res de p\u00e9age seront ainsi importants tandis que le lendemain, un flux important de v\u00e9hicules est attendu notamment sur les autoroutes de transit Nord-Sud. Les premiers ralentissements pourraient ainsi appara\u00eetre aux premi\u00e8res heures de la matin\u00e9e sur les autoroutes A86 et A6b qui convergent vers les autoroutes A10 et A6. Les premi\u00e8res difficult\u00e9s d\u00e9buteront sans doute d\u00e8s le tout d\u00e9but de matin\u00e9e.<\/p>\n<p>Prudence au volant et bonnes vacances<\/p>\n<p>Concernant le dimanche 10 ao\u00fbt, o\u00f9 seules quelques r\u00e9gions sont class\u00e9es Orange c\u00f4t\u00e9 d\u00e9parts comme retours, Bison Fut\u00e9 table sur des difficult\u00e9s concentr\u00e9es sur les axes du Sud-Ouest, notamment depuis l\u2019\u00cele-de-France en direction de l\u2019Espagne en passant par Bordeaux (A10), et depuis Bordeaux vers Toulouse (A62). La circulation sera \u00e9galement difficile vers la M\u00e9diterran\u00e9e depuis l\u2019\u00cele-de-France (A6 et A7).Dans le sens des retours, la circulation sera difficile depuis la M\u00e9diterran\u00e9e vers l\u2019\u00cele-de-France (A6, A7, A8 et A9), depuis l\u2019Espagne vers l\u2019\u00cele-de-France via Bordeaux (A10) et dans la travers\u00e9e du Massif-Central (A75).<strong> L\u2019acc\u00e8s au tunnel du Mont-Blanc (RN205) sera \u00e9galement fortement emprunt\u00e9 depuis l\u2019Italie vers la France<\/strong>, pr\u00e9cise encore le pr\u00e9visionniste. Soyez prudents sur la route et bonne vacances pour ceux qui en prennent.<\/p>\n<p>Conseils de Bison Fut\u00e9 pour vendredi 8 ao\u00fbt dans le sens des d\u00e9parts<\/p>\n<ul>\n<li>quittez ou traversez l\u2019\u00cele-de-France avant 9h ou apr\u00e8s 20h<\/li>\n<li>\u00e9vitez l\u2019autoroute A1 entre Paris et Lille, de 17h \u00e0 19h<\/li>\n<li>\u00e9vitez l\u2019autoroute A11 entre Chartres et Angers, de 17h \u00e0 20h<\/li>\n<li>\u00e9vitez la route nationale RN165, entre Nantes et Quimper, de 17h \u00e0 19h<\/li>\n<li>\u00e9vitez l\u2019autoroute A10, entre Paris et Blois, de 14h \u00e0 17h<\/li>\n<li>\u00e9vitez l\u2019autoroute A7, entre Lyon et Orange, de 16h \u00e0 19h<\/li>\n<li>\u00e9vitez l\u2019autoroute A71, entre Orl\u00e9ans et Bourges, de 10h \u00e0 19h.<\/li>\n<\/ul>\n<p>Conseils de Bison Fut\u00e9 pour samedi 9 ao\u00fbt dans le sens des d\u00e9parts<\/p>\n<ul>\n<li>quittez ou traversez l\u2019\u00cele-de-France avant 5h ou apr\u00e8s 15h<\/li>\n<li>\u00e9vitez l\u2019autoroute A13, entre Paris et Rouen, de 11h \u00e0 13h, et entre Rouen et Caen, de 10h \u00e0 14h<\/li>\n<li>\u00e9vitez la route nationale RN165, entre Nantes et Quimper, de 12h \u00e0 19h<\/li>\n<li>\u00e9vitez l\u2019autoroute A10, entre Paris et Poitiers, de 9h \u00e0 11h, et entre Poitiers et Bordeaux, de 11h \u00e0 19h\u00e9vitez l\u2019autoroute A63, entre Bordeaux et Bayonne, de 10h \u00e0 19h<\/li>\n<li>\u00e9vitez l\u2019autoroute A7, entre Lyon et Orange, de 6h \u00e0 17h, et entre Orange et Marseille, de 15h \u00e0 17h<\/li>\n<li>\u00e9vitez l\u2019autoroute A75, entre Clermont-Ferrand et B\u00e9ziers, de 9h \u00e0 17h<\/li>\n<li>\u00e9vitez le tunnel du Mont-Blanc (N205), entre la France et l\u2019Italie, de 10h \u00e0 16h.<\/li>\n<li>Dans le sens des D\u00e9parts<\/li>\n<\/ul>\n<p>Conseils de Bison Fut\u00e9 pour dimanche 9 ao\u00fbt dans le sens des d\u00e9parts<\/p>\n<ul>\n<li>quittez ou traversez l\u2019\u00cele-de-France avant 13h ou apr\u00e8s 21h<\/li>\n<li>\u00e9vitez l\u2019autoroute A10, entre Tours et Poitiers, de 10h \u00e0 13h, et entre Poitiers et Bordeaux, de 8h \u00e0 19h<\/li>\n<li>\u00e9vitez l\u2019autoroute A7, entre Lyon et Orange, de 15h \u00e0 18h<\/li>\n<li>\u00e9vitez l\u2019autoroute A62, entre Bordeaux et Toulouse, de 13h \u00e0 21h.<\/li>\n<\/ul>\n<p> <img decoding=\"async\" src=\"https:\/\/www.europesays.com\/fr\/wp-content\/uploads\/2025\/04\/laurent-lepsch.webp.webp\" alt=\"Laurent Lepsch\" width=\"120\" height=\"120\" class=\"visu-auteur\" loading=\"lazy\"\/><\/p>\n<p class=\"short-txt\"> Journaliste automobile digital depuis de nombreuses ann\u00e9es, j\u2019ai aussi un go\u00fbt prononc\u00e9 pour les sports m\u00e9caniques.<\/p>\n<p>  Publi\u00e9 le  06\/08\/2025 \u00e0 13:00  <\/p>\n","protected":false},"excerpt":{"rendered":"Nouvelle vague de grands d\u00e9parts en vacances d\u2019\u00e9t\u00e9 d\u00e8s ce vendredi en France. Bien entendu, la circulation sera&hellip;\n","protected":false},"author":2,"featured_media":300275,"comment_status":"","ping_status":"","sticky":false,"template":"","format":"standard","meta":{"footnotes":""},"categories":[1592],"tags":[1111,11,1777,674,1011,27,662,12,626,25,622],"class_list":{"0":"post-300274","1":"post","2":"type-post","3":"status-publish","4":"format-standard","5":"has-post-thumbnail","7":"category-ile-de-france","8":"tag-actu","9":"tag-actualites","10":"tag-eu","11":"tag-europe","12":"tag-fr","13":"tag-france","14":"tag-ile-de-france","15":"tag-news","16":"tag-paris","17":"tag-republique-francaise","18":"tag-toute-lu0027actualitu00e9"},"share_on_mastodon":{"url":"https:\/\/pubeurope.com\/@fr\/114981635609947751","error":""},"_links":{"self":[{"href":"https:\/\/www.europesays.com\/fr\/wp-json\/wp\/v2\/posts\/300274","targetHints":{"allow":["GET"]}}],"collection":[{"href":"https:\/\/www.europesays.com\/fr\/wp-json\/wp\/v2\/posts"}],"about":[{"href":"https:\/\/www.europesays.com\/fr\/wp-json\/wp\/v2\/types\/post"}],"author":[{"embeddable":true,"href":"https:\/\/www.europesays.com\/fr\/wp-json\/wp\/v2\/users\/2"}],"replies":[{"embeddable":true,"href":"https:\/\/www.europesays.com\/fr\/wp-json\/wp\/v2\/comments?post=300274"}],"version-history":[{"count":0,"href":"https:\/\/www.europesays.com\/fr\/wp-json\/wp\/v2\/posts\/300274\/revisions"}],"wp:featuredmedia":[{"embeddable":true,"href":"https:\/\/www.europesays.com\/fr\/wp-json\/wp\/v2\/media\/300275"}],"wp:attachment":[{"href":"https:\/\/www.europesays.com\/fr\/wp-json\/wp\/v2\/media?parent=300274"}],"wp:term":[{"taxonomy":"category","embeddable":true,"href":"https:\/\/www.europesays.com\/fr\/wp-json\/wp\/v2\/categories?post=300274"},{"taxonomy":"post_tag","embeddable":true,"href":"https:\/\/www.europesays.com\/fr\/wp-json\/wp\/v2\/tags?post=300274"}],"curies":[{"name":"wp","href":"https:\/\/api.w.org\/{rel}","templated":true}]}}