{"id":300278,"date":"2025-08-06T11:42:14","date_gmt":"2025-08-06T11:42:14","guid":{"rendered":"https:\/\/www.europesays.com\/fr\/300278\/"},"modified":"2025-08-06T11:42:14","modified_gmt":"2025-08-06T11:42:14","slug":"psg-cest-la-reprise-pour-les-parisiens","status":"publish","type":"post","link":"https:\/\/www.europesays.com\/fr\/300278\/","title":{"rendered":"PSG : C&rsquo;est la reprise pour les Parisiens"},"content":{"rendered":"<p>                        \tPubli\u00e9 le 6 ao\u00fbt 2025 \u00e0 09H23                        <\/p>\n<p>                            <a itemprop=\"url\" href=\"https:\/\/www.sport365.fr\/auteur\/axel\" class=\"author_url\" rel=\"nofollow noopener\" target=\"_blank\"><br \/>\n                                    Axel Allag<br \/>\n                                    <\/a>                        <\/p>\n<p itemprop=\"description\">\u00c0 une semaine du match face \u00e0 Tottenham en finale de la Supercoupe d\u2019Europe, le PSG reprend l\u2019entra\u00eenement ce mercredi au Campus de Poissy. <\/p>\n<p>Le PSG est le dernier club de Ligue 1 sur le chemin du retour \u00e0 l\u2019entra\u00eenement. C\u2019est ce mercredi que les joueurs dirig\u00e9s par Luis Enrique retrouvent le Campus de Poissy, un peu plus de quatre semaines apr\u00e8s la d\u00e9faite conc\u00e9d\u00e9e contre Chelsea en finale de la Coupe du monde des clubs (3-0) du c\u00f4t\u00e9 du MetLife Stadium dans le New Jersey. Comme relat\u00e9 par nos confr\u00e8res de RMC Sport, le groupe sera s\u00e9par\u00e9 en deux : le premier \u00e9tant pr\u00e9vu \u00e0 9 heures tandis que le deuxi\u00e8me sera attendu pour 14 heures, en d\u00e9but d\u2019apr\u00e8s-midi.<\/p>\n<p> La finale de la Supercoupe d\u2019Europe contre Tottenham va arriver tr\u00e8s vite <\/p>\n<p>Cette reprise sera l\u2019occasion de voir les joueurs pr\u00eat\u00e9s la saison pass\u00e9e, et qui pourraient s\u2019en aller durant le mercato estival, \u00e0 l\u2019image de Randal Kolo Muani et de Marco Asensio. Comme souvent lors des reprises, le programme sera assez l\u00e9ger, avec des pes\u00e9es, mais aussi une prise de sang et un test \u00e0 l\u2019effort, avant une s\u00e9ance qui s\u2019annonce peu intense. Dans les t\u00eates, forc\u00e9ment, viendra s\u2019immiscer la prochaine \u00e9ch\u00e9ance du PSG, dans une semaine \u00e0 peine, \u00e0 savoir la finale de la Supercoupe d\u2019Europe contre Tottenham (vainqueur de la Ligue Europa), pr\u00e9vue le mercredi 13 ao\u00fbt prochain \u00e0 Udine.<\/p>\n<p>La remise en route s\u2019annonce progressive pour un PSG qui aura sans doute du mal \u00e0 \u00eatre \u00e0 100% contre les Spurs qui, eux, ont repris il y a pr\u00e8s d\u2019un mois. La formation dirig\u00e9e par Thomas Frank ayant disput\u00e9 cinq matchs amicaux (deux victoires, trois matchs nuls) avant un ultime pr\u00e9vu contre le Bayern Munich, jeudi \u00e0 18h30 sur la pelouse de l\u2019Allianz Arena. Luis Enrique, lui, a envoy\u00e9 un programme individualis\u00e9 aux joueurs, en d\u00e9but de semaine derni\u00e8re, avec des indications sur de la course \u00e0 pied et du renforcement musculaire, selon nos confr\u00e8res de RMC Sport.<\/p>\n","protected":false},"excerpt":{"rendered":"Publi\u00e9 le 6 ao\u00fbt 2025 \u00e0 09H23 Axel Allag \u00c0 une semaine du match face \u00e0 Tottenham en&hellip;\n","protected":false},"author":2,"featured_media":300279,"comment_status":"","ping_status":"","sticky":false,"template":"","format":"standard","meta":{"footnotes":""},"categories":[1888],"tags":[1111,1928,11,1927,1777,674,1011,27,12,1926,626,1925,25],"class_list":{"0":"post-300278","1":"post","2":"type-post","3":"status-publish","4":"format-standard","5":"has-post-thumbnail","7":"category-paris","8":"tag-actu","9":"tag-actu-paris","10":"tag-actualites","11":"tag-actualites-paris","12":"tag-eu","13":"tag-europe","14":"tag-fr","15":"tag-france","16":"tag-news","17":"tag-news-paris","18":"tag-paris","19":"tag-paris-news","20":"tag-republique-francaise"},"share_on_mastodon":{"url":"https:\/\/pubeurope.com\/@fr\/114981643554185529","error":""},"_links":{"self":[{"href":"https:\/\/www.europesays.com\/fr\/wp-json\/wp\/v2\/posts\/300278","targetHints":{"allow":["GET"]}}],"collection":[{"href":"https:\/\/www.europesays.com\/fr\/wp-json\/wp\/v2\/posts"}],"about":[{"href":"https:\/\/www.europesays.com\/fr\/wp-json\/wp\/v2\/types\/post"}],"author":[{"embeddable":true,"href":"https:\/\/www.europesays.com\/fr\/wp-json\/wp\/v2\/users\/2"}],"replies":[{"embeddable":true,"href":"https:\/\/www.europesays.com\/fr\/wp-json\/wp\/v2\/comments?post=300278"}],"version-history":[{"count":0,"href":"https:\/\/www.europesays.com\/fr\/wp-json\/wp\/v2\/posts\/300278\/revisions"}],"wp:featuredmedia":[{"embeddable":true,"href":"https:\/\/www.europesays.com\/fr\/wp-json\/wp\/v2\/media\/300279"}],"wp:attachment":[{"href":"https:\/\/www.europesays.com\/fr\/wp-json\/wp\/v2\/media?parent=300278"}],"wp:term":[{"taxonomy":"category","embeddable":true,"href":"https:\/\/www.europesays.com\/fr\/wp-json\/wp\/v2\/categories?post=300278"},{"taxonomy":"post_tag","embeddable":true,"href":"https:\/\/www.europesays.com\/fr\/wp-json\/wp\/v2\/tags?post=300278"}],"curies":[{"name":"wp","href":"https:\/\/api.w.org\/{rel}","templated":true}]}}