{"id":300284,"date":"2025-08-06T11:45:11","date_gmt":"2025-08-06T11:45:11","guid":{"rendered":"https:\/\/www.europesays.com\/fr\/300284\/"},"modified":"2025-08-06T11:45:11","modified_gmt":"2025-08-06T11:45:11","slug":"la-prise-de-tchassiv-yar-par-les-russes-changerait-elle-la-donne-sur-le-front","status":"publish","type":"post","link":"https:\/\/www.europesays.com\/fr\/300284\/","title":{"rendered":"la prise de Tchassiv Yar par les Russes changerait-elle la donne sur le front ?"},"content":{"rendered":"<p>Apr\u00e8s deux ans de combats, la chute de ce verrou du Donbass aux mains de l\u2019arm\u00e9e russe ne serait plus qu\u2019une question de jours.<\/p>\n<p class=\"fig-paragraph\">Moscou a annonc\u00e9, le 31 juillet, avoir conquis Tchassiv Yar, une bourgade de 14 000 habitants situ\u00e9e \u00e0 11 km \u00e0 l\u2019est de la ville Bakhmout, dans l\u2019Oblast de Donetsk. Le commandement ukrainien d\u00e9ment la prise totale de la ville, mais un rapport de\u00a0<a href=\"https:\/\/www.understandingwar.org\/backgrounder\/ukraine-conflict-updates\" target=\"_blank\" rel=\"sponsored noopener\" data-gtm-custom-categorie=\"navigation\" data-gtm-custom-action=\"crossclick\" data-gtm-custom-label=\"Contextuel\" data-gtm-event=\"customEventSPE\">l\u2019Institute for the Study of War (ISW)<\/a>\u00a0estime que les forces russes en contr\u00f4lent la majeure partie et que sa chute aux mains de l\u2019arm\u00e9e russe pourrait intervenir dans les prochains jours.<\/p>\n<p class=\"fig-paragraph\">Bakhmout avait \u00e9t\u00e9 prise en 2023 apr\u00e8s 14 mois de combats et de nombreuses exactions commises par les combattants russes. Il a ensuite fallu 26 mois aux forces russes pour avancer de 11 km vers l\u2019ouest et entrer dans Tchassiv Yar. Selon l\u2019ISW, cette conqu\u00eate aura co\u00fbt\u00e9 la vie de 4 880 soldats russes.<\/p>\n<p>                                    <a class=\"fig-a11y-skip a11y-hidden\" href=\"#fig-a11y-skip-main-inarticle\"><br \/>\n        Passer la publicit\u00e9<br \/>\n    <\/a><\/p>\n<p class=\"fig-paragraph\">Ce d\u00e9veloppement s\u2019inscrit dans un processus lent mais continu d\u2019avanc\u00e9es de l\u2019arm\u00e9e russe, alors que les observateurs redoutent une offensive plus large ordonn\u00e9e par Moscou \u00e0 la faveur de l\u2019\u00e9t\u00e9. Selon une analyse de l\u2019AFP \u00e0 partir des donn\u00e9es vectorielles de l\u2019ISW et d\u00e9taill\u00e9e sur\u00a0<a href=\"https:\/\/legrandcontinent.eu\/fr\/2025\/08\/03\/depuis-le-debut-de-lannee-moscou-a-occupe-plus-de-2-500-km%c2%b2-en-ukraine-soit-trois-fois-plus-quen-2024\/\" target=\"_blank\" rel=\"sponsored noopener\" data-gtm-custom-categorie=\"navigation\" data-gtm-custom-action=\"crossclick\" data-gtm-custom-label=\"Contextuel\" data-gtm-event=\"customEventSPE\">le Grand Continent<\/a>, l\u2019arm\u00e9e russe aurait conquis plus de 2 500 km\u00b2 de territoire ukrainien depuis le d\u00e9but de l\u2019ann\u00e9e, soit trois fois plus qu\u2019\u00e0 la m\u00eame p\u00e9riode en 2024. L\u2019arm\u00e9e russe a gagn\u00e9 en moyenne 16,7 kilom\u00e8tres carr\u00e9s par jour sur les deux derni\u00e8res semaines de juillet.<\/p>\n<p class=\"fig-paragraph\">Si elle se confirmait, la chute de Tchassiv Yar placerait les forces russes dans une position strat\u00e9gique pour s\u2019attaquer \u00e0 la \u00abceinture\u00bb de villes fortifi\u00e9es qui constitue la colonne vert\u00e9brale de la d\u00e9fense ukrainienne dans l\u2019Oblast de Donetsk. La perte de cette ville pourrait entra\u00eener celle de Kostyantynivka et la fragilisation du front ukrainien en direction de Zaporijjia. Toutefois, selon l\u2019ISW et des blogueurs militaires russes, les troupes engag\u00e9es par Moscou ne seraient pas capables de s\u2019attaquer \u00e0 cette ceinture fortifi\u00e9e avant la fin de l\u2019ann\u00e9e 2025.<\/p>\n<p>Inqui\u00e9tudes \u00e0 Kiev<\/p>\n<p class=\"fig-paragraph\">Autour de Pokrovsk, plus au sud dans la r\u00e9gion de Donetsk, les troupes russes ont aussi captur\u00e9 quelques villages ukrainiens ces derniers jours. Ces avanc\u00e9es ne constituent pas une r\u00e9elle perc\u00e9e du front \u00e0 ce stade, mais\u00a0<a href=\"https:\/\/www.lefigaro.fr\/international\/ukraine-le-general-syrsky-un-nouveau-commandant-moins-populaire-a-la-tete-de-l-armee-20240209?msockid=0f4bb544b7f66ad01aeaa37bb6996b66\" target=\"_blank\" data-fig-type=\"NewsFlash\" rel=\"noopener\" data-gtm-custom-categorie=\"navigation\" data-gtm-custom-action=\"crossclick\" data-gtm-custom-label=\"Contextuel\" data-gtm-event=\"customEventSPE\" data-fig-domain=\"LEFIGARO\">le g\u00e9n\u00e9ral Oleksandr Syrskyi<\/a>, commandant en chef des forces arm\u00e9es ukrainiennes, consid\u00e8re les combats dans cette zone comme les plus intenses sur le front du Donbass.<\/p>\n<p class=\"fig-paragraph\">D\u2019apr\u00e8s les experts de l\u2019ISW, les objectifs du Kremlin restent de prendre le contr\u00f4le total des deux Oblasts de Donetsk et Louhansk, annex\u00e9s et partiellement occup\u00e9es par la Russie depuis 2014. Accessoirement, il s\u2019agit aussi d\u2019\u00e9loigner le plus possible les forces ukrainiennes de la fronti\u00e8re russe, et de les chasser des morceaux de territoire russe qu\u2019elles tiennent encore dans la r\u00e9gion de Koursk.<\/p>\n<p class=\"fig-paragraph\">Si, dans l\u2019ensemble, le front reste relativement stable, les avanc\u00e9es russes inqui\u00e8tent les responsables \u00e0 Kiev. Certaines sources y d\u00e9crivent un climat de pessimisme, aliment\u00e9 par le renversement du rapport de force\u00a0<a href=\"http:\/\/www.lefigaro.fr\/international\/2025-est-le-prologue-d-un-nouveau-type-de-guerre-quand-les-ukrainiens-pressent-l-europe-a-se-preparer-a-une-future-bataille-des-drones-20250806\" target=\"_blank\" data-fig-type=\"Article\" rel=\"noopener\" data-gtm-custom-categorie=\"navigation\" data-gtm-custom-action=\"crossclick\" data-gtm-custom-label=\"Contextuel\" data-gtm-event=\"customEventSPE\" data-fig-domain=\"LEFIGARO\">en mati\u00e8re de drones<\/a>, jusqu\u2019ici favorable \u00e0 l\u2019Ukraine, mais dans lequel le Kremlin a rattrap\u00e9 son retard, en particulier quantitatif. L\u2019arm\u00e9e ukrainienne a tout de m\u00eame prouv\u00e9 elle aussi ses capacit\u00e9s en frappant, le 1er juillet, un centre industriel russe \u00e0 Ijevsk, \u00e0 plus de 1000 kilom\u00e8tres du front, un mois apr\u00e8s\u00a0<a href=\"http:\/\/www.lefigaro.fr\/international\/operation-toile-d-araignee-les-ukrainiens-ont-ils-reussi-a-detruire-deux-avions-russes-de-detection-avancee-a-50-20250604\" target=\"_blank\" data-fig-type=\"NewsFlash\" rel=\"noopener\" data-gtm-custom-categorie=\"navigation\" data-gtm-custom-action=\"crossclick\" data-gtm-custom-label=\"Contextuel\" data-gtm-event=\"customEventSPE\" data-fig-domain=\"LEFIGARO\">l\u2019op\u00e9ration Spider Web<\/a>\u00a0qui avait vis\u00e9 des bases a\u00e9riennes russes tr\u00e8s en arri\u00e8re du front.<\/p>\n<p>                                    <a class=\"fig-a11y-skip a11y-hidden\" href=\"#fig-a11y-skip-main-inarticle_mtf\"><br \/>\n        Passer la publicit\u00e9<br \/>\n    <\/a><\/p>\n<p class=\"fig-paragraph\">Sur le long terme, la situation n\u2019appara\u00eet pas avantageuse pour Kiev, toujours en manque de recrues et de munitions occidentales. Le chercheur am\u00e9ricain Michael Kofman soulignait toutefois le 4 juillet sur la National Public Radio am\u00e9ricaine que, d\u2019un point de vue strat\u00e9gique, les avanc\u00e9es russes ne suffisaient pas \u00e0 remettre en question la capacit\u00e9 de l\u2019Ukraine \u00e0 r\u00e9sister \u00e0 l\u2019invasion.<\/p>\n","protected":false},"excerpt":{"rendered":"Apr\u00e8s deux ans de combats, la chute de ce verrou du Donbass aux mains de l\u2019arm\u00e9e russe ne&hellip;\n","protected":false},"author":2,"featured_media":300285,"comment_status":"","ping_status":"","sticky":false,"template":"","format":"standard","meta":{"footnotes":""},"categories":[1591],"tags":[11,1887,131,12,1885,1886,132],"class_list":{"0":"post-300284","1":"post","2":"type-post","3":"status-publish","4":"format-standard","5":"has-post-thumbnail","7":"category-russie","8":"tag-actualites","9":"tag-federation-de-russie","10":"tag-guerre-en-ukraine","11":"tag-news","12":"tag-russia","13":"tag-russian-federation","14":"tag-russie"},"share_on_mastodon":{"url":"https:\/\/pubeurope.com\/@fr\/114981655474112202","error":""},"_links":{"self":[{"href":"https:\/\/www.europesays.com\/fr\/wp-json\/wp\/v2\/posts\/300284","targetHints":{"allow":["GET"]}}],"collection":[{"href":"https:\/\/www.europesays.com\/fr\/wp-json\/wp\/v2\/posts"}],"about":[{"href":"https:\/\/www.europesays.com\/fr\/wp-json\/wp\/v2\/types\/post"}],"author":[{"embeddable":true,"href":"https:\/\/www.europesays.com\/fr\/wp-json\/wp\/v2\/users\/2"}],"replies":[{"embeddable":true,"href":"https:\/\/www.europesays.com\/fr\/wp-json\/wp\/v2\/comments?post=300284"}],"version-history":[{"count":0,"href":"https:\/\/www.europesays.com\/fr\/wp-json\/wp\/v2\/posts\/300284\/revisions"}],"wp:featuredmedia":[{"embeddable":true,"href":"https:\/\/www.europesays.com\/fr\/wp-json\/wp\/v2\/media\/300285"}],"wp:attachment":[{"href":"https:\/\/www.europesays.com\/fr\/wp-json\/wp\/v2\/media?parent=300284"}],"wp:term":[{"taxonomy":"category","embeddable":true,"href":"https:\/\/www.europesays.com\/fr\/wp-json\/wp\/v2\/categories?post=300284"},{"taxonomy":"post_tag","embeddable":true,"href":"https:\/\/www.europesays.com\/fr\/wp-json\/wp\/v2\/tags?post=300284"}],"curies":[{"name":"wp","href":"https:\/\/api.w.org\/{rel}","templated":true}]}}