{"id":300289,"date":"2025-08-06T11:48:15","date_gmt":"2025-08-06T11:48:15","guid":{"rendered":"https:\/\/www.europesays.com\/fr\/300289\/"},"modified":"2025-08-06T11:48:15","modified_gmt":"2025-08-06T11:48:15","slug":"un-jeune-anglais-recherche-pour-meurtre-au-royaume-uni-interpelle","status":"publish","type":"post","link":"https:\/\/www.europesays.com\/fr\/300289\/","title":{"rendered":"Un jeune Anglais recherch\u00e9 pour meurtre au Royaume-Uni interpell\u00e9"},"content":{"rendered":"<p>Il faisait l\u2019objet d\u2019un mandat d\u2019arr\u00eat des autorit\u00e9s britanniques. Un <a href=\"https:\/\/www.20minutes.fr\/dossier\/anglais\" class=\"color-ultramarine c-link\" target=\"_blank\" rel=\"noopener\">Anglais<\/a> de 22 ans, recherch\u00e9 pour <a href=\"https:\/\/www.20minutes.fr\/dossier\/meurtre\" class=\"color-ultramarine c-link\" target=\"_blank\" rel=\"noopener\">meurtre<\/a>, homicide involontaire et tentative de meurtre au <a href=\"https:\/\/www.20minutes.fr\/monde\/royaume-uni\/\" class=\"color-ultramarine c-link\" target=\"_blank\" rel=\"noopener\">Royaume-Uni<\/a>, a \u00e9t\u00e9 interpell\u00e9 le 30\u00a0juillet dernier \u00e0 <a href=\"https:\/\/www.20minutes.fr\/dossier\/niort\" class=\"color-ultramarine c-link\" target=\"_blank\" rel=\"noopener\">Niort<\/a> (Deux-S\u00e8vres), <a href=\"https:\/\/www.lanouvellerepublique.fr\/niort\/poursuivi-pour-meurtre-un-jeune-anglais-interpelle-a-niort-sera-remis-aux-autorites-britanniques-1754403659\" rel=\"nofollow noopener\" target=\"_blank\" class=\"color-ultramarine c-link\">r\u00e9v\u00e8le La Nouvelle R\u00e9publique<\/a>.<\/p>\n<p>En fuite depuis plus d\u2019un an, il se cachait manifestement en France, o\u00f9 il a \u00e9t\u00e9 interpell\u00e9 en possession de faux papiers. L\u2019individu a comparu mardi devant la chambre de l\u2019instruction de la cour d\u2019appel de Poitiers, qui a autoris\u00e9 sa remise aux autorit\u00e9s britanniques, <a href=\"https:\/\/www.francebleu.fr\/infos\/faits-divers-justice\/recherche-pour-meurtre-au-royaume-uni-il-est-interpelle-dans-les-deux-sevres-1757774\" rel=\"nofollow noopener\" target=\"_blank\" class=\"color-ultramarine c-link\">confirme Ici Poitou<\/a>. Il est incarc\u00e9r\u00e9 \u00e0 la prison de Vivonne en attendant son extradition.<\/p>\n","protected":false},"excerpt":{"rendered":"Il faisait l\u2019objet d\u2019un mandat d\u2019arr\u00eat des autorit\u00e9s britanniques. Un Anglais de 22 ans, recherch\u00e9 pour meurtre, homicide&hellip;\n","protected":false},"author":2,"featured_media":300290,"comment_status":"","ping_status":"","sticky":false,"template":"","format":"standard","meta":{"footnotes":""},"categories":[1588],"tags":[47,11,31908,2545,1067,1777,674,118,303,777,12,6752,2219,2220,473,1853,1851,1850,1852],"class_list":{"0":"post-300289","1":"post","2":"type-post","3":"status-publish","4":"format-standard","5":"has-post-thumbnail","7":"category-royaume-uni","8":"tag-actualite","9":"tag-actualites","10":"tag-cavale","11":"tag-deux-sevres","12":"tag-enquete","13":"tag-eu","14":"tag-europe","15":"tag-faits-divers","16":"tag-justice","17":"tag-meurtre","18":"tag-news","19":"tag-niort","20":"tag-nouvelle-aquitaine","21":"tag-poitou-charentes","22":"tag-royaume-uni","23":"tag-royaume-uni-de-grande-bretagne-et-dirlande-du-nord","24":"tag-uk","25":"tag-united-kingdom","26":"tag-united-kingdom-of-great-britain-and-northern-ireland"},"share_on_mastodon":{"url":"https:\/\/pubeurope.com\/@fr\/114981667052198001","error":""},"_links":{"self":[{"href":"https:\/\/www.europesays.com\/fr\/wp-json\/wp\/v2\/posts\/300289","targetHints":{"allow":["GET"]}}],"collection":[{"href":"https:\/\/www.europesays.com\/fr\/wp-json\/wp\/v2\/posts"}],"about":[{"href":"https:\/\/www.europesays.com\/fr\/wp-json\/wp\/v2\/types\/post"}],"author":[{"embeddable":true,"href":"https:\/\/www.europesays.com\/fr\/wp-json\/wp\/v2\/users\/2"}],"replies":[{"embeddable":true,"href":"https:\/\/www.europesays.com\/fr\/wp-json\/wp\/v2\/comments?post=300289"}],"version-history":[{"count":0,"href":"https:\/\/www.europesays.com\/fr\/wp-json\/wp\/v2\/posts\/300289\/revisions"}],"wp:featuredmedia":[{"embeddable":true,"href":"https:\/\/www.europesays.com\/fr\/wp-json\/wp\/v2\/media\/300290"}],"wp:attachment":[{"href":"https:\/\/www.europesays.com\/fr\/wp-json\/wp\/v2\/media?parent=300289"}],"wp:term":[{"taxonomy":"category","embeddable":true,"href":"https:\/\/www.europesays.com\/fr\/wp-json\/wp\/v2\/categories?post=300289"},{"taxonomy":"post_tag","embeddable":true,"href":"https:\/\/www.europesays.com\/fr\/wp-json\/wp\/v2\/tags?post=300289"}],"curies":[{"name":"wp","href":"https:\/\/api.w.org\/{rel}","templated":true}]}}