{"id":30029,"date":"2025-04-16T21:39:08","date_gmt":"2025-04-16T21:39:08","guid":{"rendered":"https:\/\/www.europesays.com\/fr\/30029\/"},"modified":"2025-04-16T21:39:08","modified_gmt":"2025-04-16T21:39:08","slug":"au-parc-monceau-paris-lache-les-chiens-liberation","status":"publish","type":"post","link":"https:\/\/www.europesays.com\/fr\/30029\/","title":{"rendered":"au parc Monceau, Paris l\u00e2che les chiens \u2013 Lib\u00e9ration"},"content":{"rendered":"<p class=\"sc-cPiKLX AiZTS text-element\">Au lever du lit et du soleil, les aboiements rompent avec le silence matinal de la capitale. Sur la pelouse du parc Monceau, une trentaine de chiens partagent leur balade du matin pour f\u00eater leur tout nouveau droit \u00e0 gambader sans laisse autour du cou. Un privil\u00e8ge qu\u2019ils auront sur leurs cong\u00e9n\u00e8res parisiens de 7 heures \u00e0 9 heures, tous les jours jusqu\u2019au 30 juin. Les quadrup\u00e8des doivent cette nouveaut\u00e9 au Monceau Dog club, un collectif local de 500 propri\u00e9taires, militant pour une meilleure consid\u00e9ration du <a href=\"https:\/\/www.liberation.fr\/lifestyle\/gastronomie\/on-a-teste-pour-vous-un-cafe-boulangerie-pour-chiens-20240802_K6SSJ4GAP5DC5ONOILWQSWEZRI\/\" rel=\"nofollow noopener\" target=\"_blank\">bien-\u00eatre animal<\/a> dans l\u2019espace public.<\/p>\n<p class=\"sc-cPiKLX AiZTS text-element\">A commencer, donc, par ces espaces verts et horaires am\u00e9nag\u00e9s, o\u00f9 les <a href=\"https:\/\/www.liberation.fr\/culture\/cinema\/le-proces-du-chien-de-laetitia-dosch-une-comedie-un-poil-absurde-20240910_YGBMGW4OIFAUJDKZ2TKL356IXM\/\" rel=\"nofollow noopener\" target=\"_blank\">amis des canid\u00e9s<\/a> du VIIIe arrondissement de Paris et du XVIIe voisin, peuvent les d\u00e9tacher en toute s\u00e9curit\u00e9 et l\u00e9galit\u00e9. Ce qui n\u2019\u00e9tait pas gagn\u00e9 au vu de la r\u00e9glementation de la ville de Paris, qui, jusqu\u2019en 2019, n\u2019acceptait les toutous que dans 16 % des espaces verts de la capitale. Depuis, les cl\u00f4tures ont boug\u00e9 : les 100 000 <a href=\"https:\/\/www.liberation.fr\/lifestyle\/presque-deux-fois-plus-de-chats-que-de-chiens-peuplent-paris-20250126_UVHSWXIMFFGQLOGXM36YKFCUDU\/\" rel=\"nofollow noopener\" target=\"_blank\">boules de poils de la capitale<\/a> ont acc\u00e8s aux espaces verts d\u00e9nu\u00e9s d\u2019aires de jeux pour<\/p>\n","protected":false},"excerpt":{"rendered":"Au lever du lit et du soleil, les aboiements rompent avec le silence matinal de la capitale. Sur&hellip;\n","protected":false},"author":2,"featured_media":30030,"comment_status":"","ping_status":"","sticky":false,"template":"","format":"standard","meta":{"footnotes":""},"categories":[1888],"tags":[1111,1928,11,1927,413,1777,674,1011,27,12,1926,626,1925,25],"class_list":{"0":"post-30029","1":"post","2":"type-post","3":"status-publish","4":"format-standard","5":"has-post-thumbnail","7":"category-paris","8":"tag-actu","9":"tag-actu-paris","10":"tag-actualites","11":"tag-actualites-paris","12":"tag-ca-va-mieux-lisant","13":"tag-eu","14":"tag-europe","15":"tag-fr","16":"tag-france","17":"tag-news","18":"tag-news-paris","19":"tag-paris","20":"tag-paris-news","21":"tag-republique-francaise"},"share_on_mastodon":{"url":"https:\/\/pubeurope.com\/@fr\/114349812185460011","error":""},"_links":{"self":[{"href":"https:\/\/www.europesays.com\/fr\/wp-json\/wp\/v2\/posts\/30029","targetHints":{"allow":["GET"]}}],"collection":[{"href":"https:\/\/www.europesays.com\/fr\/wp-json\/wp\/v2\/posts"}],"about":[{"href":"https:\/\/www.europesays.com\/fr\/wp-json\/wp\/v2\/types\/post"}],"author":[{"embeddable":true,"href":"https:\/\/www.europesays.com\/fr\/wp-json\/wp\/v2\/users\/2"}],"replies":[{"embeddable":true,"href":"https:\/\/www.europesays.com\/fr\/wp-json\/wp\/v2\/comments?post=30029"}],"version-history":[{"count":0,"href":"https:\/\/www.europesays.com\/fr\/wp-json\/wp\/v2\/posts\/30029\/revisions"}],"wp:featuredmedia":[{"embeddable":true,"href":"https:\/\/www.europesays.com\/fr\/wp-json\/wp\/v2\/media\/30030"}],"wp:attachment":[{"href":"https:\/\/www.europesays.com\/fr\/wp-json\/wp\/v2\/media?parent=30029"}],"wp:term":[{"taxonomy":"category","embeddable":true,"href":"https:\/\/www.europesays.com\/fr\/wp-json\/wp\/v2\/categories?post=30029"},{"taxonomy":"post_tag","embeddable":true,"href":"https:\/\/www.europesays.com\/fr\/wp-json\/wp\/v2\/tags?post=30029"}],"curies":[{"name":"wp","href":"https:\/\/api.w.org\/{rel}","templated":true}]}}