{"id":300291,"date":"2025-08-06T11:49:11","date_gmt":"2025-08-06T11:49:11","guid":{"rendered":"https:\/\/www.europesays.com\/fr\/300291\/"},"modified":"2025-08-06T11:49:11","modified_gmt":"2025-08-06T11:49:11","slug":"allemagne-les-commandes-industrielles-decoivent-avant-laccord-commercial-avec-trump-06-08-2025-a-1259","status":"publish","type":"post","link":"https:\/\/www.europesays.com\/fr\/300291\/","title":{"rendered":"Allemagne: les commandes industrielles d\u00e9\u00e7oivent avant l&rsquo;accord commercial avec Trump &#8211; 06\/08\/2025 \u00e0 12:59"},"content":{"rendered":"<p>        <img fetchpriority=\"high\" decoding=\"async\" src=\"https:\/\/www.europesays.com\/fr\/wp-content\/uploads\/2025\/08\/96517a2987c5a5dfedcc6152566714bf-760x534.jpg\" alt=\"( AFP \/ ODD ANDERSEN )\" loading=\"eager\" width=\"760\" height=\"534\" style=\"max-width: 100%!important; height: auto;\"\/><\/p>\n<p class=\"c-image-news__legend\">( AFP \/ ODD ANDERSEN )<\/p>\n<p>\n Les commandes industrielles en Allemagne ont de nouveau recul\u00e9 en juin, soulignant la fragilit\u00e9 de l&rsquo;industrie allemande expos\u00e9e aux tensions commerciales mondiales, selon des chiffres officiels publi\u00e9s mercredi.\n<\/p>\n<p>\n Cet indice clef pour le secteur manufacturier, pilier de l&rsquo;\u00e9conomie allemande, a baiss\u00e9 de 1,0% sur un mois, apr\u00e8s un recul r\u00e9vis\u00e9 \u00e0 -0,8% en mai, selon l&rsquo;office de statistiques Destatis.\n<\/p>\n<p>\n Les analystes de Factset tablaient sur un rebond de 1,3% en juin.\n<\/p>\n<p>\n S&rsquo;il s&rsquo;agit d&rsquo;une \u00ab\u00a0l\u00e9g\u00e8re d\u00e9ception\u00a0\u00bb, ces donn\u00e9es \u00ab\u00a0ne refl\u00e8tent pas encore les effets du compromis douanier \u2013 si l&rsquo;on peut l&rsquo;appeler ainsi \u2013 entre les \u00c9tats-Unis et l&rsquo;Union europ\u00e9enne\u00a0\u00bb arrach\u00e9 fin juillet, relativise Jens-Oliver Niklasch, \u00e9conomiste chez LBBW.\n<\/p>\n<p>\n \u00ab\u00a0Il faudra encore patienter deux ou trois mois\u00a0\u00bb pour en ressentir les effets, ajoute-t-il.\n<\/p>\n<p>\n Dans le d\u00e9tail, les commandes int\u00e9rieures ont progress\u00e9 de 2,2% et celles en provenance de la zone euro ont augment\u00e9 de 5,2%, tandis que celles venant du reste du monde ont chut\u00e9 de 7,8%, selon Destatis.\n<\/p>\n<p>\n La majorit\u00e9 des entreprises allemandes redoutent d\u00e9sormais de nouvelles entraves au commerce transatlantique, selon une enqu\u00eate de la chambre allemande de commerce et d&rsquo;industrie (DIHK) r\u00e9alis\u00e9e juste apr\u00e8s cet accord et publi\u00e9e mercredi.\n<\/p>\n<p>\n Il en ressort que seules 5% des entreprises voient un effet positif s&rsquo;en d\u00e9gager, 58% craignant au contraire des charges accrues. Cette proportion grimpe \u00e0 74% parmi les entreprises ayant des activit\u00e9s directes avec les \u00c9tats-Unis.\n<\/p>\n<p>\n Le minist\u00e8re allemand de l&rsquo;Economie affiche aussi son inqui\u00e9tude : \u00ab\u00a0Malgr\u00e9 une l\u00e9g\u00e8re am\u00e9lioration des perspectives d\u2019exportation en juillet, la hausse durable des droits de douane vers les \u00c9tats-Unis devrait freiner la demande \u00e9trang\u00e8re et peser sur l&rsquo;industrie\u00a0\u00bb, dit-il dans un communiqu\u00e9 mercredi.\n<\/p>\n<p>\n L&rsquo;Allemagne risque d&rsquo;\u00eatre la premi\u00e8re touch\u00e9e par une escalade douani\u00e8re, car son industrie d\u00e9pend fortement des exportations vers les \u00c9tats-Unis, notamment dans les secteurs automobile, chimique, pharmaceutique, sid\u00e9rurgique et des machines-outils.\n<\/p>\n<p>\n En comparaison trimestrielle, plus stable, les commandes re\u00e7ues au deuxi\u00e8me trimestre ont \u00e9t\u00e9 sup\u00e9rieures de 3,1% \u00e0 celles du premier trimestre, selon Destatis.\n<\/p>\n<p>\n Sur un an, les commandes industrielles allemandes ont progress\u00e9 de 0,8%.<\/p>\n","protected":false},"excerpt":{"rendered":"( AFP \/ ODD ANDERSEN ) Les commandes industrielles en Allemagne ont de nouveau recul\u00e9 en juin, soulignant&hellip;\n","protected":false},"author":2,"featured_media":300292,"comment_status":"","ping_status":"","sticky":false,"template":"","format":"standard","meta":{"footnotes":""},"categories":[1587],"tags":[400,11,672,398,408,1804,405,1805,1803,1777,674,1801,403,402,399,404,12,1802,401,406,407],"class_list":{"0":"post-300291","1":"post","2":"type-post","3":"status-publish","4":"format-standard","5":"has-post-thumbnail","7":"category-allemagne","8":"tag-action-cac-40","9":"tag-actualites","10":"tag-allemagne","11":"tag-bourse-de-paris","12":"tag-boursorama","13":"tag-bundesrepublik-deutschland","14":"tag-cotations","15":"tag-de","16":"tag-deutschland","17":"tag-eu","18":"tag-europe","19":"tag-germany","20":"tag-indices-devises","21":"tag-investir","22":"tag-investissement","23":"tag-marche-boursier","24":"tag-news","25":"tag-republique-federale-dallemagne","26":"tag-sicav","27":"tag-trackers","28":"tag-warrants"},"share_on_mastodon":{"url":"https:\/\/pubeurope.com\/@fr\/114981671092005593","error":""},"_links":{"self":[{"href":"https:\/\/www.europesays.com\/fr\/wp-json\/wp\/v2\/posts\/300291","targetHints":{"allow":["GET"]}}],"collection":[{"href":"https:\/\/www.europesays.com\/fr\/wp-json\/wp\/v2\/posts"}],"about":[{"href":"https:\/\/www.europesays.com\/fr\/wp-json\/wp\/v2\/types\/post"}],"author":[{"embeddable":true,"href":"https:\/\/www.europesays.com\/fr\/wp-json\/wp\/v2\/users\/2"}],"replies":[{"embeddable":true,"href":"https:\/\/www.europesays.com\/fr\/wp-json\/wp\/v2\/comments?post=300291"}],"version-history":[{"count":0,"href":"https:\/\/www.europesays.com\/fr\/wp-json\/wp\/v2\/posts\/300291\/revisions"}],"wp:featuredmedia":[{"embeddable":true,"href":"https:\/\/www.europesays.com\/fr\/wp-json\/wp\/v2\/media\/300292"}],"wp:attachment":[{"href":"https:\/\/www.europesays.com\/fr\/wp-json\/wp\/v2\/media?parent=300291"}],"wp:term":[{"taxonomy":"category","embeddable":true,"href":"https:\/\/www.europesays.com\/fr\/wp-json\/wp\/v2\/categories?post=300291"},{"taxonomy":"post_tag","embeddable":true,"href":"https:\/\/www.europesays.com\/fr\/wp-json\/wp\/v2\/tags?post=300291"}],"curies":[{"name":"wp","href":"https:\/\/api.w.org\/{rel}","templated":true}]}}