{"id":300306,"date":"2025-08-06T11:59:11","date_gmt":"2025-08-06T11:59:11","guid":{"rendered":"https:\/\/www.europesays.com\/fr\/300306\/"},"modified":"2025-08-06T11:59:11","modified_gmt":"2025-08-06T11:59:11","slug":"villeurbanne-candidate-a-lorganisation-dun-tournoi-de-qualification-a-la-coupe-du-monde-2026-lequipe","status":"publish","type":"post","link":"https:\/\/www.europesays.com\/fr\/300306\/","title":{"rendered":"Villeurbanne candidate \u00e0 l&#039;organisation d&#039;un tournoi de qualification \u00e0 la Coupe du monde 2026 &#8211; L&#039;\u00c9quipe"},"content":{"rendered":"<ol>\n<li><a href=\"https:\/\/news.google.com\/rss\/articles\/CBMi2wFBVV95cUxNaEFqNGZaTll2aThFck1ReE5Gekl3N3Y4UDhOcXhmSDdyTGx0eVlyZllyWEFlc0RNUzVQU2d6bXgwRThneDRFcV9lOVR2NGYweUYxbmNvUHRuV2lxWUw4MUc1VWxTSXh3Y1ZuUVRMeGJhejZqZ2tBLTlyTkhpRFhZby1vMGhuYlpUYTl4LWlfMHRQTGE1d1k3OS1TX0JacnNMMlI2WEl5ZWtUZWJzb3UwLS1QWDE5N0VjWTZoN05QaG5nX29LSmZLbEt6Yng2ckNXeUwzRG44bDA4Q00?oc=5\" target=\"_blank\" rel=\"nofollow noopener\">Villeurbanne candidate \u00e0 l&rsquo;organisation d&rsquo;un tournoi de qualification \u00e0 la Coupe du monde 2026<\/a>&nbsp;&nbsp;L&rsquo;\u00c9quipe<\/li>\n<li><a href=\"https:\/\/news.google.com\/rss\/articles\/CBMivgFBVV95cUxQVmZTdnZWdXBBWDF4dFlhX1hFblVDTU1fbDlsSnFra1QtZ2xuQmFLSFF4bi1RTXRlcTFibE13YlY2N0l5RC1aWFVBWmlPN09yVXpqYUdYMkhESHJiVjFaOHlnalRjWExFMVh1YmUxeHM1RUtyNnFpV1lFcVhiSE5pNkI3YlEwdFIzSlpfVnY3a1hHWmN5eUVaMGg4MGdtalRRT2tURGRaS1hZSkswSVNkUTF5X2tMcm42QXRreG9B?oc=5\" target=\"_blank\" rel=\"nofollow noopener\">Basket. L\u2019Astroballe de Villeurbanne pourrait accueillir un tournoi de qualification au mondial f\u00e9minin<\/a>&nbsp;&nbsp;Le Progr\u00e8s<\/li>\n<li><a href=\"https:\/\/news.google.com\/rss\/articles\/CBMisgFBVV95cUxOZE5OZkpxaXlXRDR2cm1TZmVmY0hpaWJ5TkQ0QWhET2lpSDRXTFA1Z0N5TTR6SzlaSkdsQW93aHkyZ1czTTJCYXEyRmdZSzhFYXQwQXRlbmpRenpEdGQzUjF3d2FIWTZSZGx0WXdYVHBwdXVjeTZ2R3phNy12Mzk2SFlJd1hnZ1hVdGxmR2hoZFdyWjV6MlVQbGZ0SWFyYU5BUmNTR2hHRXgyYnhucnZseHVn?oc=5\" target=\"_blank\" rel=\"nofollow noopener\">La France officiellement candidate \u00e0 l\u2019accueil d\u2019un tournoi de qualif\u2019 pour le Mondial 2026<\/a>&nbsp;&nbsp;BeBasket<\/li>\n<li><a href=\"https:\/\/news.google.com\/rss\/articles\/CBMiygFBVV95cUxPUlBOcTVEa0ZXSUNoRkxVMUNVQ2trOEFxOXRMbzFxRTlacDdGbVJ2V3o1VGxacUg2YkxuMTdrVjJDR0Y2Y3VLOUE2Sng0dENPWVBtbXJtU1dsZXZnNml1b1BVUlFHVERwZXh4V0VWczdyVlYzcTJ5SWt3RlVra3J6a3NDb3Zuam92SUx0ZVBsVXhDampyNWd6R01iaHlHN3dIakJoYmtKd3lvak1tVk9oWVpwSWtZTzJfQzN1djhMWFVNSUhVeDBMT1ZB?oc=5\" target=\"_blank\" rel=\"nofollow noopener\">Villeurbanne pourrait accueillir l&rsquo;un des tournois de qualification \u00e0 la Coupe du Monde f\u00e9minine 2026<\/a>&nbsp;&nbsp;BasketEurope.com<\/li>\n<li><a href=\"https:\/\/news.google.com\/rss\/articles\/CBMieEFVX3lxTE8xcmJzaVk0TEY5UGdMQ2xHSzRIM2tNa0ZCVTYwZFFqNmEyWmdkam5LQ3E2bjR6NzZWYk5uZHNPallwSmJmclAtNElUTkJVMWFhak5abzBuSi01MThoTG15NHlJU2IwSTZnMUxVbTdtNDZRa1dycDN4cg?oc=5\" target=\"_blank\" rel=\"nofollow noopener\">Basket : A d\u00e9faut du troph\u00e9e, le Mondial pour le Mali<\/a>&nbsp;&nbsp;Bamada.net<\/li>\n<\/ol>\n","protected":false},"excerpt":{"rendered":"Villeurbanne candidate \u00e0 l&rsquo;organisation d&rsquo;un tournoi de qualification \u00e0 la Coupe du monde 2026&nbsp;&nbsp;L&rsquo;\u00c9quipe Basket. L\u2019Astroballe de Villeurbanne&hellip;\n","protected":false},"author":2,"featured_media":300307,"comment_status":"","ping_status":"","sticky":false,"template":"","format":"standard","meta":{"footnotes":""},"categories":[1414],"tags":[1465,1464,1011,27,60],"class_list":{"0":"post-300306","1":"post","2":"type-post","3":"status-publish","4":"format-standard","5":"has-post-thumbnail","7":"category-basket","8":"tag-basket","9":"tag-basketball","10":"tag-fr","11":"tag-france","12":"tag-sports"},"share_on_mastodon":{"url":"https:\/\/pubeurope.com\/@fr\/114981710425123018","error":""},"_links":{"self":[{"href":"https:\/\/www.europesays.com\/fr\/wp-json\/wp\/v2\/posts\/300306","targetHints":{"allow":["GET"]}}],"collection":[{"href":"https:\/\/www.europesays.com\/fr\/wp-json\/wp\/v2\/posts"}],"about":[{"href":"https:\/\/www.europesays.com\/fr\/wp-json\/wp\/v2\/types\/post"}],"author":[{"embeddable":true,"href":"https:\/\/www.europesays.com\/fr\/wp-json\/wp\/v2\/users\/2"}],"replies":[{"embeddable":true,"href":"https:\/\/www.europesays.com\/fr\/wp-json\/wp\/v2\/comments?post=300306"}],"version-history":[{"count":0,"href":"https:\/\/www.europesays.com\/fr\/wp-json\/wp\/v2\/posts\/300306\/revisions"}],"wp:featuredmedia":[{"embeddable":true,"href":"https:\/\/www.europesays.com\/fr\/wp-json\/wp\/v2\/media\/300307"}],"wp:attachment":[{"href":"https:\/\/www.europesays.com\/fr\/wp-json\/wp\/v2\/media?parent=300306"}],"wp:term":[{"taxonomy":"category","embeddable":true,"href":"https:\/\/www.europesays.com\/fr\/wp-json\/wp\/v2\/categories?post=300306"},{"taxonomy":"post_tag","embeddable":true,"href":"https:\/\/www.europesays.com\/fr\/wp-json\/wp\/v2\/tags?post=300306"}],"curies":[{"name":"wp","href":"https:\/\/api.w.org\/{rel}","templated":true}]}}