{"id":300316,"date":"2025-08-06T12:04:13","date_gmt":"2025-08-06T12:04:13","guid":{"rendered":"https:\/\/www.europesays.com\/fr\/300316\/"},"modified":"2025-08-06T12:04:13","modified_gmt":"2025-08-06T12:04:13","slug":"louis-bertignac-sa-jeune-compagne-laetitia-affiche-son-corps-de-folie-en-bikini","status":"publish","type":"post","link":"https:\/\/www.europesays.com\/fr\/300316\/","title":{"rendered":"Louis Bertignac : sa jeune compagne, Laetitia, affiche son corps de folie en bikini"},"content":{"rendered":"<p>      R\u00e9sum\u00e9<\/p>\n<p>Louis Bertignac et sa compagne Laetitia partagent des moments estivaux en famille, illustrant leur complicit\u00e9 et s\u00e9r\u00e9nit\u00e9 malgr\u00e9 la diff\u00e9rence d\u2019\u00e2ge, \u00e0 travers des clich\u00e9s naturels et discrets.<\/p>\n<p>        Sommaire<\/p>\n<p>Depuis plusieurs ann\u00e9es, la relation entre <a href=\"https:\/\/www.public.fr\/louis-bertignac-nouvelle-tete-au-cote-de-son-amoureuse-de-34-ans-sa-cadette\" target=\"_blank\" rel=\"noopener\"><strong>Louis Bertignac<\/strong> et sa jeune compagne <strong>Laetitia<\/strong> <\/a>fait r\u00e9guli\u00e8rement l\u2019objet de commentaires sur leur diff\u00e9rence d\u2019\u00e2ge. Mais la complicit\u00e9 du couple et la s\u00e9r\u00e9nit\u00e9 qui se d\u00e9gagent de leur union semblent avoir balay\u00e9 les critiques. <\/p>\n<p>Cet \u00e9t\u00e9, ils ont continu\u00e9 \u00e0 \u00e9crire leur histoire au grand jour, notamment via une <strong>s\u00e9rie de photos estivales post\u00e9es par Laetitia sur Instagram<\/strong>, prises lors de leurs vacances de juillet en famille.<\/p>\n<p>Un shooting estival \u00e0 c\u0153ur ouvert<\/p>\n<p>Les photos post\u00e9es par Laetitia d\u00e9voilent des instants d\u2019insouciance : elle pose dans l\u2019eau turquoise au bord de la mer, parfois appuy\u00e9e sur un rocher, toujours souriante et naturelle. Sur un clich\u00e9, la jeune femme appara\u00eet moul\u00e9e dans un joli bikini bleu, en train de faire un ch\u00e2teau de sable. <\/p>\n<p>Les paysages du sud servent de toile de fond : sable, palmiers, ciel limpide\u2026 L\u2019ensemble forme une mosa\u00efque d\u2019\u00e9t\u00e9 l\u00e9ger et vrai.<\/p>\n<p>Sur les autres photos, on la voit aupr\u00e8s de ses amis, de son fils et de son amoureux, le chanteur Louis Bertignac. <\/p>\n<p>Un couple discr\u00e8tement soud\u00e9<\/p>\n<p>Louis Bertignac, figure embl\u00e9matique du rock fran\u00e7ais, appara\u00eet discr\u00e8tement en arri\u00e8re-plan sur certains clich\u00e9s ou dans les stories, compl\u00e9tant ce portrait estival sans en prendre le contr\u00f4le. Sa pr\u00e9sence est subtile, mais significative : un regard pos\u00e9 depuis la zone d\u2019ombre, un geste calme de complicit\u00e9, un clin d\u2019\u0153il captur\u00e9 entre deux images.<\/p>\n<p>Cette disposition de photos traduit une forme de compl\u00e9mentarit\u00e9 : Le rockeur pr\u00e9f\u00e8re laisser le devant de la sc\u00e8ne \u00e0 sa compagne, qui incarne une jeunesse lumineuse. Ensemble, ils incarnent un duo discret et harmonieux. Ce choix volontaire d\u2019\u00e9quilibrer pr\u00e9sence et silence symbolise bien plus qu\u2019un couple : <a href=\"https:\/\/www.public.fr\/les-dernieres-volontes-de-louis-bertignac-devoilees-sa-moitie-plus-que-jamais-divisee\" target=\"_blank\" rel=\"noopener\">un partenariat fond\u00e9 sur le respect et la confiance et qui dure depuis des ann\u00e9es<\/a>. <\/p>\n<p>Des critiques d\u2019\u00e2ge balay\u00e9es par une pr\u00e9sence assum\u00e9e<\/p>\n<p>Depuis plusieurs ann\u00e9es, la diff\u00e9rence d\u2019\u00e2ge entre Louis Bertignac et Laetitia alimente les discussions. Pourtant, \u00e0 travers ces clich\u00e9s estivaux, ce n\u2019est pas l\u2019\u00e9cart des g\u00e9n\u00e9rations qui transpire, mais plut\u00f4t un \u00e9tat d\u2019esprit : celui d\u2019un couple \u00e9panoui et sinc\u00e8re.<\/p>\n<p>Le contraste entre l\u2019exp\u00e9rience du musicien et la vitalit\u00e9 rayonnante de sa compagne fonctionne avec une \u00e9tonnante douceur visuelle. On y per\u00e7oit une <strong>alchimie tranquille<\/strong>, o\u00f9 ni l\u2019un ni l\u2019autre ne cherche \u00e0 imposer sa jeunesse ni son anciennet\u00e9.<\/p>\n<p>      Mentionn\u00e9s dans cet article<\/p>\n<p>      Sur le m\u00eame sujet<\/p>\n","protected":false},"excerpt":{"rendered":"R\u00e9sum\u00e9 Louis Bertignac et sa compagne Laetitia partagent des moments estivaux en famille, illustrant leur complicit\u00e9 et s\u00e9r\u00e9nit\u00e9&hellip;\n","protected":false},"author":2,"featured_media":300317,"comment_status":"","ping_status":"","sticky":false,"template":"","format":"standard","meta":{"footnotes":""},"categories":[1359],"tags":[58,59,1011,27,2440,21705,24404,973],"class_list":{"0":"post-300316","1":"post","2":"type-post","3":"status-publish","4":"format-standard","5":"has-post-thumbnail","7":"category-people","8":"tag-divertissement","9":"tag-entertainment","10":"tag-fr","11":"tag-france","12":"tag-instagram","13":"tag-louis-bertignac","14":"tag-maillot-de-bain","15":"tag-people"},"share_on_mastodon":{"url":"https:\/\/pubeurope.com\/@fr\/114981730042799660","error":""},"_links":{"self":[{"href":"https:\/\/www.europesays.com\/fr\/wp-json\/wp\/v2\/posts\/300316","targetHints":{"allow":["GET"]}}],"collection":[{"href":"https:\/\/www.europesays.com\/fr\/wp-json\/wp\/v2\/posts"}],"about":[{"href":"https:\/\/www.europesays.com\/fr\/wp-json\/wp\/v2\/types\/post"}],"author":[{"embeddable":true,"href":"https:\/\/www.europesays.com\/fr\/wp-json\/wp\/v2\/users\/2"}],"replies":[{"embeddable":true,"href":"https:\/\/www.europesays.com\/fr\/wp-json\/wp\/v2\/comments?post=300316"}],"version-history":[{"count":0,"href":"https:\/\/www.europesays.com\/fr\/wp-json\/wp\/v2\/posts\/300316\/revisions"}],"wp:featuredmedia":[{"embeddable":true,"href":"https:\/\/www.europesays.com\/fr\/wp-json\/wp\/v2\/media\/300317"}],"wp:attachment":[{"href":"https:\/\/www.europesays.com\/fr\/wp-json\/wp\/v2\/media?parent=300316"}],"wp:term":[{"taxonomy":"category","embeddable":true,"href":"https:\/\/www.europesays.com\/fr\/wp-json\/wp\/v2\/categories?post=300316"},{"taxonomy":"post_tag","embeddable":true,"href":"https:\/\/www.europesays.com\/fr\/wp-json\/wp\/v2\/tags?post=300316"}],"curies":[{"name":"wp","href":"https:\/\/api.w.org\/{rel}","templated":true}]}}