{"id":300318,"date":"2025-08-06T12:05:12","date_gmt":"2025-08-06T12:05:12","guid":{"rendered":"https:\/\/www.europesays.com\/fr\/300318\/"},"modified":"2025-08-06T12:05:12","modified_gmt":"2025-08-06T12:05:12","slug":"bretagne-ce-peintre-de-perros-guirec-tire-de-loubli-a-lhonneur-a-saint-brieuc","status":"publish","type":"post","link":"https:\/\/www.europesays.com\/fr\/300318\/","title":{"rendered":"Bretagne. Ce peintre de Perros-Guirec tir\u00e9 de l&rsquo;oubli \u00e0 l&rsquo;honneur \u00e0 Saint-Brieuc"},"content":{"rendered":"<p>            Par<br \/>\n        <strong><br \/>\n            <a href=\"https:\/\/actu.fr\/auteur\/camille-larher\" title=\"Consulter tous les articles de Camille Larher\" target=\"_blank\" rel=\"noopener\">Camille Larher<\/a><br \/>\n        <\/strong><\/p>\n<p>        Publi\u00e9 le<\/p>\n<p>            6 ao\u00fbt 2025 \u00e0 7h02        <\/p>\n<p>Visage familier de<b> Perros-Guirec (C\u00f4tes-d\u2019Armor),<\/b> il avait peu expos\u00e9 de son vivant. Le peintre Marcel Le Toiser b\u00e9n\u00e9ficie d\u2019une belle occasion de se faire conna\u00eetre, hors des terres de son Tr\u00e9gor natal.<\/p>\n<p class=\" wall-content\">M\u00eame s\u2019il n\u2019est plus l\u00e0 aujourd\u2019hui pour en profiter, celle qu\u2019il consid\u00e9rait comme sa ni\u00e8ce par adoption, Janine Denmat, en \u00e9tait \u00e9mue, en juin dernier. Les <b>chemins de croix<\/b> que le peintre a r\u00e9alis\u00e9s pour l\u2019\u00e9glise Saint-Jacques de Perros-Guirec et celle de l\u2019\u00cele-Grande quittaient les murs froids de leur demeure pour un voyage de quelques mois en pleine lumi\u00e8re, \u00e0 la <a href=\"https:\/\/saintbrieuc-treguier.catholique.fr\/maison-saint-yves\/\" target=\"_blank\" rel=\"noopener\">maison Saint-Yves<\/a> de Saint-Brieuc.<\/p>\n<p>Sublimer ses peintures<\/p>\n<p class=\" wall-content\">Le travail de Marcel Le Toiser a \u00e9t\u00e9 red\u00e9couvert il y a quelques ann\u00e9es. \u00ab<b> Un artiste oubli\u00e9<\/b>, sauf de quelques-uns \u00e0 Perros m\u00eame, qui r\u00e9veillent la m\u00e9moire, recueillent les souvenirs, rassemblent et photographies son \u0153uvre \u00bb, \u00e9crit, dans un ouvrage paru en 2023, Denise Delouche, professeure \u00e9m\u00e9rite de l\u2019universit\u00e9 de Rennes 2 et sp\u00e9cialiste dans l\u2019\u00e9tude des peintres de la Bretagne du XIXe si\u00e8cle \u00e0 aujourd\u2019hui. Elle veut sans doute parler de l\u2019amateur passionn\u00e9<b> Pierre Kerl\u00e9v\u00e9o<\/b>, qui signe la pr\u00e9face et dont les investigations ont permis d\u2019identifier 300 toiles, 200 dessins et 50 sculptures.<\/p>\n<p class=\" wall-content\">Le travail de promotion a pay\u00e9 : une cinquantaine d\u2019\u0153uvres du peintre perrosien sont visibles dans le b\u00e2timent dioc\u00e9sain briochin tout l\u2019\u00e9t\u00e9, depuis le 4 juillet et <b>jusqu\u2019au 27 septembre 2025.<\/b> Elles sont issues de collections priv\u00e9es \u2013 sauf les deux chemins de croix -, pr\u00eat\u00e9es pour l\u2019occasion.<\/p>\n<p class=\" wall-content\">L\u2019objectif de cette exposition est \u00ab de sublimer les peintures de Marcel Le Toiser \u00bb, soulignent Maud Hamoury et Bernadette Chevalier, de la maison Saint-Yves, responsables de la m\u00e9diath\u00e8que pour l\u2019une et des animations pour l\u2019autre.<\/p>\n<p>Une \u0153uvre pas assez mise en valeur<\/p>\n<p class=\" wall-content\">Selon Pierre Kerl\u00e9v\u00e9o, l\u2019\u0153uvre de Le Toiser n\u2019est pas suffisamment mise en valeur. D\u2019o\u00f9 une certaine \u00e9motion \u00e0 l\u2019heure de voir les chemins de croix emball\u00e9s, bien prot\u00e9g\u00e9s, quitter le Tr\u00e9gor.<\/p>\n<p class=\" wall-content\">\u00ab Son style tr\u00e8s personnel et reconnaissable \u00e9chappe \u00e0 tout classement \u00bb, relate un critique d\u2019art dans le Proven\u00e7al, le 2 d\u00e9cembre 1959. <b>Il a peu expos\u00e9<\/b> de son vivant : \u00e0 Aix-en-Provence en 1959 et 1962, une seule fois \u00e0 Paris \u00e0 la Maison de la Bretagne en 1962.<\/p>\n<p class=\" wall-content\">Un an apr\u00e8s sa mort, le 14 mai 1982, la Ville de Perros organise une expo-hommage au palais des congr\u00e8s. Une autre s\u2019est tenue au temple en 2021 et au presbyt\u00e8re de Tr\u00e9gastel en 2023.<\/p>\n<p class=\" wall-content\">La r\u00e9alisation des deux chemins de croix constitue son \u0153uvre majeure. Pour l\u2019\u00e9glise Saint-Jacques, c\u2019est le chanoine Le Floc\u2019h qui lui en fait la demande, en 1964. \u00ab Un cur\u00e9 \u00e0 coup s\u00fbr ouvert d\u2019esprit \u00bb, note Pierre Kerl\u00e9v\u00e9o. En effet, le style de Le Toiser est moderne avec ses grands aplats de mati\u00e8re picturale \u00e9paisse, \u00e9tal\u00e9e au couteau.<\/p>\n<p class=\" wall-content\">\u00ab Il se r\u00e9clamait du fauvisme, de Matisse, Derain, de Vlaminck pour ses ciels balay\u00e9s et de Friesz. La peinture doit crever le mur, affirmait-il \u00bb, peut-on lire dans l\u2019ouvrage Marcel Le Toiser, Un peintre \u00e0 Perros-Guirec, de Denise Delouche.<\/p>\n<p>    <img   decoding=\"async\" loading=\"lazy\" class=\"size-large\" src=\"https:\/\/www.europesays.com\/fr\/wp-content\/uploads\/2025\/08\/b84285f914586ac4285f91458d2528v-960x640.jpg\" alt=\"Le Toiser \u00e9glise Perros\" width=\"960\" height=\"640\"\/><br \/>\n    L\u2019un des chemins de croix a \u00e9t\u00e9 r\u00e9alis\u00e9 pour l\u2019\u00e9glise Saint-Jacques de Perros-Guirec. \u00a9Camille LarherUne 15e station<\/p>\n<p class=\" wall-content\">Pour r\u00e9aliser le chemin de croix de la cit\u00e9 des hortensias, l\u2019artiste se plonge dans les textes. \u00ab Ses notes nous r\u00e9v\u00e8lent comment il imagine la Passion, se projetant lui-m\u00eame presque physiquement dans les souffrances endur\u00e9es par un semblable \u00bb, d\u00e9crit la sp\u00e9cialiste des peintres bretons. Des notes et croquis en sont t\u00e9moins.<\/p>\n<p class=\" wall-content\">\u00ab C\u2019est l\u2019un des plus beaux chemins de croix de France \u2013 h\u00e9las sans \u00e9clairage ! \u00bb, rel\u00e8ve Pierre Kerl\u00e9v\u00e9o. En plus des 14 stations, Marcel Le Toiser s\u2019accorde l\u2019audace d\u2019en peindre une quinzi\u00e8me repr\u00e9sentant <b>la r\u00e9surrection du Christ<\/b> debout, les mains tendues vers l\u2019humanit\u00e9.<\/p>\n<p class=\" wall-content\">Probablement plus tardive, la commande du chemin de croix de l\u2019\u00e9glise Saint-Marc sur l\u2019\u00cele-Grande n\u2019est pas document\u00e9e. Le style est compl\u00e8tement diff\u00e9rent de celui de Saint-Jacques \u00e0 Perros. Il est plus na\u00eff et minimaliste, se concentrant sur les visages.<\/p>\n<p class=\" wall-content\">Janine Denmat se souvient avoir servi de mod\u00e8le pour le dessin d\u2019une main sur la station n\u00b06 du chemin de croix de Perros intitul\u00e9e Une femme essuie le visage de J\u00e9sus. Elle esp\u00e8re que le peintre, qui habitait tout pr\u00e8s de l\u2019\u00e9glise, sorte peu \u00e0 peu de l\u2019oubli. <b>\u00c0 ses c\u00f4t\u00e9s pendant six ans,<\/b> celle qui l\u2019a c\u00f4toy\u00e9 de pr\u00e8s est toujours tr\u00e8s attach\u00e9e \u00e0 faire (re) vivre son \u0153uvre.<\/p>\n<p>Exposition Marcel Le Toiser \u2013 Un peintre \u00e0 Perros-Guirec, jusqu\u2019au 27 septembre, \u00e0 la Maison Saint-Yves. Visite guid\u00e9e gratuite en pr\u00e9sence de Pierre Kerl\u00e9v\u00e9o mardi 12 ao\u00fbt \u00e0 16 h 30.<\/p>\n<p class=\" wall-content\">Suivez toute l\u2019actualit\u00e9 de vos villes et m\u00e9dias favoris en vous inscrivant \u00e0 <a href=\"https:\/\/moncompte.actu.fr\" title=\"D\u00e9couvez Mon Actu\" rel=\"nofollow noopener\" data-trk=\"{&quot;cta&quot;:{&quot;action&quot;:&quot;https:\\\/\\\/moncompte.actu.fr&quot;,&quot;category&quot;:&quot;mon compte&quot;,&quot;from&quot;:&quot;article footer&quot;,&quot;name&quot;:&quot;Mon actu&quot;,&quot;type&quot;:&quot;cta&quot;}}\" target=\"_blank\">Mon Actu<\/a>.<\/p>\n","protected":false},"excerpt":{"rendered":"Par Camille Larher Publi\u00e9 le 6 ao\u00fbt 2025 \u00e0 7h02 Visage familier de Perros-Guirec (C\u00f4tes-d\u2019Armor), il avait peu&hellip;\n","protected":false},"author":2,"featured_media":300319,"comment_status":"","ping_status":"","sticky":false,"template":"","format":"standard","meta":{"footnotes":""},"categories":[1358],"tags":[1348,1384,1385,40738,1386,58,59,1011,27,1652],"class_list":{"0":"post-300318","1":"post","2":"type-post","3":"status-publish","4":"format-standard","5":"has-post-thumbnail","7":"category-arts-et-design","8":"tag-arts","9":"tag-arts-and-design","10":"tag-arts-et-design","11":"tag-cote-de-granit-rose","12":"tag-design","13":"tag-divertissement","14":"tag-entertainment","15":"tag-fr","16":"tag-france","17":"tag-loisirs-culture"},"share_on_mastodon":{"url":"https:\/\/pubeurope.com\/@fr\/114981733925859543","error":""},"_links":{"self":[{"href":"https:\/\/www.europesays.com\/fr\/wp-json\/wp\/v2\/posts\/300318","targetHints":{"allow":["GET"]}}],"collection":[{"href":"https:\/\/www.europesays.com\/fr\/wp-json\/wp\/v2\/posts"}],"about":[{"href":"https:\/\/www.europesays.com\/fr\/wp-json\/wp\/v2\/types\/post"}],"author":[{"embeddable":true,"href":"https:\/\/www.europesays.com\/fr\/wp-json\/wp\/v2\/users\/2"}],"replies":[{"embeddable":true,"href":"https:\/\/www.europesays.com\/fr\/wp-json\/wp\/v2\/comments?post=300318"}],"version-history":[{"count":0,"href":"https:\/\/www.europesays.com\/fr\/wp-json\/wp\/v2\/posts\/300318\/revisions"}],"wp:featuredmedia":[{"embeddable":true,"href":"https:\/\/www.europesays.com\/fr\/wp-json\/wp\/v2\/media\/300319"}],"wp:attachment":[{"href":"https:\/\/www.europesays.com\/fr\/wp-json\/wp\/v2\/media?parent=300318"}],"wp:term":[{"taxonomy":"category","embeddable":true,"href":"https:\/\/www.europesays.com\/fr\/wp-json\/wp\/v2\/categories?post=300318"},{"taxonomy":"post_tag","embeddable":true,"href":"https:\/\/www.europesays.com\/fr\/wp-json\/wp\/v2\/tags?post=300318"}],"curies":[{"name":"wp","href":"https:\/\/api.w.org\/{rel}","templated":true}]}}