{"id":300320,"date":"2025-08-06T12:06:10","date_gmt":"2025-08-06T12:06:10","guid":{"rendered":"https:\/\/www.europesays.com\/fr\/300320\/"},"modified":"2025-08-06T12:06:10","modified_gmt":"2025-08-06T12:06:10","slug":"une-edition-du-hobbit-oubliee-fait-sensation-aux-encheres","status":"publish","type":"post","link":"https:\/\/www.europesays.com\/fr\/300320\/","title":{"rendered":"Une \u00e9dition du \u00abHobbit\u00bb oubli\u00e9e fait sensation aux ench\u00e8res"},"content":{"rendered":"<p><b>Une rare \u00e9dition originale de Le Hobbit, retrouv\u00e9e dans une maison \u00e0 Bristol, suscite un vif engouement parmi les collectionneurs. Imprim\u00e9e en 1937, cette premi\u00e8re \u00e9dition du c\u00e9l\u00e8bre roman de Tolkien atteint d\u00e9j\u00e0 23.000 livres aux ench\u00e8res.<br \/>\n<\/b><\/p>\n<p>Une premi\u00e8re \u00e9dition du Hobbit de l\u2019\u00e9crivain britannique Tolkien, d\u00e9couverte par hasard lors du d\u00e9barras d\u2019une maison \u00e0 Bristol en Angleterre, doit \u00eatre vendue aux ench\u00e8res mercredi soir, a annonc\u00e9 la maison de ventes.<br \/>L\u2019estimation de d\u00e9part avait \u00e9t\u00e9 \u00e9tablie \u00e0 10.000 livres (environ 11.500 euros) mais l\u2019ouvrage atteignait 23.000 livres (environ 26.400 euros) mercredi \u00e0 la mi-journ\u00e9e, lors de ces ench\u00e8res en ligne qui s\u2019ach\u00e8vent mercredi soir, selon la maison Auctioneum.<br \/>Il fait partie des quelque 1.500 exemplaires imprim\u00e9s en 1937, lors de la premi\u00e8re \u00e9dition de ce qui est devenu un bestseller mondial.<br \/>Le livre vient de la biblioth\u00e8que familiale d\u2019Hubert Priestley, un botaniste qui a \u00abprobablement\u00bb connu l\u2019auteur, selon Auctioneum.<br \/>\u00abPersonne ne savait que le livre se trouvait l\u00e0\u00bb, assure l\u2019experte Caitlin Riley, cit\u00e9e dans le communiqu\u00e9 de la maison des ventes. C\u2019est elle qui a fait l\u2019heureuse d\u00e9couverte dans la maison, lors d\u2019une op\u00e9ration de d\u00e9barras.<br \/>\u00abJe n\u2019en croyais pas mes yeux (&#8230;) c\u2019est une trouvaille d\u2019une raret\u00e9 inimaginable\u00bb, dit-elle.<br \/>Avec sa couverture vert p\u00e2le, le livre comprend des illustrations en noir et blanc de l\u2019auteur. Toutes les \u00e9ditions qui ont suivi disposent, elles, d\u2019illustrations en couleur, pr\u00e9cise Auctioneum.<br \/>Le Hobbit, voulu \u00e0 la base comme un livre pour enfants, raconte les aventures de Bilbon Sacquet et d\u2019un groupe de nains, partis \u00e0 la reconqu\u00eate du royaume d\u2019Erebor et d\u2019un fabuleux tr\u00e9sor, tomb\u00e9s entre les griffes de Smaug, un dragon cracheur de feu.<br \/>En 2015, une \u00e9dition originale avec une d\u00e9dicace en langue elfique, avait \u00e9t\u00e9 vendue aux ench\u00e8res \u00e0 137.000 livres (187.000 euros), par Sotheby\u2019s \u00e0 Londres.<\/p>\n<p>Avec AFP<\/p>\n","protected":false},"excerpt":{"rendered":"Une rare \u00e9dition originale de Le Hobbit, retrouv\u00e9e dans une maison \u00e0 Bristol, suscite un vif engouement parmi&hellip;\n","protected":false},"author":2,"featured_media":300321,"comment_status":"","ping_status":"","sticky":false,"template":"","format":"standard","meta":{"footnotes":""},"categories":[1357],"tags":[1379,58,59,1011,27,1380],"class_list":{"0":"post-300320","1":"post","2":"type-post","3":"status-publish","4":"format-standard","5":"has-post-thumbnail","7":"category-livres","8":"tag-books","9":"tag-divertissement","10":"tag-entertainment","11":"tag-fr","12":"tag-france","13":"tag-livres"},"share_on_mastodon":{"url":"https:\/\/pubeurope.com\/@fr\/114981738063397870","error":""},"_links":{"self":[{"href":"https:\/\/www.europesays.com\/fr\/wp-json\/wp\/v2\/posts\/300320","targetHints":{"allow":["GET"]}}],"collection":[{"href":"https:\/\/www.europesays.com\/fr\/wp-json\/wp\/v2\/posts"}],"about":[{"href":"https:\/\/www.europesays.com\/fr\/wp-json\/wp\/v2\/types\/post"}],"author":[{"embeddable":true,"href":"https:\/\/www.europesays.com\/fr\/wp-json\/wp\/v2\/users\/2"}],"replies":[{"embeddable":true,"href":"https:\/\/www.europesays.com\/fr\/wp-json\/wp\/v2\/comments?post=300320"}],"version-history":[{"count":0,"href":"https:\/\/www.europesays.com\/fr\/wp-json\/wp\/v2\/posts\/300320\/revisions"}],"wp:featuredmedia":[{"embeddable":true,"href":"https:\/\/www.europesays.com\/fr\/wp-json\/wp\/v2\/media\/300321"}],"wp:attachment":[{"href":"https:\/\/www.europesays.com\/fr\/wp-json\/wp\/v2\/media?parent=300320"}],"wp:term":[{"taxonomy":"category","embeddable":true,"href":"https:\/\/www.europesays.com\/fr\/wp-json\/wp\/v2\/categories?post=300320"},{"taxonomy":"post_tag","embeddable":true,"href":"https:\/\/www.europesays.com\/fr\/wp-json\/wp\/v2\/tags?post=300320"}],"curies":[{"name":"wp","href":"https:\/\/api.w.org\/{rel}","templated":true}]}}