{"id":300322,"date":"2025-08-06T12:07:09","date_gmt":"2025-08-06T12:07:09","guid":{"rendered":"https:\/\/www.europesays.com\/fr\/300322\/"},"modified":"2025-08-06T12:07:09","modified_gmt":"2025-08-06T12:07:09","slug":"cest-effrayant-ce-que-cest-devenu-christophe-beaugrand-reagit-a-lhysterie-des-reseaux-sociaux-autour-de-secret-story","status":"publish","type":"post","link":"https:\/\/www.europesays.com\/fr\/300322\/","title":{"rendered":"C\u2019est effrayant ce que c\u2019est devenu\u00a0\u00bb : Christophe Beaugrand r\u00e9agit \u00e0 \u00ab\u00a0l\u2019hyst\u00e9rie\u00a0\u00bb des r\u00e9seaux sociaux autour de \u00ab\u00a0Secret Story"},"content":{"rendered":"<p>La suite apr\u00e8s la publicit\u00e9<\/p>\n<p>Le retour \u00e0 la r\u00e9alit\u00e9 a \u00e9t\u00e9 brutal pour Marianne et d&rsquo;autres candidats de \u00ab\u00a0Secret Story\u00a0\u00bb. Lanc\u00e9e le 10 juin dernier sur TF1, puis bascul\u00e9e sur TFX, <a href=\"https:\/\/www.ozap.com\/actu\/secret-story-2024-decouvrez-les-visages-des-14-candidats-de-la-saison-13-de-la-tele-realite-de-tf1\/650308\" rel=\"nofollow noopener\" target=\"_blank\">la saison 13 de la t\u00e9l\u00e9-r\u00e9alit\u00e9 d&rsquo;enfermement<\/a> conna\u00eetra son grand laur\u00e9at lors du prime diffus\u00e9 ce 7 ao\u00fbt. <a href=\"https:\/\/www.ozap.com\/actu\/secret-story-2025-qui-danita-ethan-noah-ou-romy-doit-etre-sacre-grand-gagnant-de-la-saison-13-repondez-a-notre-sondage\/651039\" rel=\"nofollow noopener\" target=\"_blank\">Ethan, Romy, Anita et Noah<\/a> pr\u00e9tendent encore \u00e0 la timbale, l\u00e0 o\u00f9 leurs anciens camarades ont pris connaissance de l&#8217;embrasement des r\u00e9seaux sociaux au sujet de leur exp\u00e9rience dans la maison des secrets. Une s\u00e9quence au cours de laquelle plusieurs candidats s&rsquo;\u00e9taient acharn\u00e9s contre Romy et Anita avait \u00e9t\u00e9 vilipend\u00e9e par les internautes, <a href=\"https:\/\/www.ozap.com\/actu\/des-mesures-disciplinaires-ou-si-necessaire-une-exclusion-du-jeu-les-candidats-de-secret-story-rappeles-a-lordre-apres-les-accusations-de-racisme-et-de-harcelement\/650601\" rel=\"nofollow noopener\" target=\"_blank\">qui y voyaient un acte de racisme<\/a>. Principale vis\u00e9e par cette campagne de cyberharc\u00e8lement, <a href=\"https:\/\/www.ozap.com\/actu\/jai-envie-de-mourir-candidate-de-secret-story-accusee-de-racisme-marianne-denonce-le-cyberharcelement-dont-elle-est-victime-et-met-en-cause-la-production\/650779\" rel=\"nofollow noopener\" target=\"_blank\">Marianne avait confi\u00e9 sa d\u00e9tresse psychologique<\/a> lors d&rsquo;une interview accord\u00e9e au blogueur Jeremstar, et avait \u00e9t\u00e9 plac\u00e9e en maison de repos, en accord avec la production du jeu.\u00a0<\/p>\n<p>\u00ab\u00a0Un Far West sans foi ni loi\u00a0\u00bb<\/p>\n<p><a href=\"https:\/\/www.ozap.com\/actu\/cette-mecanique-est-prevue-depuis-des-mois-christophe-beaugrand-justifie-la-double-elimination-choc-dans-secret-story-2025-sur-tfx\/650585\" rel=\"nofollow noopener\" target=\"_blank\">D\u00e9j\u00e0 contraint de r\u00e9agir en direct <\/a>pour faire une mise au point \u00e0 cette pol\u00e9mique, <a href=\"https:\/\/www.ozap.com\/personnalite\/christophe-beaugrand_e264366\" rel=\"nofollow noopener\" target=\"_blank\">Christophe Beaugrand<\/a> a \u00e9t\u00e9 interrog\u00e9 dans \u00ab\u00a0Le Club de l&rsquo;\u00e9t\u00e9\u00a0\u00bb de Roland Perez, ce mercredi 6 ao\u00fbt, sur l&rsquo;impact des r\u00e9seaux sociaux sur un tel programme. \u00ab\u00a0Je suis pr\u00e9sent sur les r\u00e9seaux sociaux quasiment depuis leur \u00e9mergence, et c&rsquo;est absolument passionnant ce que \u00e7a a pu apporter et c&rsquo;est absolument effrayant ce que c&rsquo;est devenu\u00a0\u00bb, d\u00e9plore l&rsquo;animateur, constern\u00e9 par le nivellement vers le bas des commentaires.\u00a0<\/p>\n<p>\u00ab\u00a0Il faut effectivement r\u00e9ussir \u00e0 se pr\u00e9munir sur ce qu&rsquo;il y a sur les r\u00e9seaux sociaux, prendre du recul et de la distance parce que les r\u00e9seaux sociaux sont un miroir grossissant et trompeur de ce que ressent le public\u00a0\u00bb, estime <a href=\"https:\/\/www.ozap.com\/actu\/audiences-bonjour-christophe-beaugrand-joker-de-bruce-toussaint-a-t-il-eu-un-effet-sur-les-scores-de-la-matinale-de-tf1\/644939\" rel=\"nofollow noopener\" target=\"_blank\">le joker de Bruce Toussaint dans \u00ab\u00a0Bonjour!\u00a0\u00bb<\/a>, s&rsquo;appuyant sur les \u00e9tudes marketing r\u00e9alis\u00e9es apr\u00e8s l&rsquo;\u00e9mission pour \u00e9tayer ses propos. \u00ab\u00a0Elles ne correspondent pas du tout aux critiques hyst\u00e9riques que l&rsquo;on peut parfois lire sur les r\u00e9seaux sociaux. Il y a \u00e0 boire et \u00e0 manger, et il faut savoir s&rsquo;appuyer sur les r\u00e9seaux et s&rsquo;en abstraire de temps en temps\u00a0\u00bb, conseille-t-il. Relanc\u00e9 sur le sujet, <a href=\"https:\/\/www.ozap.com\/actu\/des-attaques-inadmissibles-et-punissables-par-la-loi-la-production-de-star-academy-denonce-des-propos-haineux-contre-certains-eleves\/648094\" rel=\"nofollow noopener\" target=\"_blank\">d\u00e9j\u00e0 \u00e9voqu\u00e9 lors de la derni\u00e8re saison de la \u00ab\u00a0Star Academy\u00a0\u00bb<\/a>, Christophe Beaugrand d\u00e9douane les \u00e9missions et leur production de toute responsabilit\u00e9 : \u00ab\u00a0Je pense que le probl\u00e8me vient des r\u00e9seaux sociaux et non pas de nos programmes. Tant que les r\u00e9seaux sociaux resteront une sorte de Far West, sans foi ni loi, o\u00f9 l&rsquo;on peut \u00e9crire tout et n&rsquo;importe quoi sur les gens sans risquer quoi que ce soit, il y aura un vrai probl\u00e8me\u00a0\u00bb.<\/p>\n<p>A lire aussi : <a href=\"https:\/\/www.ozap.com\/actu\/ca-me-fait-rire-elimine-du-jeu-aimed-balaie-la-rumeur-de-ses-liens-supposes-avec-la-production-de-secret-story\/651046\" rel=\"nofollow noopener\" target=\"_blank\"><strong>\u00ab\u00a0\u00c7a me fait rire\u00a0\u00bb : \u00c9limin\u00e9 du jeu, A\u00efmed balaie la rumeur de ses liens suppos\u00e9s avec la production de \u00ab\u00a0Secret Story\u00a0\u00bb<\/strong><\/a><\/p>\n<p>Une premi\u00e8re mise au clair sur le cyberharc\u00e8lement<\/p>\n<p>Lors du prime du 10 juillet, le pr\u00e9sentateur de \u00ab\u00a0Secret Story\u00a0\u00bb \u00e9tait intervenu en direct pour apporter son soutien aux candidats victimes de cette vague de haine. \u00ab\u00a0On a pu observer, ces derniers jours, apr\u00e8s la sortie de certains candidats, dont Marianne la semaine derni\u00e8re, des propos insultants ou agressifs sur les r\u00e9seaux sociaux. Je tiens \u00e0 rappeler personnellement que\u00a0Secret Story\u00a0est un jeu\u00a0\u00bb, avait-il d\u00e9clar\u00e9, \u00e0 son nom mais aussi \u00e0 celui de la production. Avant de poursuivre\u00a0: \u00ab\u00a0Le cyberharc\u00e8lement est un d\u00e9lit puni par la loi et c\u2019est une question de respect, de bienveillance et de vivre ensemble. Nous condamnons fermement tous les mauvais comportements que nous avons pu observer sur les r\u00e9seaux sociaux\u00a0\u00bb.<\/p>\n","protected":false},"excerpt":{"rendered":"La suite apr\u00e8s la publicit\u00e9 Le retour \u00e0 la r\u00e9alit\u00e9 a \u00e9t\u00e9 brutal pour Marianne et d&rsquo;autres candidats&hellip;\n","protected":false},"author":2,"featured_media":300323,"comment_status":"","ping_status":"","sticky":false,"template":"","format":"standard","meta":{"footnotes":""},"categories":[1356],"tags":[58,59,1011,27,252,1364],"class_list":{"0":"post-300322","1":"post","2":"type-post","3":"status-publish","4":"format-standard","5":"has-post-thumbnail","7":"category-television","8":"tag-divertissement","9":"tag-entertainment","10":"tag-fr","11":"tag-france","12":"tag-television","13":"tag-tv"},"share_on_mastodon":{"url":"https:\/\/pubeurope.com\/@fr\/114981741878930702","error":""},"_links":{"self":[{"href":"https:\/\/www.europesays.com\/fr\/wp-json\/wp\/v2\/posts\/300322","targetHints":{"allow":["GET"]}}],"collection":[{"href":"https:\/\/www.europesays.com\/fr\/wp-json\/wp\/v2\/posts"}],"about":[{"href":"https:\/\/www.europesays.com\/fr\/wp-json\/wp\/v2\/types\/post"}],"author":[{"embeddable":true,"href":"https:\/\/www.europesays.com\/fr\/wp-json\/wp\/v2\/users\/2"}],"replies":[{"embeddable":true,"href":"https:\/\/www.europesays.com\/fr\/wp-json\/wp\/v2\/comments?post=300322"}],"version-history":[{"count":0,"href":"https:\/\/www.europesays.com\/fr\/wp-json\/wp\/v2\/posts\/300322\/revisions"}],"wp:featuredmedia":[{"embeddable":true,"href":"https:\/\/www.europesays.com\/fr\/wp-json\/wp\/v2\/media\/300323"}],"wp:attachment":[{"href":"https:\/\/www.europesays.com\/fr\/wp-json\/wp\/v2\/media?parent=300322"}],"wp:term":[{"taxonomy":"category","embeddable":true,"href":"https:\/\/www.europesays.com\/fr\/wp-json\/wp\/v2\/categories?post=300322"},{"taxonomy":"post_tag","embeddable":true,"href":"https:\/\/www.europesays.com\/fr\/wp-json\/wp\/v2\/tags?post=300322"}],"curies":[{"name":"wp","href":"https:\/\/api.w.org\/{rel}","templated":true}]}}