{"id":300324,"date":"2025-08-06T12:08:11","date_gmt":"2025-08-06T12:08:11","guid":{"rendered":"https:\/\/www.europesays.com\/fr\/300324\/"},"modified":"2025-08-06T12:08:11","modified_gmt":"2025-08-06T12:08:11","slug":"son-fils-de-11-mois-star-de-son-nouveau-clip-en-famille-avec-hailey","status":"publish","type":"post","link":"https:\/\/www.europesays.com\/fr\/300324\/","title":{"rendered":"son fils de 11 mois star de son nouveau clip en famille avec Hailey"},"content":{"rendered":"<p class=\"intro\">Ce mardi, Justin Bieber a d\u00e9voil\u00e9 le clip de sa chanson \u00ab\u00a0Yukon\u00a0\u00bb, extraite de son album \u00ab\u00a0SWAG\u00a0\u00bb. Un clip vid\u00e9o dans laquelle appara\u00eet son fils Jack, 11 mois, aux c\u00f4t\u00e9s d&rsquo;Hailey.<\/p>\n<p>C\u2019est une grande premi\u00e8re pour le petit\u00a0<a href=\"https:\/\/www.parismatch.com\/people\/hailey-et-justin-bieber-premiere-photo-de-leur-fils-jack-blues-243174\" rel=\"nofollow noopener\" target=\"_blank\">Jack Blues Bieber<\/a>. \u00c0 seulement 11 mois, le fils de Justin et Hailey Bieber a fait ses d\u00e9buts sous les cam\u00e9ras. Ce mardi 5\u00a0ao\u00fbt, Justin Bieber a d\u00e9voil\u00e9 le clip de sa chanson \u00ab\u00a0Yukon\u00a0\u00bb, extrait de son dernier album \u00ab\u00a0SWAG\u00a0\u00bb dans lequel apparaissent son \u00e9pouse Hailey et leur b\u00e9b\u00e9. Une vid\u00e9o en noir et blanc, mise en ligne sur Youtube, que le chanteur de 31\u00a0ans a partag\u00e9 sur Instagram et X. De quoi ravir ses fans en leur offrant un aper\u00e7u de sa vie de famille.<\/p>\n<p>Le clip vid\u00e9o met en avant une nouvelle facette de l\u2019artiste. On y d\u00e9couvre un <a href=\"https:\/\/www.parismatch.com\/bio\/justin-bieber\" rel=\"nofollow noopener\" target=\"_blank\">Justin Bieber<\/a> au regard tendre, tenant son fils sur ses genoux \u00e0 bord d\u2019un bateau. Jack, quant \u00e0 lui, fait quelques br\u00e8ves apparitions\u00a0: les jambes battant l\u2019eau, la petite main tendue vers la cam\u00e9ra, ou encore son papa qui embrasse affectueusement ses orteils. Mais que personne ne s\u2019emballe\u00a0: son visage n\u2019appara\u00eet jamais clairement. Le couple a une nouvelle fois choisi d&#8217;emp\u00eacher l&rsquo;identification de leur enfant, film\u00e9 uniquement de dos ou par fragments.<\/p>\n<p>    La suite apr\u00e8s cette publicit\u00e9<\/p>\n<p>Ce n\u2019est pourtant pas la premi\u00e8re fois que le petit gar\u00e7on se retrouve dans l\u2019univers musical de son p\u00e8re. Le 7\u00a0juillet dernier, Justin Bieber avait d\u00e9j\u00e0 partag\u00e9 des photos de Jack en studio avec lui, debout pr\u00e8s d\u2019une table basse lors d\u2019une session d\u2019improvisation, guitare en main.<\/p>\n<p>    La suite apr\u00e8s cette publicit\u00e9<\/p>\n<p>Une famille (re) unie<\/p>\n<p>Depuis plus de 10\u00a0ans, Justin et <a href=\"https:\/\/www.parismatch.com\/bio\/hailey-bieber\" rel=\"nofollow noopener\" target=\"_blank\">Hailey Bieber<\/a> filent le parfait amour. Du moins, c\u2019est le message qu\u2019ils veulent faire passer. Apr\u00e8s des semaines de rumeurs insistantes sur des tensions au sein du couple, relanc\u00e9es par <a href=\"https:\/\/www.parismatch.com\/People\/hailey-bieber-viree-a-new-york-sans-justin-bieber-et-sans-alliance-253127\" rel=\"nofollow noopener\" target=\"_blank\">l\u2019apparition d\u2019Hailey sans son alliance lors d\u2019une sortie \u00e0 New York<\/a>, les jeunes parents ont fait taire les sp\u00e9culations \u00e0 grand renfort de posts Instagram. Cet \u00e9t\u00e9, Justin Bieber a publi\u00e9 plusieurs photos romantiques avec sa femme, o\u00f9 le couple appara\u00eet en train de s\u2019enlacer et de s\u2019embrasser.<\/p>\n<p>    <img decoding=\"async\" src=\"https:\/\/www.europesays.com\/fr\/wp-content\/uploads\/2025\/08\/bestimage_00717821_000003.jpg\" alt=\"Justin Bieber avec son fils Jack Blues et sa femme Hailey dans son dernier videoclip intitul\u00e9 \" yukon=\"\" loading=\"lazy\"\/><\/p>\n<p>\n      Justin Bieber avec son fils Jack Blues et sa femme Hailey dans son dernier videoclip intitul\u00e9 \u00ab\u00a0Yukon\u00a0\u00bb<\/p>\n<p>                Backgrid UK\/ Bestimage<br \/>\n                      \/<br \/>\n                                \u00a9 Backgrid UK\/ Bestimage<\/p>\n<p>Mari\u00e9s civilement en 2018, apr\u00e8s s\u2019\u00eatre rencontr\u00e9s pour la premi\u00e8re fois en 2009 et mis en couple en 2016, les Bieber ont renouvel\u00e9 leurs v\u0153ux \u00e0 Hawa\u00ef en mai\u00a02024, quelques semaines avant <a href=\"https:\/\/www.parismatch.com\/people\/hailey-bieber-devoile-son-ventre-bien-arrondi-new-york-justin-ses-cotes-238849\" rel=\"nofollow noopener\" target=\"_blank\">d\u2019annoncer la grossesse d\u2019Hailey<\/a>. Trois mois plus tard, Jack Blues venait agrandir la famille.<\/p>\n","protected":false},"excerpt":{"rendered":"Ce mardi, Justin Bieber a d\u00e9voil\u00e9 le clip de sa chanson \u00ab\u00a0Yukon\u00a0\u00bb, extraite de son album \u00ab\u00a0SWAG\u00a0\u00bb. Un&hellip;\n","protected":false},"author":2,"featured_media":300325,"comment_status":"","ping_status":"","sticky":false,"template":"","format":"standard","meta":{"footnotes":""},"categories":[1355],"tags":[58,59,1011,27,1361,873],"class_list":{"0":"post-300324","1":"post","2":"type-post","3":"status-publish","4":"format-standard","5":"has-post-thumbnail","7":"category-musique","8":"tag-divertissement","9":"tag-entertainment","10":"tag-fr","11":"tag-france","12":"tag-music","13":"tag-musique"},"share_on_mastodon":{"url":"https:\/\/pubeurope.com\/@fr\/114981745868567956","error":""},"_links":{"self":[{"href":"https:\/\/www.europesays.com\/fr\/wp-json\/wp\/v2\/posts\/300324","targetHints":{"allow":["GET"]}}],"collection":[{"href":"https:\/\/www.europesays.com\/fr\/wp-json\/wp\/v2\/posts"}],"about":[{"href":"https:\/\/www.europesays.com\/fr\/wp-json\/wp\/v2\/types\/post"}],"author":[{"embeddable":true,"href":"https:\/\/www.europesays.com\/fr\/wp-json\/wp\/v2\/users\/2"}],"replies":[{"embeddable":true,"href":"https:\/\/www.europesays.com\/fr\/wp-json\/wp\/v2\/comments?post=300324"}],"version-history":[{"count":0,"href":"https:\/\/www.europesays.com\/fr\/wp-json\/wp\/v2\/posts\/300324\/revisions"}],"wp:featuredmedia":[{"embeddable":true,"href":"https:\/\/www.europesays.com\/fr\/wp-json\/wp\/v2\/media\/300325"}],"wp:attachment":[{"href":"https:\/\/www.europesays.com\/fr\/wp-json\/wp\/v2\/media?parent=300324"}],"wp:term":[{"taxonomy":"category","embeddable":true,"href":"https:\/\/www.europesays.com\/fr\/wp-json\/wp\/v2\/categories?post=300324"},{"taxonomy":"post_tag","embeddable":true,"href":"https:\/\/www.europesays.com\/fr\/wp-json\/wp\/v2\/tags?post=300324"}],"curies":[{"name":"wp","href":"https:\/\/api.w.org\/{rel}","templated":true}]}}