{"id":300326,"date":"2025-08-06T12:09:21","date_gmt":"2025-08-06T12:09:21","guid":{"rendered":"https:\/\/www.europesays.com\/fr\/300326\/"},"modified":"2025-08-06T12:09:21","modified_gmt":"2025-08-06T12:09:21","slug":"sony-annonce-un-nouveau-film-et-surprend-tout-le-monde","status":"publish","type":"post","link":"https:\/\/www.europesays.com\/fr\/300326\/","title":{"rendered":"Sony annonce un nouveau film et surprend tout le monde"},"content":{"rendered":"<p><strong>Alors que tous les regards sont tourn\u00e9s vers <a href=\"https:\/\/www.ecranlarge.com\/films\/1460751-untitled-spider-man-4\" data-type=\"films\" data-id=\"795194\" rel=\"nofollow noopener\" target=\"_blank\">Spider-Man 4 : Brand New Day<\/a> , un surprenant film d\u2019animation centr\u00e9 sur Spider-Punk, l\u2019un des personnages les plus radicaux du Spider-Verse, vient d\u2019\u00eatre annonc\u00e9<\/strong>.<\/p>\n<p>Du c\u00f4t\u00e9 de Marvel Studios, le prochain film <strong>Spider-Man<\/strong> est d\u00e9j\u00e0 l\u2019objet de toutes les attentions. <a href=\"https:\/\/www.ecranlarge.com\/films\/news\/spider-man-4-brand-new-day-teaser-personnages\" data-type=\"link\" data-id=\"https:\/\/www.ecranlarge.com\/films\/news\/spider-man-4-brand-new-day-teaser-personnages\" rel=\"nofollow noopener\" target=\"_blank\">Le casting de <strong>Spider-Man 4 : Brand New Day<\/strong> s\u2019annonce charg\u00e9<\/a>, avec un retour inattendu (Scorpion), des arriv\u00e9es lourdes de cons\u00e9quences (Hulk, Punisher), et, a priori, <a href=\"https:\/\/www.ecranlarge.com\/films\/news\/spider-man-4-mechant-mister-negative-ironheart-marvel\" data-type=\"link\" data-id=\"https:\/\/www.ecranlarge.com\/films\/news\/spider-man-4-mechant-mister-negative-ironheart-marvel\" rel=\"nofollow noopener\" target=\"_blank\">un nouveau m\u00e9chant surprenant <\/a>qui pourrait faire le lien avec d\u2019autres s\u00e9ries Marvel. Mais \u00e0 l\u2019ombre de ce mastodonte, Sony continue de creuser son sillon dans l\u2019univers anim\u00e9 du tisseur, seule portion du Spider-Verse que le studio semble encore ma\u00eetriser.<\/p>\n<p>Apr\u00e8s <a href=\"https:\/\/www.ecranlarge.com\/films\/news\/madame-web-dakota-johnson-faute-echec-sony\" data-type=\"post\" data-id=\"1315444\" rel=\"nofollow noopener\" target=\"_blank\">l\u2019\u00e9chec industriel de <strong>Madame Web<\/strong><\/a> et la descente aux enfers de <a href=\"https:\/\/www.ecranlarge.com\/films\/1339870-kraven-the-hunter\" data-type=\"link\" data-id=\"https:\/\/www.ecranlarge.com\/films\/1339870-kraven-the-hunter\" rel=\"nofollow noopener\" target=\"_blank\">Kraven<\/a>, la branche live-action du Sony\u2019s Spider-Man Universe (SSU) (le Spider-Verse sans Spider-Man) semble morte pour de bon. Pourtant, les it\u00e9rations anim\u00e9es de Spider-Man de Sony Pictures restent une manne pour le studio. Les deux premiers volets de <strong><a href=\"https:\/\/www.ecranlarge.com\/films\/1007314-spider-man-into-the-spider-verse\" data-type=\"films\" data-id=\"686638\" rel=\"nofollow noopener\" target=\"_blank\">Spider-Man New Generation<\/a><\/strong> ont \u00e9t\u00e9 d\u2019\u00e9normes cartons, Sony compte donc capitaliser dessus, d\u2019abord avec <a href=\"https:\/\/www.ecranlarge.com\/series\/spider-noir\" data-type=\"series\" data-id=\"1210829\" rel=\"nofollow noopener\" target=\"_blank\">la s\u00e9rie <strong>Spider Noir<\/strong><\/a>, et \u00e9galement <strong>avec un long-m\u00e9trage anim\u00e9 enti\u00e8rement consacr\u00e9 \u00e0 Spider-Punk,<\/strong> l\u2019un des personnages les plus marquants de <strong><a href=\"https:\/\/www.ecranlarge.com\/films\/1171356-spider-man-new-generation-2\" data-type=\"films\" data-id=\"689257\" rel=\"nofollow noopener\" target=\"_blank\">Across the Spider-Verse<\/a><\/strong>.<\/p>\n<p>                    <img decoding=\"async\" alt=\"\" class=\"wp-image-518375\" style=\"object-fit:cover;width:25px;height:25px\" src=\"https:\/\/www.ecranlarge.com\/content\/uploads\/2023\/09\/arrow-right-circle.svg\"\/><\/p>\n<p>Anarchy in the Spider-Man<\/p>\n<p>C\u2019est via <a class=\"\" href=\"https:\/\/deadline.com\/2025\/08\/spider-punk-animated-feature-daniel-kaluuya-ajon-singh-sony-1236478287\/\" target=\"_blank\" rel=\"noopener nofollow\">Deadline<\/a> que le projet a \u00e9t\u00e9 r\u00e9v\u00e9l\u00e9. L\u2019excellent <a href=\"https:\/\/www.ecranlarge.com\/personnalite\/748379-daniel-kaluuya\" data-type=\"people\" data-id=\"389325\" rel=\"nofollow noopener\" target=\"_blank\">Daniel Kaluuya<\/a> (<strong>Get Out, Nope<\/strong>), qui pr\u00eatait d\u00e9j\u00e0 sa voix au personnage de Spider-Man Punk dans <strong>Across the Spider-Verse<\/strong> reprendra ce r\u00f4le pour un film d\u2019animation enti\u00e8rement d\u00e9di\u00e9 \u00e0 Spider-Punk. Kaluuya produira \u00e9galement le film et sera \u00e0 l\u2019\u00e9criture aux c\u00f4t\u00e9s d\u2019<a href=\"https:\/\/www.ecranlarge.com\/personnalite\/ajon-singh\" data-type=\"people\" data-id=\"1328580\" rel=\"nofollow noopener\" target=\"_blank\">Ajon Singh<\/a> (\u00e9galement sc\u00e9nariste du futur film <strong>Primetime <\/strong>avec Robert Pattinson).<\/p>\n<p>Spider-Punk, de son vrai nom Hobie Brown, est n\u00e9 en 2014 sous la plume de Dan Slott et le crayon d\u2019Olivier Coipel. Version radicale et militante du h\u00e9ros new-yorkais, il incarne une lecture anarchiste, libertaire et franchement politique de Spider-Man. Dans son univers (Terre-138), Hobie est un ado sans-abri transform\u00e9 par une araign\u00e9e irradi\u00e9e par des d\u00e9chets toxiques. <\/p>\n<p>Arm\u00e9 de sa guitare, il m\u00e8ne la r\u00e9volte contre le pr\u00e9sident Norman \u00ab\u00a0Ozzy\u00a0\u00bb Osborn, v\u00e9ritable caricature d\u2019un capitalisme fascisant. Anti-h\u00e9ros stylis\u00e9, brutal, conscientis\u00e9, il tranche radicalement avec les figures plus traditionnelles et lisses de l\u2019univers Marvel.<\/p>\n<p><a href=\"https:\/\/www.ecranlarge.com\/content\/uploads\/2025\/08\/spider-punk-header.jpg\" rel=\"nofollow noopener\" target=\"_blank\"><\/p>\n<p><img loading=\"lazy\" decoding=\"async\" alt=\"\" src=\"https:\/\/www.europesays.com\/fr\/wp-content\/uploads\/2025\/08\/spider-punk-header-1260x630.jpg\" width=\"1260\" height=\"630\"  \/><\/p>\n<p><\/a>Nevermind the spider-bollocksSpider-Punk\u2019s not dead<\/p>\n<p>Son apparition dans <strong>Across the Spider-Verse<\/strong> avait marqu\u00e9 les esprits gr\u00e2ce \u00e0 son esth\u00e9tique unique. Stylis\u00e9 comme un collage punk en mouvement permanent, Spider-Punk avait instantan\u00e9ment gagn\u00e9 ses galons de personnage chouchou du public. Le personnage avait d\u00e9j\u00e0 eu les honneurs d\u2019un passage remarqu\u00e9 dans la s\u00e9rie anim\u00e9e Ultimate Spider-Man, o\u00f9 il \u00e9tait apparu avec un g\u00e9nial accent Cockney dans la VO. Cette version punk de Spidey avait aussi eu droit \u00e0 un joli clin d\u2019\u0153il dans le jeu <strong>Marvel\u2019s Spider-Man<\/strong>, o\u00f9 son costume \u00e9tait d\u00e9blocable.<\/p>\n<p>Reste que, malgr\u00e9 l\u2019amour que lui porte une part du public et des connaisseurs de l\u2019univers \u00e9tendu Marvel, l\u2019exercice de faire de Spider-Punk le h\u00e9ros d\u2019un film solo s\u2019annonce p\u00e9rilleux. Spider-Punk n\u2019est pas un personnage destin\u00e9 au consensus<strong>. Son univers dystopique, sa charge politique explicite, son esth\u00e9tique chaotique sont autant d\u2019\u00e9l\u00e9ments qui, mal g\u00e9r\u00e9s, peuvent vite virer au d\u00e9sastre opportuniste. <\/strong>D\u2019autre part, l\u2019animation du Spider-Verse a mis la barre tr\u00e8s haut, tant sur le plan visuel que narratif. Sans les talents de Phil Lord et Christopher Miller en pilotes du projet, on craint une adaptation trop sage et classique.<\/p>\n<p><img loading=\"lazy\" decoding=\"async\" width=\"1200\" height=\"630\" alt=\"\" src=\"https:\/\/www.europesays.com\/fr\/wp-content\/uploads\/2025\/08\/spider-punk-in-across-the-spider-verse.jpg\"  \/><\/p>\n<p>Une animation dingue<\/p>\n<p>Et puis, il y a la grande inconnue : le pourquoi ? Les spin-offs l\u2019univers Spider-Man version Sony tournent \u00e0 vide, et il n\u2019y a que les p\u00e9rip\u00e9ties de Miles Morales qui tiennent la route. Si Sony se lance dans des produits d\u00e9riv\u00e9s \u00e0 la cha\u00eene, inspir\u00e9s de toutes les figures marquantes de <strong>Spider-Man Across The Spider-Verse<\/strong>, on n\u2019est pas \u00e0 l\u2019abri de finir noy\u00e9 sous des tonnes de spin-offs d\u00e9c\u00e9r\u00e9br\u00e9s et sans \u00e2me. <\/p>\n<p>Mais ne soyons pas d\u00e9faitistes, si le film d\u2019animation Spider-Punk parvient \u00e0 maintenir l\u2019\u00e9nergie, l\u2019irr\u00e9v\u00e9rence et la densit\u00e9 visuelle de ses origines, il pourrait bien \u00eatre une vraie surprise. Mais si Sony se contente d\u2019une op\u00e9ration de branding \u00e0 peine d\u00e9guis\u00e9e, et que le punk devient un gentil petit rocker au grand c\u0153ur, il est bien possible que l\u2019univers \u00e9tendu anim\u00e9 Spider-Man de Sony file droit vers le m\u00eame sort que celui de ses films live (l\u2019oublie, les limbes, la damnation, au choix).<\/p>\n<p><strong>Beyond the Spider-Verse<\/strong>, le troisi\u00e8me volet des aventures de Miles Morales <strong>sortira (a priori) le 4 juin 2027<\/strong>. Avant \u00e7a, <strong>Spider-Noir\u00a0avec Nicolas Cage <\/strong>devrait arriver sur Prime Video en 2026. Quant au film d\u2019animation <strong>Spider-Punk<\/strong>, il n\u2019a aucune date de sortie.<\/p>\n","protected":false},"excerpt":{"rendered":"Alors que tous les regards sont tourn\u00e9s vers Spider-Man 4 : Brand New Day , un surprenant film&hellip;\n","protected":false},"author":2,"featured_media":300327,"comment_status":"","ping_status":"","sticky":false,"template":"","format":"standard","meta":{"footnotes":""},"categories":[1354],"tags":[58,59,1346,1011,27,1360],"class_list":{"0":"post-300326","1":"post","2":"type-post","3":"status-publish","4":"format-standard","5":"has-post-thumbnail","7":"category-films","8":"tag-divertissement","9":"tag-entertainment","10":"tag-films","11":"tag-fr","12":"tag-france","13":"tag-movies"},"share_on_mastodon":{"url":"https:\/\/pubeurope.com\/@fr\/114981749756461376","error":""},"_links":{"self":[{"href":"https:\/\/www.europesays.com\/fr\/wp-json\/wp\/v2\/posts\/300326","targetHints":{"allow":["GET"]}}],"collection":[{"href":"https:\/\/www.europesays.com\/fr\/wp-json\/wp\/v2\/posts"}],"about":[{"href":"https:\/\/www.europesays.com\/fr\/wp-json\/wp\/v2\/types\/post"}],"author":[{"embeddable":true,"href":"https:\/\/www.europesays.com\/fr\/wp-json\/wp\/v2\/users\/2"}],"replies":[{"embeddable":true,"href":"https:\/\/www.europesays.com\/fr\/wp-json\/wp\/v2\/comments?post=300326"}],"version-history":[{"count":0,"href":"https:\/\/www.europesays.com\/fr\/wp-json\/wp\/v2\/posts\/300326\/revisions"}],"wp:featuredmedia":[{"embeddable":true,"href":"https:\/\/www.europesays.com\/fr\/wp-json\/wp\/v2\/media\/300327"}],"wp:attachment":[{"href":"https:\/\/www.europesays.com\/fr\/wp-json\/wp\/v2\/media?parent=300326"}],"wp:term":[{"taxonomy":"category","embeddable":true,"href":"https:\/\/www.europesays.com\/fr\/wp-json\/wp\/v2\/categories?post=300326"},{"taxonomy":"post_tag","embeddable":true,"href":"https:\/\/www.europesays.com\/fr\/wp-json\/wp\/v2\/tags?post=300326"}],"curies":[{"name":"wp","href":"https:\/\/api.w.org\/{rel}","templated":true}]}}