{"id":300329,"date":"2025-08-06T12:11:10","date_gmt":"2025-08-06T12:11:10","guid":{"rendered":"https:\/\/www.europesays.com\/fr\/300329\/"},"modified":"2025-08-06T12:11:10","modified_gmt":"2025-08-06T12:11:10","slug":"abandonne-par-la-voiture-de-son-equipe-un-favori-perd-gros","status":"publish","type":"post","link":"https:\/\/www.europesays.com\/fr\/300329\/","title":{"rendered":"Abandonn\u00e9 par la voiture de son \u00e9quipe, un favori perd gros"},"content":{"rendered":"<p>Une erreur d\u2019appr\u00e9ciation qui co\u00fbte cher. Mardi, <a href=\"https:\/\/www.20minutes.fr\/sport\/cyclisme\/4166572-20250804-tour-guadeloupe-grosse-mascarade-deux-coureurs-pris-main-sac-train-tricher\" class=\"color-ultramarine c-link\" target=\"_blank\" rel=\"noopener\">sur la 4e \u00e9tape du Tour de la Guadeloupe<\/a>, Benjamin Le Ny, l\u2019un des favoris de l\u2019\u00e9preuve, s\u2019est retrouv\u00e9 livr\u00e9 \u00e0 lui-m\u00eame alors qu\u2019il venait d\u2019\u00eatre victime d\u2019un incident m\u00e9canique. La voiture de son \u00e9quipe, Cama CCD se trouvait \u00e0 l\u2019avant de la course, visiblement derri\u00e8re un des co\u00e9quipiers du leader pr\u00e9sent dans l\u2019\u00e9chapp\u00e9e, et n\u2019a donc pas pu pr\u00eater assistance \u00e0 Le Ny. Faute de voiture neutre dans les parages, un autre de ses co\u00e9quipiers s\u2019est finalement d\u00e9vou\u00e9 <a href=\"https:\/\/www.20minutes.fr\/sport\/cyclisme\/\" class=\"color-ultramarine c-link\" target=\"_blank\" rel=\"noopener\">pour faire demi-tour et lui donner son v\u00e9lo<\/a>, avant quoi les deux hommes avaient perdu de pr\u00e9cieuses secondes en s\u2019obstinant \u00e0 essayer de proc\u00e9der \u00e0 un simple \u00e9change de roue avant.<\/p>\n<p>Le Ny p\u00e9nalis\u00e9 pour abri prolong\u00e9 derri\u00e8re un v\u00e9hicule<\/p>\n<p>Bilan des op\u00e9rations, <a href=\"https:\/\/www.procyclingstats.com\/rider\/benjamin-le-ny\" target=\"_blank\" class=\"color-ultramarine c-link\" rel=\"noopener\">Benjamin Le Ny<\/a> s\u2019est retrouv\u00e9 distanc\u00e9 \u00e0 un tel point qu\u2019il a d\u00fb abuser de l\u2019aspiration dans le sillage des voitures pour rattraper son retard. Un d\u00e9tail qui n\u2019a pas \u00e9chapp\u00e9 aux commissaires, lesquels <a href=\"https:\/\/www.20minutes.fr\/sport\/cyclisme\/tour-de-france\/4165194-20250724-tour-france-2025-lenny-martinez-ecope-huit-points-penalite-bidon-colle-tres-discret\" class=\"color-ultramarine c-link\" target=\"_blank\" rel=\"noopener\">ont inflig\u00e9 une p\u00e9nalit\u00e9 d\u2019une minute au coureur malheureux<\/a>. Son directeur sportif a \u00e9galement \u00e9t\u00e9 p\u00e9nalis\u00e9.<\/p>\n<p>Deuxi\u00e8me du classement g\u00e9n\u00e9ral avant cet incident, le Fran\u00e7ais compte d\u00e9sormais plus d\u2019une minute de retard sur le leader du classement g\u00e9n\u00e9ral, alors que se profile l\u2019\u00e9tape reine du Tour de la Guadeloupe.<\/p>\n","protected":false},"excerpt":{"rendered":"Une erreur d\u2019appr\u00e9ciation qui co\u00fbte cher. Mardi, sur la 4e \u00e9tape du Tour de la Guadeloupe, Benjamin Le&hellip;\n","protected":false},"author":2,"featured_media":300330,"comment_status":"","ping_status":"","sticky":false,"template":"","format":"standard","meta":{"footnotes":""},"categories":[9],"tags":[207,1011,27,6142,6737,517,60,208],"class_list":{"0":"post-300329","1":"post","2":"type-post","3":"status-publish","4":"format-standard","5":"has-post-thumbnail","7":"category-sports","8":"tag-cyclisme","9":"tag-fr","10":"tag-france","11":"tag-guadeloupe","12":"tag-outremer","13":"tag-sport","14":"tag-sports","15":"tag-velo"},"share_on_mastodon":{"url":"https:\/\/pubeurope.com\/@fr\/114981757603090341","error":""},"_links":{"self":[{"href":"https:\/\/www.europesays.com\/fr\/wp-json\/wp\/v2\/posts\/300329","targetHints":{"allow":["GET"]}}],"collection":[{"href":"https:\/\/www.europesays.com\/fr\/wp-json\/wp\/v2\/posts"}],"about":[{"href":"https:\/\/www.europesays.com\/fr\/wp-json\/wp\/v2\/types\/post"}],"author":[{"embeddable":true,"href":"https:\/\/www.europesays.com\/fr\/wp-json\/wp\/v2\/users\/2"}],"replies":[{"embeddable":true,"href":"https:\/\/www.europesays.com\/fr\/wp-json\/wp\/v2\/comments?post=300329"}],"version-history":[{"count":0,"href":"https:\/\/www.europesays.com\/fr\/wp-json\/wp\/v2\/posts\/300329\/revisions"}],"wp:featuredmedia":[{"embeddable":true,"href":"https:\/\/www.europesays.com\/fr\/wp-json\/wp\/v2\/media\/300330"}],"wp:attachment":[{"href":"https:\/\/www.europesays.com\/fr\/wp-json\/wp\/v2\/media?parent=300329"}],"wp:term":[{"taxonomy":"category","embeddable":true,"href":"https:\/\/www.europesays.com\/fr\/wp-json\/wp\/v2\/categories?post=300329"},{"taxonomy":"post_tag","embeddable":true,"href":"https:\/\/www.europesays.com\/fr\/wp-json\/wp\/v2\/tags?post=300329"}],"curies":[{"name":"wp","href":"https:\/\/api.w.org\/{rel}","templated":true}]}}