{"id":300333,"date":"2025-08-06T12:13:14","date_gmt":"2025-08-06T12:13:14","guid":{"rendered":"https:\/\/www.europesays.com\/fr\/300333\/"},"modified":"2025-08-06T12:13:14","modified_gmt":"2025-08-06T12:13:14","slug":"on-connait-sans-doute-la-date-de-lancement-des-futurs-iphone-17","status":"publish","type":"post","link":"https:\/\/www.europesays.com\/fr\/300333\/","title":{"rendered":"On conna\u00eet (sans doute) la date de lancement des futurs iPhone\u00a017"},"content":{"rendered":"<p>Alors que la rentr\u00e9e approche doucement, Apple s\u2019appr\u00eate donc \u00e0 pr\u00e9senter ses nouveaux iPhone\u00a017. Et comme \u00e0 l\u2019accoutum\u00e9e, des rumeurs \u00e9voquent d\u00e9j\u00e0 une date de lancement possible\u00a0: le 9\u00a0septembre prochain.<\/p>\n<p><a href=\"https:\/\/images.frandroid.com\/wp-content\/uploads\/2024\/10\/concept-iphone-17-air-1.jpg\" target=\"_blank\" class=\"article-content__figure\" rel=\"noopener\"><img fetchpriority=\"high\" decoding=\"async\" loading=\"eager\" width=\"1200\" height=\"798\" src=\"https:\/\/www.europesays.com\/fr\/wp-content\/uploads\/2025\/08\/concept-iphone-17-air-1.jpg\" alt=\"\" class=\"wp-image-2585837 wp-image wp-image\"  \/><\/a>Cr\u00e9dit : MajinBuOfficial (Twitter\/X)<\/p>\n<p>Cela fait de tr\u00e8s nombreuses ann\u00e9es maintenant qu\u2019Apple tient sa fameuse \u00ab\u2009keynote\u2009\u00bb de lancement des iPhone en septembre et 2025 ne va pas \u00e9chapper \u00e0 la tradition. Si l\u2019on se doutait que le constructeur pr\u00e9parait quelque chose pour la rentr\u00e9e, de nouvelles infos quant \u00e0 la date pr\u00e9cise viennent d\u2019\u00e9merger et cela devrait se passer le mardi\u00a09\u00a0septembre.<\/p>\n<p>Cette rumeur nous vient <a href=\"https:\/\/www.iphone-ticker.de\/iphone-17-vorstellung-wohl-am-9-verkaufsstart-am-19-september-261445\/\" target=\"_blank\" rel=\"noreferrer noopener\">du site allemand iPhone-Ticker<\/a> qui a eu acc\u00e8s \u00e0 des documents internes venant d\u2019op\u00e9rateurs mobiles. Apple suivrait ensuite un calendrier de sortie assez classique.<\/p>\n<p>Une sortie officielle le 19 septembre<\/p>\n<p>Comme \u00e0 l\u2019accoutum\u00e9e, le constructeur ouvrirait ensuite les pr\u00e9commandes le vendredi suivant la keynote (soit le 12\u00a0septembre) et ferait arriver les appareils en magasin la semaine suivante (le vendredi\u00a019\u00a0septembre pr\u00e9cis\u00e9ment). Ce calendrier, s\u2019il est \u00e0 prendre avec des pincettes pour le moment, collerait parfaitement aux habitudes de la marque.<\/p>\n<p>Surtout que cette rumeur n\u2019est pas la premi\u00e8re \u00e0 \u00e9voquer un lancement d\u00e9but septembre. En juillet d\u00e9j\u00e0, <a href=\"https:\/\/www.bloomberg.com\/news\/newsletters\/2025-07-13\/is-apple-going-to-replace-ceo-tim-cook-who-is-the-next-ceo-of-apple-ternus-md1mhrj4\" target=\"_blank\" rel=\"noreferrer noopener\">Bloomberg \u00e9voquait un possible lancement la semaine du 8\u00a0septembre<\/a>. Apple ayant pour habitude de faire ses keynote le mardi, la date du 9 semble plus que plausible. Cela \u00e9viterait en plus de squatter l\u2019actualit\u00e9 un 11\u00a0septembre, date encore tabou aux \u00c9tats-Unis.<\/p>\n<p class=\"bottom-text\">                <a href=\"https:\/\/www.youtube.com\/watch?v=dG3S42XIC88\" target=\"_blank\" rel=\"noopener\">Lien YouTube<\/a>                                    <a href=\"https:\/\/www.youtube.com\/subscription_center?add_user=FrAndroidTube\" target=\"_blank\" rel=\"noopener\">S\u2019abonner \u00e0 Frandroid<\/a>                            <\/p>\n<p>                Ce contenu est bloqu\u00e9 car vous n\u2019avez pas accept\u00e9 les cookies et autres traceurs. Ce contenu est fourni par YouTube.<br \/>Pour pouvoir le visualiser, vous devez accepter l\u2019usage \u00e9tant op\u00e9r\u00e9 par YouTube avec vos donn\u00e9es qui pourront \u00eatre utilis\u00e9es pour les finalit\u00e9s suivantes : vous permettre de visualiser et de partager des contenus avec des m\u00e9dias sociaux, favoriser le d\u00e9veloppement et l\u2019am\u00e9lioration des produits d\u2019Humanoid et de ses partenaires, vous afficher des publicit\u00e9s personnalis\u00e9es par rapport \u00e0 votre profil et activit\u00e9, vous d\u00e9finir un profil publicitaire personnalis\u00e9, mesurer la performance des publicit\u00e9s et du contenu de ce site et mesurer l\u2019audience de ce site <a href=\"#\" class=\"js-privacy\" target=\"_blank\">(en savoir plus)<\/a>            <\/p>\n<p>                En cliquant sur \u00ab J\u2019accepte tout \u00bb, vous consentez aux finalit\u00e9s susmentionn\u00e9es pour l\u2019ensemble des cookies et autres traceurs d\u00e9pos\u00e9s par Humanoid et <a class=\"embed-consent-overlay-vendors-link\" href=\"#preferences-vendeurs\">ses partenaires<\/a>.            <\/p>\n<p>                Vous gardez la possibilit\u00e9 de retirer votre consentement \u00e0 tout moment. Pour plus d\u2019informations, nous vous invitons \u00e0 prendre connaissance de notre <a href=\"https:\/\/www.frandroid.com\/politique-cookies\" target=\"_blank\" rel=\"noopener\">Politique cookies<\/a>.            <\/p>\n<p>            J\u2019accepte tout        <\/p>\n<p class=\"embed-consent-overlay-manage-choices\">            <a href=\"#preferences-publicitaires\">G\u00e9rer mes choix<\/a>        <\/p>\n<p>Si vous attendez impatiemment les nouveaux mod\u00e8les de t\u00e9l\u00e9phone Apple, donc, il ne vous reste plus qu\u2019une grosse trentaine de jours \u00e0 poireauter. Viendra ensuite la traditionnelle chor\u00e9graphie de la pause de l\u2019Apple Store, de l\u2019ouverture des pr\u00e9commandes et des potentiels d\u00e9lais de livraison.<\/p>\n<p>Qu\u2019attendre de la keynote ?<\/p>\n<p>Pour rappel, Apple devrait profiter de cet \u00e9v\u00e8nement pour annoncer non seulement ses iPhone\u00a017 et 17 Pro, mais aussi <a href=\"https:\/\/www.frandroid.com\/produits-android\/smartphone\/2376262_iphone-17-air-ce-que-lon-sait-du-prochain-smartphone-ultrafin-dapple\" target=\"_blank\" rel=\"noopener\">l\u2019iPhone 17\u00a0Air qui viendrait prendre la place du mod\u00e8le \u00ab\u2009Plus\u2009\u00bb<\/a>, g\u00e9n\u00e9ralement assez peu populaire. Cela marquerait la premi\u00e8re fois depuis longtemps que l\u2019entreprise fait une entorse \u00e0 sa traditionnelle logique de gamme.<\/p>\n<p class=\"shortcode-container see-more\">\n    Pour aller plus loin<br \/><a href=\"https:\/\/www.frandroid.com\/marques\/apple\/2747113_le-prochain-iphone-dapple-a-peut-etre-ete-repere-dans-la-nature\" target=\"_blank\" rel=\"noopener\">Le prochain iPhone d\u2019Apple a peut-\u00eatre \u00e9t\u00e9 rep\u00e9r\u00e9 dans la nature<\/a>\n            <\/p>\n<p>La cuv\u00e9e\u00a02025 des t\u00e9l\u00e9phones pomm\u00e9e devrait aussi aborder un tout nouveau design, inaugurer la puce\u00a0A19 et sa d\u00e9clinaison Pro et \u00eatre les premiers appareils <a href=\"https:\/\/www.frandroid.com\/marques\/apple\/2744479_ios-26-en-beta-publique-voici-les-10-fonctionnalites-a-tester-qui-vont-vous-bluffer\" target=\"_blank\" rel=\"noopener\">\u00e0 embarquer nativement iOS\u00a026<\/a>. Quant aux prix, ils varieraient comme \u00e0 l\u2019accoutum\u00e9e entre 1000 et 2000\u00a0\u20ac selon les mod\u00e8les et les configurations choisies.<\/p>\n<p>Si vous voulez en savoir plus, n\u2019h\u00e9sitez pas <a href=\"https:\/\/www.frandroid.com\/marques\/apple\/2581183_iphone-17-et-17-pro-design-caracteristiques-fenetre-de-sortie-tout-ce-que-lon-sait-sur-la-gamme-2025-dapple\" target=\"_blank\" rel=\"noopener\">\u00e0 consulter notre article d\u00e9di\u00e9<\/a>.<\/p>\n<p>Envie de retrouver les meilleurs articles de Frandroid sur Google News ? Vous pouvez suivre <strong><a href=\"https:\/\/news.google.com\/publications\/CAAqBggKMICKMDCuyQU?oc=3\" target=\"_blank\" rel=\"noopener null noreferrer\">Frandroid sur Google News<\/a> en un clic.<\/strong><\/p>\n","protected":false},"excerpt":{"rendered":"Alors que la rentr\u00e9e approche doucement, Apple s\u2019appr\u00eate donc \u00e0 pr\u00e9senter ses nouveaux iPhone\u00a017. Et comme \u00e0 l\u2019accoutum\u00e9e,&hellip;\n","protected":false},"author":2,"featured_media":300334,"comment_status":"","ping_status":"","sticky":false,"template":"","format":"standard","meta":{"footnotes":""},"categories":[7],"tags":[12575,44070,1011,27,44071,6886,43,40,41,39,42,44],"class_list":{"0":"post-300333","1":"post","2":"type-post","3":"status-publish","4":"format-standard","5":"has-post-thumbnail","7":"category-sciences-et-technologies","8":"tag-apple-iphone-17","9":"tag-apple-keynote","10":"tag-fr","11":"tag-france","12":"tag-iphone-17-air","13":"tag-keynote","14":"tag-science","15":"tag-science-and-technology","16":"tag-sciences","17":"tag-sciences-et-technologies","18":"tag-technologies","19":"tag-technology"},"share_on_mastodon":{"url":"https:\/\/pubeurope.com\/@fr\/114981765402550881","error":""},"_links":{"self":[{"href":"https:\/\/www.europesays.com\/fr\/wp-json\/wp\/v2\/posts\/300333","targetHints":{"allow":["GET"]}}],"collection":[{"href":"https:\/\/www.europesays.com\/fr\/wp-json\/wp\/v2\/posts"}],"about":[{"href":"https:\/\/www.europesays.com\/fr\/wp-json\/wp\/v2\/types\/post"}],"author":[{"embeddable":true,"href":"https:\/\/www.europesays.com\/fr\/wp-json\/wp\/v2\/users\/2"}],"replies":[{"embeddable":true,"href":"https:\/\/www.europesays.com\/fr\/wp-json\/wp\/v2\/comments?post=300333"}],"version-history":[{"count":0,"href":"https:\/\/www.europesays.com\/fr\/wp-json\/wp\/v2\/posts\/300333\/revisions"}],"wp:featuredmedia":[{"embeddable":true,"href":"https:\/\/www.europesays.com\/fr\/wp-json\/wp\/v2\/media\/300334"}],"wp:attachment":[{"href":"https:\/\/www.europesays.com\/fr\/wp-json\/wp\/v2\/media?parent=300333"}],"wp:term":[{"taxonomy":"category","embeddable":true,"href":"https:\/\/www.europesays.com\/fr\/wp-json\/wp\/v2\/categories?post=300333"},{"taxonomy":"post_tag","embeddable":true,"href":"https:\/\/www.europesays.com\/fr\/wp-json\/wp\/v2\/tags?post=300333"}],"curies":[{"name":"wp","href":"https:\/\/api.w.org\/{rel}","templated":true}]}}