{"id":300347,"date":"2025-08-06T12:20:12","date_gmt":"2025-08-06T12:20:12","guid":{"rendered":"https:\/\/www.europesays.com\/fr\/300347\/"},"modified":"2025-08-06T12:20:12","modified_gmt":"2025-08-06T12:20:12","slug":"la-bergamotte-de-nancy-a-la-fois-douce-et-acide","status":"publish","type":"post","link":"https:\/\/www.europesays.com\/fr\/300347\/","title":{"rendered":"la Bergamotte de Nancy, \u00e0 la fois douce et acide"},"content":{"rendered":"<p>Pour d\u00e9guster les mythiques Bergamottes de Nancy, un passage dans <a href=\"https:\/\/www.estrepublicain.fr\/culture-loisirs\/2024\/01\/29\/l-histoire-de-la-biscuiterie-lefevre-lemoine-en-expo-a-la-mediatheque\" target=\"_blank\" rel=\"noopener\">la boutique Lef\u00e8vre-Lemoine<\/a> est obligatoire. V\u00e9ritable institution nanc\u00e9ienne, install\u00e9e depuis cinq g\u00e9n\u00e9rations, c\u2019est \u00e0 cette confiserie que l\u2019on doit le d\u00e9p\u00f4t de la marque de fabrique \u00ab\u00a0Bergamotte de Nancy\u00a0\u00bb. Et attention, ce petit bonbon s\u2019\u00e9crit bien avec deux \u00ab\u00a0t\u00a0\u00bb, contrairement au fruit qui est \u00e0 l\u2019origine du nom.<\/p>\n<p>Cet agrume, la bergamote, lui apporte un go\u00fbt \u00e0 la fois doux et acide. Une fois en bouche, la friandise fond lentement sur le palais, en lib\u00e9rant une saveur qui s\u2019apparente au citron. Les amateurs de sucre sont appel\u00e9s \u00e0 la d\u00e9guster au plus vite\u00a0! Et ce n\u2019est pas un hasard si la bo\u00eete aux tr\u00e9sors <a href=\"https:\/\/www.estrepublicain.fr\/culture-loisirs\/2024\/07\/28\/savez-vous-quels-liens-unissent-nancy-et-amelie-poulain-qui-vient-de-ressortir-au-cinema\" target=\"_blank\" rel=\"noopener\">du Fabuleux destin d\u2019Am\u00e9lie Poulain<\/a> \u00a0est celle de la confiserie Lef\u00e8vre-lemoine, car <a href=\"https:\/\/www.estrepublicain.fr\/culture-loisirs\/2023\/08\/11\/atelier-fabrication-de-la-bergamote\" target=\"_blank\" rel=\"noopener\">ce bonbon dor\u00e9<\/a> en est un\u2026<\/p>\n","protected":false},"excerpt":{"rendered":"Pour d\u00e9guster les mythiques Bergamottes de Nancy, un passage dans la boutique Lef\u00e8vre-Lemoine est obligatoire. V\u00e9ritable institution nanc\u00e9ienne,&hellip;\n","protected":false},"author":2,"featured_media":300348,"comment_status":"","ping_status":"","sticky":false,"template":"","format":"standard","meta":{"footnotes":""},"categories":[9635],"tags":[1111,11,1687,1707,1704,1706,1705,1777,674,1011,27,775,31022,6016,1702,1703,12,2661,25],"class_list":{"0":"post-300347","1":"post","2":"type-post","3":"status-publish","4":"format-standard","5":"has-post-thumbnail","7":"category-nancy","8":"tag-actu","9":"tag-actualites","10":"tag-culture-loisirs","11":"tag-edition-luneville","12":"tag-edition-nancy-et-agglomeration","13":"tag-edition-pont-a-mousson","14":"tag-edition-toul","15":"tag-eu","16":"tag-europe","17":"tag-fr","18":"tag-france","19":"tag-grand-est","20":"tag-le-guide-de-lete-lorraine","21":"tag-magazine-cuisine-et-vins","22":"tag-nancy","23":"tag-nancy-ville-54b","24":"tag-news","25":"tag-patrimoine-culturel","26":"tag-republique-francaise"},"share_on_mastodon":{"url":"https:\/\/pubeurope.com\/@fr\/114981792924726264","error":""},"_links":{"self":[{"href":"https:\/\/www.europesays.com\/fr\/wp-json\/wp\/v2\/posts\/300347","targetHints":{"allow":["GET"]}}],"collection":[{"href":"https:\/\/www.europesays.com\/fr\/wp-json\/wp\/v2\/posts"}],"about":[{"href":"https:\/\/www.europesays.com\/fr\/wp-json\/wp\/v2\/types\/post"}],"author":[{"embeddable":true,"href":"https:\/\/www.europesays.com\/fr\/wp-json\/wp\/v2\/users\/2"}],"replies":[{"embeddable":true,"href":"https:\/\/www.europesays.com\/fr\/wp-json\/wp\/v2\/comments?post=300347"}],"version-history":[{"count":0,"href":"https:\/\/www.europesays.com\/fr\/wp-json\/wp\/v2\/posts\/300347\/revisions"}],"wp:featuredmedia":[{"embeddable":true,"href":"https:\/\/www.europesays.com\/fr\/wp-json\/wp\/v2\/media\/300348"}],"wp:attachment":[{"href":"https:\/\/www.europesays.com\/fr\/wp-json\/wp\/v2\/media?parent=300347"}],"wp:term":[{"taxonomy":"category","embeddable":true,"href":"https:\/\/www.europesays.com\/fr\/wp-json\/wp\/v2\/categories?post=300347"},{"taxonomy":"post_tag","embeddable":true,"href":"https:\/\/www.europesays.com\/fr\/wp-json\/wp\/v2\/tags?post=300347"}],"curies":[{"name":"wp","href":"https:\/\/api.w.org\/{rel}","templated":true}]}}